{"id":665082,"date":"2026-01-15T10:13:15","date_gmt":"2026-01-15T10:13:15","guid":{"rendered":"https:\/\/www.europesays.com\/fr\/665082\/"},"modified":"2026-01-15T10:13:15","modified_gmt":"2026-01-15T10:13:15","slug":"informations-supporters-grenoble-red-star-fc","status":"publish","type":"post","link":"https:\/\/www.europesays.com\/fr\/665082\/","title":{"rendered":"INFORMATIONS SUPPORTERS : GRENOBLE \/ RED STAR FC"},"content":{"rendered":"<p>\u272a Stade des Alpes \u2013 3, boulevard Jean-Pain \u2013 38000 Grenoble ;<br \/>\u272a Le secteur visiteurs sera ouvert pour accueillir les supporters et sympathisants du Red Star FC, accessible depuis le \u00ab 1, avenue de Valmy \u2013 38100 Grenoble \u00bb ;<br \/>\u272a Ouverture du secteur visiteurs : 13h00 ;<br \/>\u272a Prix de la place : 5\u20ac ;<br \/>\u272a Les paiements \u00e0 la billetterie et \u00e0 la buvette seront possibles en esp\u00e8ces et en CB ;<br \/>\u272a Parking d\u00e9di\u00e9 pour les supporters et sympathisants du Red Star FC se d\u00e9pla\u00e7ant en v\u00e9hicules individuels \u00e0 l\u2019entr\u00e9e du secteur visiteurs.<\/p>\n<\/p>\n<p>Le Red Star FC souhaite un bon d\u00e9placement aux supporters qui seront en Is\u00e8re.<\/p>\n<p>Comment suivre le match<\/p>\n<p>Suivez la rencontre en live comment\u00e9 sur <a style=\"color: #008000;\" href=\"https:\/\/www.redstar.fr\/\" target=\"_blank\" rel=\"noopener\">redstar.fr<\/a><\/p>\n<p>                <a data-no-instant=\"1\" href=\"https:\/\/shop.redstar.fr\/categorie\/tenue-de-match\/\" rel=\"noopener\" class=\"a2t-link\" target=\"_blank\" aria-label=\"cover_red_star_shop\"><img loading=\"lazy\" decoding=\"async\" src=\"data:image\/svg+xml,%3Csvg%20xmlns=\" http:=\"\" alt=\"\" width=\"1924\" height=\"1118\" data-lazy-src=\"https:\/\/www.europesays.com\/fr\/wp-content\/uploads\/2026\/01\/cover_red_star_shop.jpg\"\/><\/a>        <\/p>\n","protected":false},"excerpt":{"rendered":"\u272a Stade des Alpes \u2013 3, boulevard Jean-Pain \u2013 38000 Grenoble ;\u272a Le secteur visiteurs sera ouvert pour&hellip;\n","protected":false},"author":2,"featured_media":665083,"comment_status":"","ping_status":"","sticky":false,"template":"","format":"standard","meta":{"footnotes":""},"categories":[9566],"tags":[1111,11,2430,1777,674,1011,27,2731,12,25],"class_list":{"0":"post-665082","1":"post","2":"type-post","3":"status-publish","4":"format-standard","5":"has-post-thumbnail","7":"category-grenoble","8":"tag-actu","9":"tag-actualites","10":"tag-auvergne-rhone-alpes","11":"tag-eu","12":"tag-europe","13":"tag-fr","14":"tag-france","15":"tag-grenoble","16":"tag-news","17":"tag-republique-francaise"},"share_on_mastodon":{"url":"https:\/\/pubeurope.com\/@fr\/115898587802844135","error":""},"_links":{"self":[{"href":"https:\/\/www.europesays.com\/fr\/wp-json\/wp\/v2\/posts\/665082","targetHints":{"allow":["GET"]}}],"collection":[{"href":"https:\/\/www.europesays.com\/fr\/wp-json\/wp\/v2\/posts"}],"about":[{"href":"https:\/\/www.europesays.com\/fr\/wp-json\/wp\/v2\/types\/post"}],"author":[{"embeddable":true,"href":"https:\/\/www.europesays.com\/fr\/wp-json\/wp\/v2\/users\/2"}],"replies":[{"embeddable":true,"href":"https:\/\/www.europesays.com\/fr\/wp-json\/wp\/v2\/comments?post=665082"}],"version-history":[{"count":0,"href":"https:\/\/www.europesays.com\/fr\/wp-json\/wp\/v2\/posts\/665082\/revisions"}],"wp:featuredmedia":[{"embeddable":true,"href":"https:\/\/www.europesays.com\/fr\/wp-json\/wp\/v2\/media\/665083"}],"wp:attachment":[{"href":"https:\/\/www.europesays.com\/fr\/wp-json\/wp\/v2\/media?parent=665082"}],"wp:term":[{"taxonomy":"category","embeddable":true,"href":"https:\/\/www.europesays.com\/fr\/wp-json\/wp\/v2\/categories?post=665082"},{"taxonomy":"post_tag","embeddable":true,"href":"https:\/\/www.europesays.com\/fr\/wp-json\/wp\/v2\/tags?post=665082"}],"curies":[{"name":"wp","href":"https:\/\/api.w.org\/{rel}","templated":true}]}}