{"id":665084,"date":"2026-01-15T10:14:36","date_gmt":"2026-01-15T10:14:36","guid":{"rendered":"https:\/\/www.europesays.com\/fr\/665084\/"},"modified":"2026-01-15T10:14:36","modified_gmt":"2026-01-15T10:14:36","slug":"laetitia-remoissenet-maire-de-saint-gregoire-est-candidate-pour-une-ville-apaisee","status":"publish","type":"post","link":"https:\/\/www.europesays.com\/fr\/665084\/","title":{"rendered":"La\u00ebtitia Remoissenet, maire de Saint-Gr\u00e9goire, est candidate pour \u00ab\u00a0une ville apais\u00e9e\u00a0\u00bb"},"content":{"rendered":"<p>                    Par<br \/>\n        <strong><br \/>\n            <a href=\"https:\/\/actu.fr\/auteur\/clemence-pays02-actu-fr\" title=\"Consulter tous les articles de Cl\u00e9mence Pays\" target=\"_blank\" rel=\"noopener\">Cl\u00e9mence Pays<\/a><br \/>\n                    <\/strong><\/p>\n<p>        Publi\u00e9 le<\/p>\n<p>            14 janv. 2026 \u00e0 6h32        <\/p>\n<p>Les \u00e9lections municipales de 2026 approchent \u00e0 grand pas. Le temps est donc venu pour <strong>La\u00ebtitia Remoissenet<\/strong> d\u2019annoncer sa <strong>candidature \u00e0 sa r\u00e9\u00e9lection.<\/strong> Si la maire de <a href=\"https:\/\/actu.fr\/bretagne\/saint-gregoire_35278\" target=\"_blank\" rel=\"noopener\">Saint-Gr\u00e9goire<\/a> a attendu janvier pour l\u2019officialiser, c\u2019est parce que \u00ab\u2009le mandat a \u00e9t\u00e9 particulier\u2009\u00bb avec <a href=\"https:\/\/actu.fr\/bretagne\/saint-gregoire_35278\/le-7-janvier-2024-les-habitants-de-cette-commune-pres-de-rennes-vont-elire-leur-maire_60406524.html\" target=\"_blank\" rel=\"noopener\">des \u00e9lections exceptionnelles organis\u00e9es en 2024<\/a> apr\u00e8s <a href=\"https:\/\/actu.fr\/bretagne\/saint-gregoire_35278\/pierre-breteau-maire-de-saint-gregoire-annonce-qu-il-est-atteint-d-un-cancer_59364521.html\" target=\"_blank\" rel=\"noopener\">le d\u00e9c\u00e8s du maire de la commune, Pierre Breteau<\/a>. \u00ab\u2009Je voulais travailler jusqu\u2019\u00e0 la fin de l\u2019ann\u00e9e 2025 pour tenir mes engagements\u2009\u00bb, explique La\u00ebtitia Remoissenet.<\/p>\n<p>\u00ab\u2009Une vision\u2009\u00bb pour la commune<\/p>\n<p class=\" wall-content\">C\u2019est parce qu\u2019elle a <strong>\u00ab\u2009pris plaisir\u2009\u00bb durant ce mandat,<\/strong> qui a \u00e9t\u00e9 \u00ab\u2009un bonheur\u2009\u00bb que celle qui est associ\u00e9e dans un cabinet de conseil des collectivit\u00e9s territoriales est pr\u00eate \u00e0 repartir pour six ans.<\/p>\n<blockquote class=\"ac-article-quote wall-content\">\n<p>J&rsquo;ai une vision et une conviction pour la commune. Je souhaite d\u00e9cliner cette vision sur des projets complets, en int\u00e9grant le collectif et la concertation.<\/p>\n<p>    <strong>La\u00ebtitia Remoissenet <\/strong><br \/>\n        Maire de Saint-Gr\u00e9goire et candidate aux \u00e9lections municipales 2026    <\/p><\/blockquote>\n<p class=\" wall-content\">Ce qu\u2019appr\u00e9cie \u00e9galement La\u00ebtitia Remoissenet dans la fonction de maire, c\u2019est \u00ab\u2009la <strong>proximit\u00e9<\/strong> et<strong> les \u00e9changes<\/strong> qu'[elle] peu[t] avoir tous les jours avec les Gr\u00e9goriens\u2009\u00bb. \u00ab\u2009C\u2019est ce qui <strong>me rend encore plus engag\u00e9e<\/strong> pour cette commune\u2009\u00bb, confie la Costarmoricaine d\u2019origine, arriv\u00e9e \u00e0 Saint-Gr\u00e9goire en 2005.<\/p>\n<p class=\" wall-content\">C\u2019est aussi avec l\u2019appui de son \u00e9quipe qu\u2019elle se retrouve donc \u00e0 la t\u00eate de la liste <strong>Saint-Gr\u00e9goire, passionn\u00e9ment\u2009!<\/strong>. \u00abDurant ces deux derniers mois, j\u2019ai fait un bilan avec chaque \u00e9lu pour qu\u2019ils s\u2019expriment sur ce qui fonctionne ou pas, d\u00e9voile la maire. <strong>Les \u00e9lus m\u2019ont encourag\u00e9e \u00e0 continuer.<\/strong>\u2009\u00bb<\/p>\n<p>\u00catre op\u00e9rationnel d\u00e8s avril\u00a02026<\/p>\n<p class=\" wall-content\">Et une partie de ces derniers suivent la maire et figurent dans la liste. \u00ab\u2009Pour <strong>un tiers,<\/strong> ce sont de <strong>nouvelles \u00e9nergies.<\/strong> Mais la majorit\u00e9 reste. Ce sont des personnes engag\u00e9es avec une <strong>bonne connaissance des dossiers<\/strong>\u2009\u00bb, assure l\u2019\u00e9dile.<\/p>\n<p>Votre r\u00e9gion, votre actu !<\/p>\n<p>Recevez chaque jour les infos qui comptent pour vous.<\/p>\n<p>\t<a href=\"https:\/\/actu.fr\/newsletter\" class=\"ac-btn ac-btn--corner ac-btn--medium ac-btn--blue800\" target=\"_blank\" rel=\"noopener\">S&rsquo;incrire<\/a><\/p>\n<p class=\" wall-content\">\u00ab\u00a0Nous voulons \u00eatre <strong>op\u00e9rationnels d\u00e8s avril.<\/strong>\u00a0\u00bb Avec pour ligne directrice, \u00ab\u00a0une conviction\u2009: la commune doit rester \u00e9quilibr\u00e9e et \u00e0 taille humaine\u00a0\u00bb et \u00ab\u00a0une id\u00e9e forte\u2009: Saint-Gr\u00e9goire est un lieu o\u00f9 l\u2019on vit bien et o\u00f9 l\u2019on se sent en s\u00e9curit\u00e9.<\/p>\n<p>Cam\u00e9ras, police municipale\u2026<\/p>\n<p class=\" wall-content\">\u00ab\u20092026, ce sera un nouveau projet avec une <strong>continuit\u00e9 de m\u00e9thode<\/strong> et une ADN forte de concertation.\u2009\u00bb Mais avant d\u2019exposer son programme en d\u00e9tail, l\u2019\u00e9dile pr\u00e9f\u00e8re dresser <strong>le bilan<\/strong> des 24\u00a0mois pass\u00e9 \u00e0 pr\u00e9sider le conseil municipal gr\u00e9gorien.<\/p>\n<p class=\" wall-content\">\u00ab\u2009Saint-Gr\u00e9goire, c\u2019est d\u2019abord une ville apais\u00e9e et prot\u00e9g\u00e9e. On a pass\u00e9 une \u00e9tape d\u00e9cisive au niveau de la s\u00e9curit\u00e9, avec un plan de<strong> d\u00e9ploiement de la vid\u00e9oprotection<\/strong> valid\u00e9 par la pr\u00e9fecture et le passage <strong>de trois \u00e0 sept agents de police municipale\u2009\u00bb<\/strong>, met en avant la maire candidate.<\/p>\n<p class=\" wall-content\">Cette derni\u00e8re se f\u00e9licite \u00e9galement d\u2019avoir \u2013 avec son \u00e9quipe \u2013 adopt\u00e9 \u00ab\u2009une philosophie de d\u00e9veloppement avec un <strong>urbanisme raisonn\u00e9\u2009\u00bb<\/strong>. \u00ab\u2009La Commune est aussi <strong>tr\u00e8s innovante sur les montages financiers et juridiques,<\/strong> ce qui nous permet de d\u00e9penser de mani\u00e8re efficiente. Nous n\u2019avons pas augment\u00e9 les imp\u00f4ts malgr\u00e9 l\u2019inflation, par exemple.\u2009\u00bb<\/p>\n<blockquote class=\"ac-article-quote wall-content\">\n<p>On assume notre bilan. On conna\u00eet les dossiers et nous souhaitons poursuivre nos projets avec coh\u00e9rence et responsabilit\u00e9.<\/p>\n<p>    <strong>La\u00ebtitia Remoissenet<\/strong><br \/>\n        Maire de Saint-Gr\u00e9goire et candidate aux \u00e9lections municipales 2026    <\/p><\/blockquote>\n<p class=\" wall-content\">En somme, pour les ann\u00e9es \u00e0 venir, La\u00ebtitia Remoissenet a \u00ab\u2009envie de pr\u00e9server la ville en restant align\u00e9e avec les habitants\u2009\u00bb et donne rendez-vous aux habitants dans quelques semaines pour d\u00e9voiler son programme pour<strong> \u00ab\u2009la plus belle ville du monde\u2009\u00bb.<\/strong><\/p>\n<p class=\" wall-content\">Personnalisez votre actualit\u00e9 en ajoutant vos villes et m\u00e9dias en favori avec <a href=\"https:\/\/moncompte.actu.fr\" title=\"D\u00e9couvez Mon Actu\" rel=\"nofollow noopener\" data-trk=\"{&quot;cta&quot;:{&quot;action&quot;:&quot;https:\\\/\\\/moncompte.actu.fr&quot;,&quot;category&quot;:&quot;mon compte&quot;,&quot;from&quot;:&quot;article footer&quot;,&quot;name&quot;:&quot;Mon actu&quot;,&quot;type&quot;:&quot;cta&quot;}}\" target=\"_blank\">Mon Actu<\/a>.<\/p>\n","protected":false},"excerpt":{"rendered":"Par Cl\u00e9mence Pays Publi\u00e9 le 14 janv. 2026 \u00e0 6h32 Les \u00e9lections municipales de 2026 approchent \u00e0 grand&hellip;\n","protected":false},"author":2,"featured_media":665085,"comment_status":"","ping_status":"","sticky":false,"template":"","format":"standard","meta":{"footnotes":""},"categories":[2821],"tags":[1111,11,829,4188,1777,674,1011,27,3434,12,316,584,25],"class_list":{"0":"post-665084","1":"post","2":"type-post","3":"status-publish","4":"format-standard","5":"has-post-thumbnail","7":"category-rennes","8":"tag-actu","9":"tag-actualites","10":"tag-bretagne","11":"tag-elections-municipales","12":"tag-eu","13":"tag-europe","14":"tag-fr","15":"tag-france","16":"tag-municipales-2026","17":"tag-news","18":"tag-politique","19":"tag-rennes","20":"tag-republique-francaise"},"share_on_mastodon":{"url":"https:\/\/pubeurope.com\/@fr\/115898591736080188","error":""},"_links":{"self":[{"href":"https:\/\/www.europesays.com\/fr\/wp-json\/wp\/v2\/posts\/665084","targetHints":{"allow":["GET"]}}],"collection":[{"href":"https:\/\/www.europesays.com\/fr\/wp-json\/wp\/v2\/posts"}],"about":[{"href":"https:\/\/www.europesays.com\/fr\/wp-json\/wp\/v2\/types\/post"}],"author":[{"embeddable":true,"href":"https:\/\/www.europesays.com\/fr\/wp-json\/wp\/v2\/users\/2"}],"replies":[{"embeddable":true,"href":"https:\/\/www.europesays.com\/fr\/wp-json\/wp\/v2\/comments?post=665084"}],"version-history":[{"count":0,"href":"https:\/\/www.europesays.com\/fr\/wp-json\/wp\/v2\/posts\/665084\/revisions"}],"wp:featuredmedia":[{"embeddable":true,"href":"https:\/\/www.europesays.com\/fr\/wp-json\/wp\/v2\/media\/665085"}],"wp:attachment":[{"href":"https:\/\/www.europesays.com\/fr\/wp-json\/wp\/v2\/media?parent=665084"}],"wp:term":[{"taxonomy":"category","embeddable":true,"href":"https:\/\/www.europesays.com\/fr\/wp-json\/wp\/v2\/categories?post=665084"},{"taxonomy":"post_tag","embeddable":true,"href":"https:\/\/www.europesays.com\/fr\/wp-json\/wp\/v2\/tags?post=665084"}],"curies":[{"name":"wp","href":"https:\/\/api.w.org\/{rel}","templated":true}]}}