{"id":665086,"date":"2026-01-15T10:15:11","date_gmt":"2026-01-15T10:15:11","guid":{"rendered":"https:\/\/www.europesays.com\/fr\/665086\/"},"modified":"2026-01-15T10:15:11","modified_gmt":"2026-01-15T10:15:11","slug":"on-veut-juste-des-conditions-humaines","status":"publish","type":"post","link":"https:\/\/www.europesays.com\/fr\/665086\/","title":{"rendered":"On veut juste des conditions humaines!"},"content":{"rendered":"<p>Les services d&rsquo;urgence sont sous haute tension en France. Une trentaine d&rsquo;h\u00f4pitaux ont activ\u00e9 le plan blanc pour faire face \u00e0 l\u2019afflux de patients. Mais \u00e7a ne suffit pas. \u00c0 Rennes, le personnel s&rsquo;est mobilis\u00e9 mercredi 14 janvier pour d\u00e9noncer ses conditions de travail apr\u00e8s le r\u00e9cent d\u00e9c\u00e8s de deux patients sur des brancards.<\/p>\n<p>Les services d\u2019urgence sont sous tension. Une trentaine d\u2019h\u00f4pitaux ont activ\u00e9 leur plan blanc pour faire face \u00e0 <a href=\"https:\/\/rmc.bfmtv.com\/actualites\/societe\/sante\/verglas-grippe-greve-des-medecins-les-hopitaux-sont-satures-s-inquietent-de-nombreux-chu_AV-202601070316.html\" title=\"Verglas, grippe, gr\u00e8ve des m\u00e9decins... &quot;Les h\u00f4pitaux sont satur\u00e9s&quot;, s&#039;inqui\u00e8tent de nombreux CHU\" class=\"internal_link\" target=\"_blank\" rel=\"noopener\">l\u2019afflux de patients<\/a>. En cause, l\u2019<a href=\"https:\/\/rmc.bfmtv.com\/actualites\/societe\/sante\/c-est-pire-que-le-covid-les-urgences-surchargees-en-pleine-epidemie-de-grippe_AV-202512300378.html\" title=\"&quot;C\u2019est pire que le Covid\u201d: les urgences surcharg\u00e9es en pleine \u00e9pid\u00e9mie de grippe\" class=\"internal_link\" target=\"_blank\" rel=\"noopener\">\u00e9pid\u00e9mie de grippe<\/a> et la gr\u00e8ve des m\u00e9decins lib\u00e9raux lanc\u00e9e le 5 janvier, et qui doit durer jusqu&rsquo;\u00e0 ce jeudi.<\/p>\n<p>\u00c0 Rennes, o\u00f9 le plan blanc a \u00e9t\u00e9 d\u00e9clench\u00e9 il y a pr\u00e8s de 10 jours, deux patients sont d\u00e9c\u00e9d\u00e9s sur des brancards le week-end dernier. Mercredi, le personnel s\u2019est mobilis\u00e9 pour d\u00e9noncer ses conditions de travail.<\/p>\n<p>Assis devant les urgences, ils sont une vingtaine de soignants. Ph\u00e9nom\u00e8ne est aide-soignante. \u201cOn n\u2019y arrive plus, on est \u00e9puis\u00e9. Il y a des brancards partout. On double les chambres et on met plein de brancards dans les couloirs. Ils restent de plus en plus longtemps. Avant on disait 10,12 heures et maintenant, c&rsquo;est 24, 48 heures. On veut des conditions humaines, c\u2019est tout ce qu\u2019on demande\u201d, souligne-t-elle.<\/p>\n<p>Des d\u00e9c\u00e8s dans des conditions indignes<\/p>\n<p>Entre la grippe et la gr\u00e8ve des g\u00e9n\u00e9ralistes, les chiffres explosent. Pr\u00e8s de 250 visites par jour dans un service dimensionn\u00e9 pour 150. \u201cOn a un afflux de patients qui est tellement massif que \u00e7a nous d\u00e9borde. On se dit toujours qu\u2019on a touch\u00e9 le fond, mais non on arrive encore \u00e0 descendre. Notre c\u0153ur de m\u00e9tier, c\u2019est l\u2019humain et l\u00e0, on fait de l\u2019abattage. C\u2019est difficile de rentrer le soir en se disant \u2018j&rsquo;ai bien boss\u00e9\u2019\u201d, souligne Olivier, infirmier.<\/p>\n<p><img decoding=\"async\" src=\"https:\/\/www.europesays.com\/fr\/wp-content\/uploads\/2025\/12\/principale-398_3.jpg\"  alt=\"L'h\u00f4pital de Rennes sous tension\" title=\"L'h\u00f4pital de Rennes sous tension\"\/>L&rsquo;h\u00f4pital de Rennes sous tension<\/p>\n<p>Le week-end dernier, deux patients sont d\u00e9c\u00e9d\u00e9s dans le service. Dans des conditions indignes selon Nathalie Loinsard, infirmi\u00e8re et d\u00e9l\u00e9gu\u00e9e CGT.<\/p>\n<blockquote class=\"embed embed_quote\"><p>\u201cUn patient qui arrive aux urgences et qui est en soin palliatif, il a le droit de mourir dignement dans une chambre d\u2019h\u00f4pital, dans un lit entour\u00e9 de sa famille. Et l\u00e0, ce n\u2019a pas \u00e9t\u00e9 le cas\u201d, pointe-t-elle.<\/p><\/blockquote>\n<p>Ces deux d\u00e9c\u00e8s n\u2019ont aucun lien avec la situation de tension indique la direction de l\u2019h\u00f4pital qui assure avoir pris des mesures exceptionnelles, dont l\u2019ouverture de 30 lits suppl\u00e9mentaires et le rappel de personnel.<\/p>\n<p>Martin Lange avec Guillaume Descours<\/p>\n","protected":false},"excerpt":{"rendered":"Les services d&rsquo;urgence sont sous haute tension en France. Une trentaine d&rsquo;h\u00f4pitaux ont activ\u00e9 le plan blanc pour&hellip;\n","protected":false},"author":2,"featured_media":665087,"comment_status":"","ping_status":"","sticky":false,"template":"","format":"standard","meta":{"footnotes":""},"categories":[2821],"tags":[1111,11,829,1777,674,1011,27,12,584,25],"class_list":{"0":"post-665086","1":"post","2":"type-post","3":"status-publish","4":"format-standard","5":"has-post-thumbnail","7":"category-rennes","8":"tag-actu","9":"tag-actualites","10":"tag-bretagne","11":"tag-eu","12":"tag-europe","13":"tag-fr","14":"tag-france","15":"tag-news","16":"tag-rennes","17":"tag-republique-francaise"},"share_on_mastodon":{"url":"https:\/\/pubeurope.com\/@fr\/115898595700182220","error":""},"_links":{"self":[{"href":"https:\/\/www.europesays.com\/fr\/wp-json\/wp\/v2\/posts\/665086","targetHints":{"allow":["GET"]}}],"collection":[{"href":"https:\/\/www.europesays.com\/fr\/wp-json\/wp\/v2\/posts"}],"about":[{"href":"https:\/\/www.europesays.com\/fr\/wp-json\/wp\/v2\/types\/post"}],"author":[{"embeddable":true,"href":"https:\/\/www.europesays.com\/fr\/wp-json\/wp\/v2\/users\/2"}],"replies":[{"embeddable":true,"href":"https:\/\/www.europesays.com\/fr\/wp-json\/wp\/v2\/comments?post=665086"}],"version-history":[{"count":0,"href":"https:\/\/www.europesays.com\/fr\/wp-json\/wp\/v2\/posts\/665086\/revisions"}],"wp:featuredmedia":[{"embeddable":true,"href":"https:\/\/www.europesays.com\/fr\/wp-json\/wp\/v2\/media\/665087"}],"wp:attachment":[{"href":"https:\/\/www.europesays.com\/fr\/wp-json\/wp\/v2\/media?parent=665086"}],"wp:term":[{"taxonomy":"category","embeddable":true,"href":"https:\/\/www.europesays.com\/fr\/wp-json\/wp\/v2\/categories?post=665086"},{"taxonomy":"post_tag","embeddable":true,"href":"https:\/\/www.europesays.com\/fr\/wp-json\/wp\/v2\/tags?post=665086"}],"curies":[{"name":"wp","href":"https:\/\/api.w.org\/{rel}","templated":true}]}}