{"id":665092,"date":"2026-01-15T10:18:11","date_gmt":"2026-01-15T10:18:11","guid":{"rendered":"https:\/\/www.europesays.com\/fr\/665092\/"},"modified":"2026-01-15T10:18:11","modified_gmt":"2026-01-15T10:18:11","slug":"sur-public-senat-dominique-estrosi-sassone-dit-avoir-incite-le-maire-de-nice-a-la-vigilance-quand-il-etait-encore-ami-avec-eric-ciotti","status":"publish","type":"post","link":"https:\/\/www.europesays.com\/fr\/665092\/","title":{"rendered":"sur Public S\u00e9nat, Dominique Estrosi-Sassone dit avoir incit\u00e9 le maire de Nice \u00e0 la vigilance quand il \u00e9tait encore ami avec \u00c9ric Ciotti"},"content":{"rendered":"<p class=\"fs-5 \">Invit\u00e9e de l\u2019\u00e9mission \u00ab\u00a0Bonjour chez vous\u00a0!\u00a0\u00bb sur <strong>Public S\u00e9nat<\/strong> ce jeudi 15\u00a0janvier \u00e0 7h30, la s\u00e9natrice des Alpes-Maritimes, Dominique Estrosi-Sassone, <strong>colisti\u00e8re de Christian Estrosi aux municipales 2026<\/strong>, a \u00e9voqu\u00e9 le Mercosur, <a href=\"https:\/\/www.nicematin.com\/societe\/immobilier\/la-senatrice-dominique-estrosi-sassone-depose-une-proposition-de-loi-au-senat-pour-conjurer-la-crise-du-logement-10663732\" target=\"_blank\" rel=\"noopener\">sa proposition de loi sur le logement<\/a>&#8230; et la campagne \u00e9lectorale d\u00e9l\u00e9t\u00e8re qui se joue \u00e0 Nice entre les fr\u00e8res ennemis Christian Estrosi et \u00c9ric Ciotti.<\/p>\n<p class=\"fs-5 \"><a href=\"https:\/\/www.nicematin.com\/societe\/politique\/municipales-2026\/municipales-2026-a-nice-la-senatrice-lr-dominique-estrosi-sassone-etrille-la-derniere-recrue-d-eric-ciotti-10664626\" target=\"_blank\" rel=\"noopener\">Alors qu\u2019elle \u00e9trillait ce mercredi dans nos colonnes l\u2019ex-patron de l\u2019UPE 06, Pierre Ippolito, nouveau co-listier du candidat UDR, r\u00e9v\u00e9lant qu\u2019il lui avait propos\u00e9 de monter une liste<\/a>, l\u2019\u00e9lue ni\u00e7oise, soutien de la premi\u00e8re heure de Christian Estrosi, a n\u00e9anmoins une nouvelle fois <strong>fait montre de son franc-parler<\/strong>.<\/p>\n<p>        <img src=\"https:\/\/www.europesays.com\/fr\/wp-content\/uploads\/2026\/01\/bc1a779_upload-from-url-1-yoifpj6iph9j-data-art-16252606-zz513cgd.jpg\"   loading=\"lazy\" decoding=\"async\" alt=\"Dominique Estrosi-Sassone est \u00e9lue au S\u00e9nat depuis 2014. Photo Frantz Bouton \" class=\"img-fluid position-absolute w-100 object-fit-cover rounded-2\" width=\"600\" height=\"400\"\/><\/p>\n<p class=\"fs-5 \">Fustigeant l\u2019attitude du clan Ciotti, qu\u2019elle tient pour responsable d\u2019une<strong> campagne \u00ab\u00a0du niveau du caniveau\u00a0\u00bb<\/strong>,  elle assure avoir appel\u00e9 le maire de Nice \u00e0 se m\u00e9fier d\u2019\u00c9ric Ciotti \u00e0 l\u2019\u00e9poque o\u00f9 les deux rivaux \u00e9taient encore des amis.<\/p>\n<p class=\"fs-5 \">\u00ab\u00a0Permettez-moi de dire que je n\u2019avais pas le m\u00eame degr\u00e9 d\u2019amiti\u00e9 avec \u00c9ric Ciotti que l\u2019avait \u00e0 l\u2019\u00e9poque Christian Estrosi, et que j\u2019avais tr\u00e8s souvent mis en garde Christian Estrosi sur la fa\u00e7on dont se comportait \u00c9ric Ciotti\u00a0\u00bb, a-t-elle notamment d\u00e9clar\u00e9, questionn\u00e9e par le directeur des r\u00e9dactions de Nice-Matin, Baptiste Bize.<\/p>\n<p>                                                                                <strong>\u00ab\u00a0Il faut assumer\u00a0! \u00bb<\/strong><\/p>\n<p class=\"fs-5 \">R\u00e9put\u00e9e pour \u00eatre \u00e9conome en petites phrases pol\u00e9miques, la s\u00e9natrice Dominique Estrosi-Sassone a toutefois convenu que la campagne brutale en cours \u00e0 Nice pouvait amener \u00e0 <strong>\u00ab\u00a0r\u00e9pondre aux attaques du camp adverse\u00a0\u00bb<\/strong>.<\/p>\n<p class=\"fs-5 \">Questionn\u00e9e sur la r<a href=\"https:\/\/www.nicematin.com\/societe\/politique\/je-n-ai-jamais-cache-que-j-etais-chasseur-sa-passion-pour-la-chasse-prise-pour-cible-en-pleine-campagne-electorale-a-nice-eric-ciotti-repond-10664683\" target=\"_blank\" rel=\"noopener\">\u00e9cente pol\u00e9mique autour de la passion d\u2019\u00c9ric Ciotti pour la chasse<\/a>, jug\u00e9e antinomique par ses d\u00e9tracteurs avec <a href=\"https:\/\/www.nicematin.com\/societe\/politique\/mort-de-brigitte-bardot-eric-ciotti-lance-une-petition-pour-que-la-star-beneficie-d-un-hommage-national-et-tacle-la-gauche-10662562\" target=\"_blank\" rel=\"noopener\">son hommage appuy\u00e9 \u00e0 l\u2019actrice Brigitte Bardot<\/a>, <a href=\"https:\/\/www.nicematin.com\/faits-divers\/brigitte-bardot-est-morte-a-91-ans-10662455\" target=\"_blank\" rel=\"noopener\">d\u00e9c\u00e9d\u00e9e le 28\u00a0d\u00e9cembre 2025<\/a>, l\u2019\u00e9lue a ainsi comment\u00e9\u00a0:<\/p>\n<p class=\"fs-5 \">\u00ab\u00a0La question entre la chasse et l\u2019hommage \u00e0 Brigitte Bardot, effectivement, c\u2019est un m\u00e9lange des genres&#8230; Mais on voit bien que c\u2019est d\u2019abord <strong>un retour du populisme.<\/strong> C\u2019est-\u00e0-dire, qu\u2019en somme, sur tous les sujets d\u2019actualit\u00e9, [le camp Ciotti] essaye d\u2019\u00eatre dans le mouv\u2019 [mouvement, NDLR]&#8230;\u00a0\u00bb, juge-t-elle.<\/p>\n<p class=\"fs-5 \">Et la s\u00e9natrice des Alpes-Maritimes de fustiger, au passage, <strong>le flou politique du candidat UDR, soutenu par l\u2019extr\u00eame-droite<\/strong>, mais ne mentionnant pas cette coloration officiellement sur sa liste\u00a0:<\/p>\n<p class=\"fs-5 \">\u00ab\u00a0J\u2019esp\u00e8re v\u00e9ritablement (\u2026) que tout le monde va se ressaisir, particuli\u00e8rement le camp d\u2019\u00c9ric Ciotti, parce que ce sont eux qui portent les attaques les plus graves, et ce sont eux qui manient aussi la confusion des genres. En menant une liste sans \u00e9tiquette tandis que, dans le m\u00eame temps, [\u00c9ric Ciotti] s\u2019affiche avec Monsieur Bardella en disant\u00a0: \u00ab\u00a0bien \u00e9videmment que c\u2019est mon ami\u00a0\u00bb. Il faut assumer\u00a0! \u00bb, a-t-elle tacl\u00e9. Ambiance.<\/p>\n","protected":false},"excerpt":{"rendered":"Invit\u00e9e de l\u2019\u00e9mission \u00ab\u00a0Bonjour chez vous\u00a0!\u00a0\u00bb sur Public S\u00e9nat ce jeudi 15\u00a0janvier \u00e0 7h30, la s\u00e9natrice des Alpes-Maritimes,&hellip;\n","protected":false},"author":2,"featured_media":665093,"comment_status":"","ping_status":"","sticky":false,"template":"","format":"standard","meta":{"footnotes":""},"categories":[2819],"tags":[1111,11,1777,674,1011,27,3434,12,2401,882,25],"class_list":{"0":"post-665092","1":"post","2":"type-post","3":"status-publish","4":"format-standard","5":"has-post-thumbnail","7":"category-nice","8":"tag-actu","9":"tag-actualites","10":"tag-eu","11":"tag-europe","12":"tag-fr","13":"tag-france","14":"tag-municipales-2026","15":"tag-news","16":"tag-nice","17":"tag-provence-alpes-cote-dazur","18":"tag-republique-francaise"},"share_on_mastodon":{"url":"https:\/\/pubeurope.com\/@fr\/115898607476188774","error":""},"_links":{"self":[{"href":"https:\/\/www.europesays.com\/fr\/wp-json\/wp\/v2\/posts\/665092","targetHints":{"allow":["GET"]}}],"collection":[{"href":"https:\/\/www.europesays.com\/fr\/wp-json\/wp\/v2\/posts"}],"about":[{"href":"https:\/\/www.europesays.com\/fr\/wp-json\/wp\/v2\/types\/post"}],"author":[{"embeddable":true,"href":"https:\/\/www.europesays.com\/fr\/wp-json\/wp\/v2\/users\/2"}],"replies":[{"embeddable":true,"href":"https:\/\/www.europesays.com\/fr\/wp-json\/wp\/v2\/comments?post=665092"}],"version-history":[{"count":0,"href":"https:\/\/www.europesays.com\/fr\/wp-json\/wp\/v2\/posts\/665092\/revisions"}],"wp:featuredmedia":[{"embeddable":true,"href":"https:\/\/www.europesays.com\/fr\/wp-json\/wp\/v2\/media\/665093"}],"wp:attachment":[{"href":"https:\/\/www.europesays.com\/fr\/wp-json\/wp\/v2\/media?parent=665092"}],"wp:term":[{"taxonomy":"category","embeddable":true,"href":"https:\/\/www.europesays.com\/fr\/wp-json\/wp\/v2\/categories?post=665092"},{"taxonomy":"post_tag","embeddable":true,"href":"https:\/\/www.europesays.com\/fr\/wp-json\/wp\/v2\/tags?post=665092"}],"curies":[{"name":"wp","href":"https:\/\/api.w.org\/{rel}","templated":true}]}}