{"id":665094,"date":"2026-01-15T10:19:12","date_gmt":"2026-01-15T10:19:12","guid":{"rendered":"https:\/\/www.europesays.com\/fr\/665094\/"},"modified":"2026-01-15T10:19:12","modified_gmt":"2026-01-15T10:19:12","slug":"nice-boating-tomorrow-nouvel-evenement-international-consacre-au-nautisme-durable-du-19-03-2026-au-22-03-2026-nice","status":"publish","type":"post","link":"https:\/\/www.europesays.com\/fr\/665094\/","title":{"rendered":"Nice Boating Tomorrow , nouvel \u00e9v\u00e9nement international consacr\u00e9 au nautisme durable &#8211; Du 19\/03\/2026 au 22\/03\/2026 &#8211; Nice"},"content":{"rendered":"<p><strong>NICE, AVEC\u00a0NICE BOATING TOMORROW,\u00a0FUTURE CAPITALE INTERNATIONALE DU NAUTISME DURABLE<\/strong><\/p>\n<p>&#13;<\/p>\n<p>Nice, 13 janvier 2026\u00a0\u2013 Face aux d\u00e9fis climatiques, environnementaux et \u00e9conomiques auxquels le secteur maritime est confront\u00e9, la cr\u00e9ation \u00e0 Nice\u00a0de NICE BOATING TOMORROW par Grand Pavois Organisation (GPO)\u00a0d\u2019un\u00a0\u00e9v\u00e9nement international d\u00e9di\u00e9 au nautisme durable, articul\u00e9 autour d\u2019un\u00a0salon, d\u2019un forum de r\u00e9flexion et d\u2019un espace grand public, appara\u00eet aujourd\u2019hui comme une n\u00e9cessit\u00e9 strat\u00e9gique.<\/p>\n<p>&#13;<\/p>\n<p>Carrefour naturel entre la M\u00e9diterran\u00e9e, l\u2019Europe et l\u2019international, Nice dispose de tous les atouts pour devenir le\u00a0lieu de r\u00e9f\u00e9rence mondiale\u00a0du nautisme responsable : un \u00e9cosyst\u00e8me maritime structur\u00e9, une tradition nautique forte, un engagement reconnu en faveur de la transition \u00e9cologique et une attractivit\u00e9 internationale unique.<\/p>\n<p>&#13;<br \/>\nUn secteur en profonde mutation&#13;<\/p>\n<p>Le nautisme conna\u00eet une transformation majeure : d\u00e9carbonation des navires, innovations technologiques, nouvelles mobilit\u00e9s maritimes, pr\u00e9servation des \u00e9cosyst\u00e8mes, ports durables, tourisme responsable. Ces mutations exigent des\u00a0lieux d\u2019\u00e9change, de d\u00e9monstration et de coop\u00e9ration internationale, capables de r\u00e9unir professionnels, startups, territoires, scientifiques, institutions, investisseurs et usagers.<\/p>\n<p>&#13;<\/p>\n<p>Un\u00a0salon et forum international du nautisme durable \u00e0 Nice, NICE BOATING TOMORROW,\u00a0permet de structurer ce dialogue, d\u2019acc\u00e9l\u00e9rer l\u2019innovation et de favoriser l\u2019\u00e9mergence de standards communs \u00e0 l\u2019\u00e9chelle mondiale.<\/p>\n<p>&#13;<br \/>\nUn \u00e9v\u00e9nement structurant et f\u00e9d\u00e9rateur&#13;<\/p>\n<p>Pens\u00e9 comme un rendez-vous annuel, cet \u00e9v\u00e9nement aurait vocation \u00e0 :<\/p>\n<p>&#13;<\/p>\n<ul type=\"disc\">&#13;<\/p>\n<li>Valoriser les\u00a0solutions concr\u00e8tes\u00a0en mati\u00e8re de nautisme durable (propulsions propres, mat\u00e9riaux innovants, services, ports intelligents)<\/li>\n<p>&#13;<\/p>\n<li>Accueillir un\u00a0forum international de haut niveau, r\u00e9unissant experts, d\u00e9cideurs publics et priv\u00e9s<\/li>\n<p>&#13;<\/p>\n<li>Cr\u00e9er une\u00a0plateforme \u00e9conomique\u00a0favorisant partenariats, investissements et exportations<\/li>\n<p>&#13;<\/p>\n<li>Sensibiliser le grand public aux enjeux environnementaux et \u00e0 l\u2019avenir des usages nautiques<\/li>\n<p>&#13;\n<\/ul>\n<p>&#13;<br \/>\nNICE, UN SIGNAL FORT POUR LE MONDE ET LA M\u00c9DITERRAN\u00c9E&#13;<\/p>\n<p>En accueillant un tel \u00e9v\u00e9nement, Nice envoie un signal clair : celui d\u2019une ville qui choisit d\u2019\u00eatre\u00a0acteur et moteur de la transition maritime, au service de la M\u00e9diterran\u00e9e et des g\u00e9n\u00e9rations futures. Au-del\u00e0 d\u2019un simple rendez-vous professionnel, il s\u2019agirait d\u2019un\u00a0outil d\u2019influence, de rayonnement et de leadership international.<\/p>\n<p>&#13;<\/p>\n<p>Cr\u00e9er NICE BOATING TOMORROW un salon et forum international du nautisme durable, c\u2019est\u00a0faire le choix de l\u2019innovation responsable, du dialogue international et d\u2019une vision d\u2019avenir pour l\u2019\u00e9conomie maritime.<\/p>\n<p>&#13;<br \/>\nRDV\u00a0\u00c0\u00a0NICE BOATING TOMORROW DU 19 AU 22 MARS 2026&#13;<\/p>\n<p>Du 19 au 22 mars 2026,\u00a0NICE BOATING TOMORROW\u00a0sera\u00a0le premier rendez-vous nautique international consacr\u00e9 exclusivement au nautisme durable\u00a0et souhaite\u00a0poser les bases d\u2019un nouvel \u00e9cosyst\u00e8me nautique\u00a0: plus durable, plus innovant, plus accessible et tourn\u00e9 vers l\u2019avenir.<\/p>\n<p>&#13;<\/p>\n<p>4 jours, du 19 au 22 mars 2026, qui se d\u00e9rouleront \u00e0 Nice sur le\u00a0quai Amiral Infernet, \u00e0 proximit\u00e9 imm\u00e9diate du nouveau centre de congr\u00e8s, Oc\u00e9aNice.<\/p>\n<p>&#13;<\/p>\n<p><strong>La particularit\u00e9 de\u00a0NICE BOATING TOMORROW\u00a0est qu\u2019il\u00a0se\u00a0distingue\u00a0en deux\u00a0temps forts\u00a0:<\/strong><\/p>\n<p>&#13;<\/p>\n<p>&#8211;\u00a0\u00a0\u00a0 \u00a0Un\u00a0espace d\u2019exposition\u00a0\u00e0 terre et \u00e0 flot\u00a0avec des stands sous tente et dans un hall d\u2019exposition, ainsi que des bateaux \u00e0 flot avec la possibilit\u00e9 d\u2019essais en mer (du 19 au 22 mars),<\/p>\n<p>&#13;<\/p>\n<p>&#8211;\u00a0 \u00a0\u00a0Un\u00a0Forum\u00a0international\u00a0en parall\u00e8le du salon\u00a0sur deux jours dans le nouveau centre de congr\u00e8s Oc\u00e9aNice avec des conf\u00e9rences, des workshops et des tables rondes avec des intervenants internationaux (les 19 et 20 mars).<\/p>\n<p>&#13;<\/p>\n<p>Les 8.000 m2 espace d\u2019exposition \u00e0 terre et \u00e0 flot seront le terrain de rencontre et d\u2019\u00e9changes avec les chantiers nautiques, les \u00e9quipementiers, les start-ups, les marinas, les entreprises de transport et de tourisme maritime, les collectivit\u00e9s, les soci\u00e9t\u00e9s de service\u2026<\/p>\n<p>&#13;<\/p>\n<p><strong>NICE BOATING TOMORROW se veut \u00eatre une plateforme d\u2019\u00e9change et de commerce\u00a0<\/strong>entre les acteurs de l\u2019industrie nautique de la plaisance, les protagonistes du d\u00e9veloppement des technologies \u00e9coresponsables, les plaisanciers, les nouveaux et futurs pratiquants, sans oublier le grand public qui se doit de toujours mieux conna\u00eetre l\u2019importance des oc\u00e9ans et les r\u00e9ponses \u00e0 conna\u00eetre pour pratiquer des activit\u00e9s nautiques plus responsables.<\/p>\n<p>&#13;<br \/>\n&#13;<br \/>\nINFOS PRATIQUES&#13;<\/p>\n<p><strong>Dates et horaires<\/strong><\/p>\n<p>Le salon nautique Nice Boating Tomorrow se d\u00e9roule du 19 au 22 mars 2026, avec des horaires d\u2019ouverture de 10h \u00e0 18h chaque jour.<br \/>Le Forum professionnel se tient quant \u00e0 lui les 19 et 20 mars 2026, de 9h \u00e0 18h, offrant conf\u00e9rences et rencontres avec les acteurs internationaux du nautisme durable.<\/p>\n<p>Port de Nice<\/p>\n<p>&#13;<\/p>\n<p><strong>Billetterie<\/strong><\/p>\n<p>La billetterie en ligne de Nice Boating Tomorrow sera ouverte prochainement.<br \/>D\u00e9couvrez les billets disponibles pour acc\u00e9der au salon et au Forum du 19 au 22 mars 2026 \u00e0 Nice.<\/p>\n<p>&#13;<\/p>\n<p>\u00a0&gt;infos\/billetterie en ligne :\u00a0<a href=\"https:\/\/nice-boating-tomorrow.com\/fr\/accueil\/\" target=\"_blank\" rel=\"noopener\">nice-boating-tomorrow.com<\/a><\/p>\n<p>&#13;<\/p>\n<p>\u00a0<\/p>\n","protected":false},"excerpt":{"rendered":"NICE, AVEC\u00a0NICE BOATING TOMORROW,\u00a0FUTURE CAPITALE INTERNATIONALE DU NAUTISME DURABLE &#13; Nice, 13 janvier 2026\u00a0\u2013 Face aux d\u00e9fis climatiques,&hellip;\n","protected":false},"author":2,"featured_media":665095,"comment_status":"","ping_status":"","sticky":false,"template":"","format":"standard","meta":{"footnotes":""},"categories":[2819],"tags":[1111,11,1777,674,1011,27,12,2401,882,25],"class_list":{"0":"post-665094","1":"post","2":"type-post","3":"status-publish","4":"format-standard","5":"has-post-thumbnail","7":"category-nice","8":"tag-actu","9":"tag-actualites","10":"tag-eu","11":"tag-europe","12":"tag-fr","13":"tag-france","14":"tag-news","15":"tag-nice","16":"tag-provence-alpes-cote-dazur","17":"tag-republique-francaise"},"share_on_mastodon":{"url":"https:\/\/pubeurope.com\/@fr\/115898611393746743","error":""},"_links":{"self":[{"href":"https:\/\/www.europesays.com\/fr\/wp-json\/wp\/v2\/posts\/665094","targetHints":{"allow":["GET"]}}],"collection":[{"href":"https:\/\/www.europesays.com\/fr\/wp-json\/wp\/v2\/posts"}],"about":[{"href":"https:\/\/www.europesays.com\/fr\/wp-json\/wp\/v2\/types\/post"}],"author":[{"embeddable":true,"href":"https:\/\/www.europesays.com\/fr\/wp-json\/wp\/v2\/users\/2"}],"replies":[{"embeddable":true,"href":"https:\/\/www.europesays.com\/fr\/wp-json\/wp\/v2\/comments?post=665094"}],"version-history":[{"count":0,"href":"https:\/\/www.europesays.com\/fr\/wp-json\/wp\/v2\/posts\/665094\/revisions"}],"wp:featuredmedia":[{"embeddable":true,"href":"https:\/\/www.europesays.com\/fr\/wp-json\/wp\/v2\/media\/665095"}],"wp:attachment":[{"href":"https:\/\/www.europesays.com\/fr\/wp-json\/wp\/v2\/media?parent=665094"}],"wp:term":[{"taxonomy":"category","embeddable":true,"href":"https:\/\/www.europesays.com\/fr\/wp-json\/wp\/v2\/categories?post=665094"},{"taxonomy":"post_tag","embeddable":true,"href":"https:\/\/www.europesays.com\/fr\/wp-json\/wp\/v2\/tags?post=665094"}],"curies":[{"name":"wp","href":"https:\/\/api.w.org\/{rel}","templated":true}]}}