{"id":665096,"date":"2026-01-15T10:20:42","date_gmt":"2026-01-15T10:20:42","guid":{"rendered":"https:\/\/www.europesays.com\/fr\/665096\/"},"modified":"2026-01-15T10:20:42","modified_gmt":"2026-01-15T10:20:42","slug":"un-exploitant-agricole-recherche-par-nantes-metropole-a-coueron","status":"publish","type":"post","link":"https:\/\/www.europesays.com\/fr\/665096\/","title":{"rendered":"Un exploitant agricole recherch\u00e9 par Nantes m\u00e9tropole \u00e0 Cou\u00ebron"},"content":{"rendered":"<p><strong>\u00ab\u00a0Cette ferme est en cessation d\u2019activit\u00e9, apr\u00e8s le d\u00e9part \u00e0 la retraite de Jean-Paul Rivi\u00e8re, en 2022\u00a0\u00bb,<\/strong> annonce le p\u00f4le agriculture et alimentation de Nantes m\u00e9tropole. C\u2019est une premi\u00e8re pour la collectivit\u00e9, qui s\u2019est port\u00e9e candidate aupr\u00e8s de la Safer, afin d\u2019assurer une mise en r\u00e9serve de cette ferme.<\/p>\n<p>\t<img decoding=\"async\" src=\"https:\/\/www.europesays.com\/fr\/wp-content\/uploads\/2026\/01\/P35686750D7142514G_px_640_.jpg\" alt=\"photo la ferme du chef-de-l\u2019eau, dont 10\u00a0ha dans le marais, pourrait convenir \u00e0 un petit \u00e9levage, en agriculture biologique  \u00a9  nantes m\u00e9tropole\" width=\"640\" title=\" La ferme du Chef-de-l\u2019Eau, dont 10\u00a0ha dans le marais, pourrait convenir \u00e0 un petit \u00e9levage, en agriculture biologique   Nantes m\u00e9tropole \"\/><\/p>\n<p class=\"elmt-legende\"> La ferme du Chef-de-l\u2019Eau, dont 10\u00a0ha dans le marais, pourrait convenir \u00e0 un petit \u00e9levage, en agriculture biologique   Nantes m\u00e9tropole <\/p>\n<p>L\u2019unit\u00e9 fonci\u00e8re de 45\u00a0ha, dont 10\u00a0ha dans le marais, pourrait convenir \u00e0 un petit \u00e9levage, en agriculture biologique. Nantes m\u00e9tropole. Cette derni\u00e8re souhaite que \u00a0l\u2019exploitant d\u00e9veloppe un lien \u00e9troit avec le territoire, ses habitants et les autres professionnels agricoles, en s\u2019inscrivant dans une logique d\u2019ouverture et de dialogue\u00a0\u00bb.<\/p>\n<p>\t<img decoding=\"async\" src=\"https:\/\/www.europesays.com\/fr\/wp-content\/uploads\/2026\/01\/P35686751D7142514G_px_640_.jpg\" alt=\"photo la disposition de la ferme.  \u00a9  nantes m\u00e9tropole\" width=\"640\" title=\" La disposition de la ferme.   Nantes m\u00e9tropole \"\/><\/p>\n<p class=\"elmt-legende\"> La disposition de la ferme.   Nantes m\u00e9tropole <\/p>\n<p>Cou\u00ebron alimente l\u2019agglom\u00e9ration nantaise<\/p>\n<p>Nantes m\u00e9tropole assure temporairement la gestion du foncier et des b\u00e2timents agricoles avant une r\u00e9trocession au porteur de projet. Un bail rural unique couvrira terres et b\u00e2timents<strong> \u00ab\u00a0mis \u00e0 disposition en l\u2019\u00e9tat\u00a0\u00bb,<\/strong> garantissant un cadre s\u00e9curis\u00e9. Les loyers pr\u00e9visionnels\u00a0sont de 60\u00a0\u20ac \u00e0 120\u00a0\u20ac par ha et par an pour les terres, de 1\u00a0000\u00a0\u20ac \u00e0 2\u00a0500\u00a0\u20ac par an pour les b\u00e2timents agricoles, et de 500\u00a0\u20ac \u00e0 750\u00a0\u20ac par mois pour le logement. Nantes m\u00e9tropole s\u2019engage \u00e0 l\u2019am\u00e9nagement d\u2019un nouvel acc\u00e8s plus facile pour les engins agricoles.<\/p>\n<p>\t<img decoding=\"async\" src=\"https:\/\/www.europesays.com\/fr\/wp-content\/uploads\/2026\/01\/P35686752D7142514G_px_640_.jpg\" alt=\"photo un hangar \u00e0 fourrage.  \u00a9  nantes m\u00e9tropole\" width=\"640\" title=\" Un hangar \u00e0 fourrage.   Nantes m\u00e9tropole \"\/><\/p>\n<p class=\"elmt-legende\"> Un hangar \u00e0 fourrage.   Nantes m\u00e9tropole <\/p>\n<p>Pour cette future installation, Cou\u00ebron pr\u00e9senterait tous les avantages, d\u2019apr\u00e8s Nantes m\u00e9tropole\u00a0: \u00ab<strong>\u00a0C\u2019est une des communes les plus productives pour l\u2019alimentation de l\u2019agglom\u00e9ration nantaise, Avec plus de 70\u00a0% de son territoire d\u00e9di\u00e9 aux espaces agricoles et naturels, Cou\u00ebron s\u2019engage dans la pr\u00e9servation de ces espaces ruraux, b\u00e9n\u00e9ficiant du Pean (p\u00e9rim\u00e8tres de protection d\u2019espaces agricoles et naturels) Loire-Ch\u00e9zine.\u00a0\u00bb<\/strong> La commune est aussi engag\u00e9e dans l\u2019alimentation durable <strong>\u00ab\u00a0et noue des partenariats avec les exploitants pour valoriser la production locale dans la restauration collective\u00a0\u00bb.<\/strong><\/p>\n<p>\t<img decoding=\"async\" src=\"https:\/\/www.europesays.com\/fr\/wp-content\/uploads\/2026\/01\/P35686753D7142514G_px_640_.jpg\" alt=\"photo une stabulation.  \u00a9  nantes m\u00e9tropole\" width=\"640\" title=\" Une stabulation.   Nantes m\u00e9tropole \"\/><\/p>\n<p class=\"elmt-legende\"> Une stabulation.   Nantes m\u00e9tropole <\/p>\n<p>\t<img decoding=\"async\" src=\"https:\/\/www.europesays.com\/fr\/wp-content\/uploads\/2026\/01\/P35686754D7142514G_px_640_.jpg\" alt=\"photo la maison d\u2019habitation.  \u00a9  nantes m\u00e9tropole\" width=\"640\" title=\" La maison d\u2019habitation.   Nantes m\u00e9tropole \"\/><\/p>\n<p class=\"elmt-legende\"> La maison d\u2019habitation.   Nantes m\u00e9tropole <\/p>\n<p>Pour candidater\u00a0: entreprises.nantesmetropole.fr<\/p>\n<p>\u00a0<\/p>\n","protected":false},"excerpt":{"rendered":"\u00ab\u00a0Cette ferme est en cessation d\u2019activit\u00e9, apr\u00e8s le d\u00e9part \u00e0 la retraite de Jean-Paul Rivi\u00e8re, en 2022\u00a0\u00bb, annonce&hellip;\n","protected":false},"author":2,"featured_media":665097,"comment_status":"","ping_status":"","sticky":false,"template":"","format":"standard","meta":{"footnotes":""},"categories":[2818],"tags":[1111,11,15092,22217,1777,674,32021,1011,27,2800,766,12,2636,959,25],"class_list":{"0":"post-665096","1":"post","2":"type-post","3":"status-publish","4":"format-standard","5":"has-post-thumbnail","7":"category-nantes","8":"tag-actu","9":"tag-actualites","10":"tag-agricole","11":"tag-coueron","12":"tag-eu","13":"tag-europe","14":"tag-exploitant","15":"tag-fr","16":"tag-france","17":"tag-metropole","18":"tag-nantes","19":"tag-news","20":"tag-pays-de-la-loire","21":"tag-recherche","22":"tag-republique-francaise"},"share_on_mastodon":{"url":"https:\/\/pubeurope.com\/@fr\/115898615521425890","error":""},"_links":{"self":[{"href":"https:\/\/www.europesays.com\/fr\/wp-json\/wp\/v2\/posts\/665096","targetHints":{"allow":["GET"]}}],"collection":[{"href":"https:\/\/www.europesays.com\/fr\/wp-json\/wp\/v2\/posts"}],"about":[{"href":"https:\/\/www.europesays.com\/fr\/wp-json\/wp\/v2\/types\/post"}],"author":[{"embeddable":true,"href":"https:\/\/www.europesays.com\/fr\/wp-json\/wp\/v2\/users\/2"}],"replies":[{"embeddable":true,"href":"https:\/\/www.europesays.com\/fr\/wp-json\/wp\/v2\/comments?post=665096"}],"version-history":[{"count":0,"href":"https:\/\/www.europesays.com\/fr\/wp-json\/wp\/v2\/posts\/665096\/revisions"}],"wp:featuredmedia":[{"embeddable":true,"href":"https:\/\/www.europesays.com\/fr\/wp-json\/wp\/v2\/media\/665097"}],"wp:attachment":[{"href":"https:\/\/www.europesays.com\/fr\/wp-json\/wp\/v2\/media?parent=665096"}],"wp:term":[{"taxonomy":"category","embeddable":true,"href":"https:\/\/www.europesays.com\/fr\/wp-json\/wp\/v2\/categories?post=665096"},{"taxonomy":"post_tag","embeddable":true,"href":"https:\/\/www.europesays.com\/fr\/wp-json\/wp\/v2\/tags?post=665096"}],"curies":[{"name":"wp","href":"https:\/\/api.w.org\/{rel}","templated":true}]}}