{"id":665098,"date":"2026-01-15T10:21:11","date_gmt":"2026-01-15T10:21:11","guid":{"rendered":"https:\/\/www.europesays.com\/fr\/665098\/"},"modified":"2026-01-15T10:21:11","modified_gmt":"2026-01-15T10:21:11","slug":"j-19-le-leader-blois-ce-vendredi-a-la-trocardiere","status":"publish","type":"post","link":"https:\/\/www.europesays.com\/fr\/665098\/","title":{"rendered":"J-19 : Le leader Blois ce vendredi \u00e0 la Trocardi\u00e8re !"},"content":{"rendered":"<p>Ce vendredi 16 janvier 20h \u00e0 la Trocardi\u00e8re, le Nantes Basket Hermine re\u00e7oit le leader du championnat d\u2019Elite 2, \u00e0 savoir l\u2019ADA Blois, qui reste sur une tr\u00e8s belle victoire \u00e0 Orl\u00e9ans. Dans une s\u00e9rie de 3 d\u00e9faites cons\u00e9cutives, les Nantais retrouvent leur parquet avec l\u2019ambition de faire un gros coup face aux Bl\u00e9sois.<\/p>\n<p>En s\u2019imposant sur le score de 90 \u00e0 75 face \u00e0 Orl\u00e9ans le week-end dernier, l\u2019ADA Blois s\u2019est en effet affirm\u00e9 en tant que leader d\u2019Elite 2 avec un magnifique bilan de 14 victoires pour seulement 4 d\u00e9faites. Les joueurs du coach David Morabito arriveront donc en Loire-Atlantique en pleine confiance et avec la volont\u00e9 d\u2019encha\u00eener en exploitant du mieux que possible les vuln\u00e9rabilit\u00e9s d\u00e9fensives nantaises.<\/p>\n<p>Sur les 14 derniers confrontations toutes comp\u00e9titions confondues, Nantes ne compte que 2 victoires contre 12 succ\u00e8s pour l\u2019ADA Blois. La derni\u00e8re rencontre entre les 2 formations s\u2019\u00e9tait ainsi conclue par une victoire bl\u00e9soise sur le parquet de Nantes sur le score de 76 \u00e0 67.<\/p>\n<p>On surveillera en particulier le jeune meneur Talis Soulhac (1m88, 19 ans), leader offensif de sa formation avec une moyenne de 13,8 pts par match et qui a \u00e9t\u00e9 \u00e9patant dans le \u00ab\u00a0Centrico\u00a0\u00bb avec 25 points.<\/p>\n<p>A ses c\u00f4t\u00e9s, on retrouve le plus exp\u00e9riment\u00e9 Timoth\u00e9 Vergiat (1m88, 27 ans), sp\u00e9cialiste du 3\u00d73 et dont l\u2019adresse longue distance est un pr\u00e9cieux atout pour sa formation.<\/p>\n<p>Dans la raquette, c\u2019est le solide Yasmin Mambo (2,05 m, 23 ans) qui assure 8,4 pts et 4,4 rbs en moyenne par match et dont la pr\u00e9sence dans la raquette permet \u00e0 la fois de s\u00e9curiser le rebond et de solidifier la d\u00e9fense bl\u00e9soise.<\/p>\n<p>Face \u00e0 la d\u00e9fense suffocante propos\u00e9e par Blois (77,6 pts encaiss\u00e9s par match), les hommes de R\u00e9my Valin devront retrouver de l\u2019efficacit\u00e9 offensive pour r\u00e9aliser l\u2019exploit et ainsi se relancer apr\u00e8s cette mauvaise passe et une derni\u00e8re d\u00e9faite \u00e0 Quimper (76-71).<\/p>\n<p>Pour cela, il faudra limiter les pertes de balle pour ne pas offrir des paniers faciles en contre-attaques pour les Bl\u00e9sois et il faudra \u00e9galement bien faire bouger la balle pour cr\u00e9er les d\u00e9calages. Mais les partenaires du capitaine Hugo Mienandi devront aussi se montrer plus agressifs d\u00e9fensivement en faisant preuve de discipline et de rigueur pour mettre \u00e0 mal les offensives bl\u00e9soises.<\/p>\n<p>Pr\u00e8s de 2 300 spectateurs attendus pour pousser les joueurs qui tenteront de cr\u00e9er l\u2019exploit pour finir la phase aller un bilan positif !<\/p>\n","protected":false},"excerpt":{"rendered":"Ce vendredi 16 janvier 20h \u00e0 la Trocardi\u00e8re, le Nantes Basket Hermine re\u00e7oit le leader du championnat d\u2019Elite&hellip;\n","protected":false},"author":2,"featured_media":665099,"comment_status":"","ping_status":"","sticky":false,"template":"","format":"standard","meta":{"footnotes":""},"categories":[2818],"tags":[1111,11,1465,1777,674,1011,27,34172,955,766,34173,12,2636,25],"class_list":{"0":"post-665098","1":"post","2":"type-post","3":"status-publish","4":"format-standard","5":"has-post-thumbnail","7":"category-nantes","8":"tag-actu","9":"tag-actualites","10":"tag-basket","11":"tag-eu","12":"tag-europe","13":"tag-fr","14":"tag-france","15":"tag-hermine","16":"tag-match","17":"tag-nantes","18":"tag-nbh","19":"tag-news","20":"tag-pays-de-la-loire","21":"tag-republique-francaise"},"share_on_mastodon":{"url":"https:\/\/pubeurope.com\/@fr\/115898619336572988","error":""},"_links":{"self":[{"href":"https:\/\/www.europesays.com\/fr\/wp-json\/wp\/v2\/posts\/665098","targetHints":{"allow":["GET"]}}],"collection":[{"href":"https:\/\/www.europesays.com\/fr\/wp-json\/wp\/v2\/posts"}],"about":[{"href":"https:\/\/www.europesays.com\/fr\/wp-json\/wp\/v2\/types\/post"}],"author":[{"embeddable":true,"href":"https:\/\/www.europesays.com\/fr\/wp-json\/wp\/v2\/users\/2"}],"replies":[{"embeddable":true,"href":"https:\/\/www.europesays.com\/fr\/wp-json\/wp\/v2\/comments?post=665098"}],"version-history":[{"count":0,"href":"https:\/\/www.europesays.com\/fr\/wp-json\/wp\/v2\/posts\/665098\/revisions"}],"wp:featuredmedia":[{"embeddable":true,"href":"https:\/\/www.europesays.com\/fr\/wp-json\/wp\/v2\/media\/665099"}],"wp:attachment":[{"href":"https:\/\/www.europesays.com\/fr\/wp-json\/wp\/v2\/media?parent=665098"}],"wp:term":[{"taxonomy":"category","embeddable":true,"href":"https:\/\/www.europesays.com\/fr\/wp-json\/wp\/v2\/categories?post=665098"},{"taxonomy":"post_tag","embeddable":true,"href":"https:\/\/www.europesays.com\/fr\/wp-json\/wp\/v2\/tags?post=665098"}],"curies":[{"name":"wp","href":"https:\/\/api.w.org\/{rel}","templated":true}]}}