{"id":6651,"date":"2025-04-07T01:02:13","date_gmt":"2025-04-07T01:02:13","guid":{"rendered":"https:\/\/www.europesays.com\/fr\/6651\/"},"modified":"2025-04-07T01:02:13","modified_gmt":"2025-04-07T01:02:13","slug":"cinq-joueurs-francais-suspendus-pour-avoir-truque-plusieurs-matchs-en-belgique","status":"publish","type":"post","link":"https:\/\/www.europesays.com\/fr\/6651\/","title":{"rendered":"Cinq joueurs fran\u00e7ais suspendus pour avoir truqu\u00e9 plusieurs matchs en Belgique"},"content":{"rendered":"<p><strong>sanctions &#8211; L\u2019affaire, \u00e0 l\u2019origine de leur condamnation, avait \u00e9clat\u00e9 en juin 2018 avec une op\u00e9ration de police men\u00e9e simultan\u00e9ment dans six pays europ\u00e9ens et aux Etats-Unis sur d\u00e9cision d\u2019un juge belge<\/strong><\/p>\n<p>Ils sont accus\u00e9s d\u2019avoir truqu\u00e9 plusieurs matchs en <a href=\"https:\/\/www.20minutes.fr\/dossier\/belgique\" rel=\"nofollow noopener\" target=\"_blank\" data-ylk=\"slk:Belgique;elm:context_link;itc:0;sec:content-canvas\" class=\"link \">Belgique<\/a>. Cinq joueurs de <a href=\"https:\/\/www.20minutes.fr\/sport\/tennis\/\" rel=\"nofollow noopener\" target=\"_blank\" data-ylk=\"slk:tennis;elm:context_link;itc:0;sec:content-canvas\" class=\"link \">tennis<\/a> fran\u00e7ais ont \u00e9t\u00e9 sanctionn\u00e9s par l\u2019Itia, l\u2019Agence internationale pour l\u2019int\u00e9grit\u00e9 du tennis, a fait savoir cette derni\u00e8re dans un <a href=\"https:\/\/www.itia.tennis\/news\/sanctions\/five-french-tennis-players-sanctioned\/\" rel=\"nofollow noopener\" target=\"_blank\" data-ylk=\"slk:communiqu\u00e9 publi\u00e9 ce vendredi;elm:context_link;itc:0;sec:content-canvas\" class=\"link \">communiqu\u00e9 publi\u00e9 ce vendredi<\/a> 4 avril 2025.<\/p>\n<p>Yannick Thivant, 38 ans, qui a atteint la 590e place mondiale en septembre 2015, a \u00e9t\u00e9 suspendu \u00e0 vie. Il a reconnu avoir truqu\u00e9 22 matchs entre 2017 et 2018, dont 16 de son propre chef. Il a aussi \u00e9cop\u00e9 d\u2019une amende de 75. 000 dollars et doit restituer la somme de 37.400 euros. \u00ab Les faits exigent que les sanctions les plus s\u00e9v\u00e8res soient prononc\u00e9es \u00bb, a affirm\u00e9 le professeur Richard McLaren, en charge de ce dossier.<\/p>\n<p>Des ann\u00e9es de suspension et grosses amendes<\/p>\n<p>Thomas Brechemier, 28 ans, a \u00e9t\u00e9 class\u00e9 399e joueur mondial en ao\u00fbt 2017. Il a \u00e9t\u00e9 suspendu sept ans et six mois pour avoir truqu\u00e9 11 matchs entre 2017 et 2018. Il a \u00e9galement \u00e9t\u00e9 condamn\u00e9 \u00e0 payer une amende de 40.000 dollars, dont 27.500 dollars avec sursis.<\/p>\n<p>Gabriel Petit, 29 ans, ancien 450e joueur mondial, a \u00e9t\u00e9 suspendu six ans et six mois pour avoir truqu\u00e9 sept matchs entre 2017 et 2018. Il a aussi \u00e9t\u00e9 condamn\u00e9 \u00e0 payer une amende de 35.000 euros pour ne pas avoir r\u00e9pondu \u00e0 l\u2019Itia.<\/p>\n<p>Thomas Setodji, 29 ans, a \u00e9t\u00e9 794e joueur mondial en juillet 2024. Le jeune homme a \u00e9t\u00e9 suspendu 10 ans et condamn\u00e9 \u00e0 payer une amende de 20. 000 dollars pour le trucage de trois matchs en 2017. Il doit aussi restituer la somme de 5.500 euros.<\/p>\n<p>Enfin, Hugo Daubias, 28 ans, ex-972e jou(&#8230;)<\/p>\n<p><a href=\"https:\/\/www.20minutes.fr\/sport\/tennis\/4147170-20250405-tennis-cinq-joueurs-francais-suspendus-avoir-truque-plusieurs-matchs-belgique\" rel=\"nofollow noopener\" target=\"_blank\" data-ylk=\"slk:Lire la suite sur 20minutes;elm:context_link;itc:0;sec:content-canvas\" class=\"link \">Lire la suite sur 20minutes<\/a><\/p>\n<p>\u00c0 lire aussi :<br \/><a href=\"https:\/\/www.20minutes.fr\/sport\/tennis\/4138749-20250214-tennis-ex-numero-2-federation-condamne-dix-ans-reclusion-viols\" rel=\"nofollow noopener\" target=\"_blank\" data-ylk=\"slk:Justice : L\u2019ex-num\u00e9ro 2 de la F\u00e9d\u00e9ration fran\u00e7aise de tennis condamn\u00e9 \u00e0 dix ans de r\u00e9clusion pour viols;elm:context_link;itc:0;sec:content-canvas\" class=\"link \">Justice : L\u2019ex-num\u00e9ro 2 de la F\u00e9d\u00e9ration fran\u00e7aise de tennis condamn\u00e9 \u00e0 dix ans de r\u00e9clusion pour viols<\/a><br \/><a href=\"https:\/\/www.20minutes.fr\/sport\/tennis\/4146578-20250402-tennis-femme-sauve-assure-gael-monfils-arrete-carriere-elena-svitolina\" rel=\"nofollow noopener\" target=\"_blank\" data-ylk=\"slk:Tennis : \u00ab Ma femme m\u2019a sauv\u00e9 \u00bb, assure Ga\u00ebl Monfils, qui aurait arr\u00eat\u00e9 sa carri\u00e8re sans Elena Svitolina;elm:context_link;itc:0;sec:content-canvas\" class=\"link \">Tennis : \u00ab Ma femme m\u2019a sauv\u00e9 \u00bb, assure Ga\u00ebl Monfils, qui aurait arr\u00eat\u00e9 sa carri\u00e8re sans Elena Svitolina<\/a><\/p>\n","protected":false},"excerpt":{"rendered":"sanctions &#8211; L\u2019affaire, \u00e0 l\u2019origine de leur condamnation, avait \u00e9clat\u00e9 en juin 2018 avec une op\u00e9ration de police&hellip;\n","protected":false},"author":2,"featured_media":6652,"comment_status":"","ping_status":"","sticky":false,"template":"","format":"standard","meta":{"footnotes":""},"categories":[1415],"tags":[3795,1011,27,3791,3793,60,1467,3794,3792],"class_list":{"0":"post-6651","1":"post","2":"type-post","3":"status-publish","4":"format-standard","5":"has-post-thumbnail","7":"category-tennis","8":"tag-federation-francaise-de-tennis","9":"tag-fr","10":"tag-france","11":"tag-joueur-mondial","12":"tag-operation-de-police","13":"tag-sports","14":"tag-tennis","15":"tag-truque","16":"tag-yannick-thivant"},"share_on_mastodon":{"url":"https:\/\/pubeurope.com\/@fr\/114293987234874389","error":""},"_links":{"self":[{"href":"https:\/\/www.europesays.com\/fr\/wp-json\/wp\/v2\/posts\/6651","targetHints":{"allow":["GET"]}}],"collection":[{"href":"https:\/\/www.europesays.com\/fr\/wp-json\/wp\/v2\/posts"}],"about":[{"href":"https:\/\/www.europesays.com\/fr\/wp-json\/wp\/v2\/types\/post"}],"author":[{"embeddable":true,"href":"https:\/\/www.europesays.com\/fr\/wp-json\/wp\/v2\/users\/2"}],"replies":[{"embeddable":true,"href":"https:\/\/www.europesays.com\/fr\/wp-json\/wp\/v2\/comments?post=6651"}],"version-history":[{"count":0,"href":"https:\/\/www.europesays.com\/fr\/wp-json\/wp\/v2\/posts\/6651\/revisions"}],"wp:featuredmedia":[{"embeddable":true,"href":"https:\/\/www.europesays.com\/fr\/wp-json\/wp\/v2\/media\/6652"}],"wp:attachment":[{"href":"https:\/\/www.europesays.com\/fr\/wp-json\/wp\/v2\/media?parent=6651"}],"wp:term":[{"taxonomy":"category","embeddable":true,"href":"https:\/\/www.europesays.com\/fr\/wp-json\/wp\/v2\/categories?post=6651"},{"taxonomy":"post_tag","embeddable":true,"href":"https:\/\/www.europesays.com\/fr\/wp-json\/wp\/v2\/tags?post=6651"}],"curies":[{"name":"wp","href":"https:\/\/api.w.org\/{rel}","templated":true}]}}