{"id":665101,"date":"2026-01-15T10:23:10","date_gmt":"2026-01-15T10:23:10","guid":{"rendered":"https:\/\/www.europesays.com\/fr\/665101\/"},"modified":"2026-01-15T10:23:10","modified_gmt":"2026-01-15T10:23:10","slug":"basket-ball-n2m-les-jsa-bordeaux-veulent-poursuivre-sur-leur-lancee","status":"publish","type":"post","link":"https:\/\/www.europesays.com\/fr\/665101\/","title":{"rendered":"Basket-ball (N2M). Les JSA Bordeaux veulent poursuivre sur leur lanc\u00e9e"},"content":{"rendered":"<p>La performance collective observ\u00e9e lors de cette derni\u00e8re rencontre le confirme avec notamment les belles statistiques d\u2019Edgar Wansi Fonkua auteur de 14 points inscrits pour 12 rebonds, d\u2019Eliot Froc (16 points, 3 rebonds, 6 passes d\u00e9cisives) ou encore d\u2019Antoine Bibollet-Ruche (10 points, 11 rebonds). Le pivot des JSA Bordeaux, Wansi Fonkua ne peut qu\u2019\u00eatre satisfait de cette embellie et va dans ce sens\u00a0: \u00ab\u00a0On n\u2019a pas commenc\u00e9 le d\u00e9but d\u2019ann\u00e9e dans de bonnes conditions. On engrange de la confiance avec les victoires\u00a0\u00bb.<\/p>\n<p>Invaincus depuis fin novembre<\/p>\n<p>D\u2019\u00e9vidence, les JSA Bordeaux sont sur la bonne voie puisqu\u2019ils surfent sur une s\u00e9rie de trois succ\u00e8s de suite et de ce fait n\u2019ont plus connu l\u2019amer go\u00fbt de la d\u00e9faite depuis le 29\u00a0novembre dernier et leur court revers \u00e0 Rez\u00e9 (72-70). Le retour d\u2019Antoine Bibollet-Ruche depuis peu apr\u00e8s une longue blessure en d\u00e9but de saison y est pour quelque chose tant les prestations de ce dernier sont satisfaisantes. Un fait que confirme avec force Edgar Wansi Fonkua\u00a0: \u00ab\u00a0C\u2019est un joueur majeur de l\u2019\u00e9quipe. Avec lui, c\u2019est un gros bonus. Cela se voit au niveau dans son leadership que cela soit au niveau d\u00e9fensif ou offensif et en plus on r\u00e9cup\u00e8re F\u00e9lix Berrer. Cela fait du bien au niveau de l\u2019effectif.\u00a0\u00bb.<\/p>\n<p>Des r\u00e9sultats qui permettent aujourd\u2019hui aux JSA de se retrouver \u00e0 mi-parcours \u00e0 la 3e place au classement avec un bilan de 8 victoires pour 5 d\u00e9faites. Pour leur deuxi\u00e8me match de suite \u00e0 domicile, les Bordelais sont donc en pleine confiance avant de recevoir Montaigu ce samedi soir \u00e0 la salle des Peupliers.<\/p>\n<p>La formation vend\u00e9enne ne sera cependant pas facile \u00e0 prendre avec des \u00e9l\u00e9ments \u00e0 surveiller de pr\u00e8s tels Jonas Marie-Fran\u00e7oise (8,18 points de moyenne par match), Julien Leclair (11,15 points), Justin Jouet (ex La S\u00e9guini\u00e8re Saint-Louis, 8,54 points) et surtout, Flavien Forre (ex US Laval) avec 12,08 points de moyenne par match.<\/p>\n<p>Malgr\u00e9 sa derni\u00e8re d\u00e9faite sur le parquet du TOAC (88-59), Montaigu Vend\u00e9e pointe \u00e0 la 7e place du classement avec un bilan positif de 7 victoires pour 6 d\u00e9faites. Edgar Wansi Fonkua reconna\u00eet la valeur de l\u2019\u00e9quipe vend\u00e9enne et il sait qu\u2019il faudra aux JSA \u00eatre au meilleur de leur forme pour s\u2019imposer\u00a0: \u00ab\u00a0C\u2019est une \u00e9quipe tr\u00e8s dur \u00e0 jouer. On l\u2019a vu d\u2019ailleurs l\u00e0-bas malgr\u00e9 notre victoire 78 \u00e0 67. Il faudra \u00eatre pr\u00e9sent sur tous les secteurs de jeu que cela soit au niveau des arri\u00e8res ou des int\u00e9rieurs et dans la relance, c\u2019est tr\u00e8s rapide. Mais l\u2019objectif pour nous, c\u2019est la victoire et si possible avec la mani\u00e8re. Il faudra donc imposer notre jeu.\u00a0\u00bb.<\/p>\n<p>Le match<\/p>\n","protected":false},"excerpt":{"rendered":"La performance collective observ\u00e9e lors de cette derni\u00e8re rencontre le confirme avec notamment les belles statistiques d\u2019Edgar Wansi&hellip;\n","protected":false},"author":2,"featured_media":665102,"comment_status":"","ping_status":"","sticky":false,"template":"","format":"standard","meta":{"footnotes":""},"categories":[2817],"tags":[1111,11,1997,1777,674,1011,27,12,2219,25],"class_list":{"0":"post-665101","1":"post","2":"type-post","3":"status-publish","4":"format-standard","5":"has-post-thumbnail","7":"category-bordeaux","8":"tag-actu","9":"tag-actualites","10":"tag-bordeaux","11":"tag-eu","12":"tag-europe","13":"tag-fr","14":"tag-france","15":"tag-news","16":"tag-nouvelle-aquitaine","17":"tag-republique-francaise"},"share_on_mastodon":{"url":"https:\/\/pubeurope.com\/@fr\/115898627238129878","error":""},"_links":{"self":[{"href":"https:\/\/www.europesays.com\/fr\/wp-json\/wp\/v2\/posts\/665101","targetHints":{"allow":["GET"]}}],"collection":[{"href":"https:\/\/www.europesays.com\/fr\/wp-json\/wp\/v2\/posts"}],"about":[{"href":"https:\/\/www.europesays.com\/fr\/wp-json\/wp\/v2\/types\/post"}],"author":[{"embeddable":true,"href":"https:\/\/www.europesays.com\/fr\/wp-json\/wp\/v2\/users\/2"}],"replies":[{"embeddable":true,"href":"https:\/\/www.europesays.com\/fr\/wp-json\/wp\/v2\/comments?post=665101"}],"version-history":[{"count":0,"href":"https:\/\/www.europesays.com\/fr\/wp-json\/wp\/v2\/posts\/665101\/revisions"}],"wp:featuredmedia":[{"embeddable":true,"href":"https:\/\/www.europesays.com\/fr\/wp-json\/wp\/v2\/media\/665102"}],"wp:attachment":[{"href":"https:\/\/www.europesays.com\/fr\/wp-json\/wp\/v2\/media?parent=665101"}],"wp:term":[{"taxonomy":"category","embeddable":true,"href":"https:\/\/www.europesays.com\/fr\/wp-json\/wp\/v2\/categories?post=665101"},{"taxonomy":"post_tag","embeddable":true,"href":"https:\/\/www.europesays.com\/fr\/wp-json\/wp\/v2\/tags?post=665101"}],"curies":[{"name":"wp","href":"https:\/\/api.w.org\/{rel}","templated":true}]}}