{"id":665105,"date":"2026-01-15T10:25:11","date_gmt":"2026-01-15T10:25:11","guid":{"rendered":"https:\/\/www.europesays.com\/fr\/665105\/"},"modified":"2026-01-15T10:25:11","modified_gmt":"2026-01-15T10:25:11","slug":"la-belle-histoire-du-rugby-amateur-regionale-3-le-toulouse-rc-le-club-rose-de-la-ville-rose","status":"publish","type":"post","link":"https:\/\/www.europesays.com\/fr\/665105\/","title":{"rendered":"\u00ab\u00a0La belle histoire du rugby amateur.\u00a0\u00bb R\u00e9gionale 3 \u2013 Le Toulouse RC, le club rose de la ville rose"},"content":{"rendered":"<p>\n                Le plus jeune des clubs toulousains a trouv\u00e9 son rythme de croisi\u00e8re en R\u00e9gionale 3, o\u00f9 il vient de boucler un match \u00e0 plus de cent points. Le club au maillot rose qui joue \u00e0 la Moun\u00e8de compte 70 licenci\u00e9s et s\u2019appuie sur une vid\u00e9o \u00e0 trois millions de vues pour parfaire sa renomm\u00e9e.\n            <\/p>\n<p>Cent points, \u00e7a se c\u00e9l\u00e8bre. En R\u00e9gionale 3, le TRC a battu Marssac sur Tarn 105 \u00e0 13. Une performance qui fera date \u00e9videmment pour le plus jeune des clubs toulousains, au nom tr\u00e8s basique de Toulouse Rugby Club. Le club joue en rose et noir, ou en rose et blanc, ce qui lui permet de revendiquer le titre de \u00ab\u00a0club rose de la Ville Rose\u00a0\u00bb. Il n\u2019existe que depuis 2011. Il joue au Stade municipal de La Moun\u00e8de, banlieue Sud Ouest de Toulouse, depuis 2015, pr\u00e8s de la zone Mirail-Basso Cambo.<\/p>\n<p>Lanc\u00e9 par la presse<\/p>\n<p>Il est issu d\u2019une \u00e9quipe loisirs fond\u00e9e par des journalistes de la ville rose, on se souvient des Fr\u00e9d\u00e9ric Lafont ex de l\u2019\u00c9quipe et de M6 (entre autres), ou de St\u00e9phane Camin qui pr\u00e9sente la matinale d\u2019NRJ Toulouse. On parlait \u00e0 l\u2019\u00e9poque du Toulouse Rugby M\u00e9dia qui a donc chang\u00e9 de nom \u00e0 mesure qu\u2019il passait du monde \u00ab\u00a0corporatif\u00a0\u00bb au monde \u00ab\u00a0civil\u00a0\u00bb. Avec le temps, ce lien avec la presse s\u2019est un peu dilu\u00e9. M\u00eame si on trouve encore quelques \u00ab\u00a0plumitifs\u00a0\u00bb dans l\u2019effectif comme le centre Th\u00e9ophile Arlet.\u00a0Il a d\u2019ailleurs marqu\u00e9 un essai contre Marssac sur Tarn. \u00c0 noter ce jour-l\u00e0 la performance d\u2019Adrien Vinges, l\u2019arri\u00e8re, qui a r\u00e9ussi quinze transformations sur quinze, et elles n\u2019\u00e9taient pas toutes en face des poteaux.<\/p>\n<p>\u00ab\u00a0Il y a pas mal d\u2019anciens qui sont l\u00e0, depuis la cr\u00e9ation du club et puis, il y a des pi\u00e8ces rapport\u00e9es de-ci de-l\u00e0. Certains joueurs essaient de faire venir leurs amis. On a vu \u00e7a r\u00e9cemment avec L\u00e9o Marin, qui est en double licence avec le Toec Toac FCT (Espoirs F\u00e9d\u00e9rale 1) pour jouer avec son fr\u00e8re, Paul. Nous avons de tout, des chauffeurs de taxi, des ing\u00e9nieurs. Disons que nous sommes plut\u00f4t une \u00e9quipe de dipl\u00f4m\u00e9s\u00a0\u00bb\u00a0explique en riant Th\u00e9ophile Arlet qui est arriv\u00e9 depuis deux ans. Dans le pass\u00e9, il a port\u00e9 les couleurs du Stade Toulousain en Alamercery (il a m\u00eame c\u00f4toy\u00e9 un certain ouvreur pr\u00e9nomm\u00e9 Romain).<\/p>\n<p>Ils sont deux \u00e0 \u00eatre pass\u00e9 par les \u00e9quipes de jeunes du g\u00e9ant voisin\u00a0: \u00ab\u00a0L\u2019autre, c\u2019est Simon Duffaut, notre num\u00e9ro\u00a08, que je connais depuis 10 ans,\u00a0\u00bb. Il a d\u2019ailleurs\u00a0\u00e9t\u00e9 \u00e9lu \u00ab\u00a0homme du match\u00a0\u00bb apr\u00e8s le succ\u00e8s fleuve face \u00e0 Marssac sur Tarn. Tous les week-ends, sur la plate-forme Sport Easy, les joueurs du club peuvent voter pour \u00e9lire le meilleur d\u2019entre eux.<\/p>\n<p>Un renversement historique face \u00e0 Marciac<\/p>\n<p>Le TRC compte 70 licenci\u00e9s environ, assez pour aligner deux \u00e9quipes seniors qui s\u2019entra\u00eenent deux fois par semaine sous la direction de Patrick Milhavet qui est arriv\u00e9 en 2024-2025. Le pr\u00e9sident s\u2019appelle Fabrice Barbet, en poste depuis trois ans\u00a0: \u00ab\u00a0Avant, les joueurs dirigeaient eux-m\u00eames le club. Disons que j\u2019essaie de structurer le club pour cr\u00e9er une sorte d\u2019esprit village, dans la grande ville. L\u2019\u00e9quipe premi\u00e8re marche bien. Pour l\u2019\u00c9quipe 2, c\u2019est un peu plus compliqu\u00e9 car en R\u00e9gionale 3, l\u2019existence d\u2019une \u00e9quipe r\u00e9serve n\u2019est pas obligatoire. Alors notre \u00e9quipe 2 joue contre des adversaires de R\u00e9gionale 2 \u00e0 des dates o\u00f9 souvent leur \u00e9quipe 1 ne joue pas. Alors des \u00e9quipiers premiers viennent les renforcer. Nous, nous leur opposons des joueurs qui parfois, d\u00e9butent au rugby \u00e0 20 ans, il y a eu des matchs difficiles, mais derni\u00e8rement, ils n\u2019ont perdu que 19-16 contre Villenouvelle. Donc on s\u2019accroche.\u00a0\u00bb Autre hic, la situation fait que trop souvent, les \u00e9quipes 1 et 2 ne jouent pas au m\u00eame endroit le dimanche, ce qui emp\u00eache les dirigeants de profiter des deux matchs. \u00ab\u00a0\u00c0 domicile, nous avons quand m\u00eame un certain soutien. On ne s\u2019en sort pas si mal. Comme nous n\u2019avons pas de tribunes, on sait que ceux qui sont l\u00e0 son vraiment motiv\u00e9s pour nous voir.\u00a0\u00bb narre Th\u00e9ophile Arlet. Son club en tant que citadin, n\u2019est pas ancr\u00e9 dans un territoire bien identifi\u00e9 comme la plupart de leurs adversaires, ce qui compte au niveau r\u00e9gional\u00a0: \u00ab\u00a0Aux yeux des autres \u00e9quipes, nous sommes un parfois les gars de la ville, qui n\u2019aiment pas trop le \u00ab\u00a0chocolat\u00a0\u00bb ou la guerre. Mais manifestement, on rel\u00e8ve le d\u00e9fi.\u00a0\u00bb poursuit le joueur.<\/p>\n<blockquote data-instgrm-captioned=\"\" data-instgrm-permalink=\"https:\/\/www.instagram.com\/reel\/DH-rcQphzEG\/?utm_source=ig_embed&amp;utm_campaign=loading\" data-instgrm-version=\"14\" style=\" background:#FFF; border:0; border-radius:3px; box-shadow:0 0 1px 0 rgba(0,0,0,0.5),0 1px 10px 0 rgba(0,0,0,0.15); margin: 1px; max-width:540px; min-width:326px; padding:0; width:99.375%; width:-webkit-calc(100% - 2px); width:calc(100% - 2px);\" data-class=\"instagram-media\"\/>\n<p>Fabrice Barbet ne\u00a0cache pas un manqu\u00e9, le TRC n\u2019a pas d\u2019\u00e9quipes de jeunes\u00a0: \u00ab\u00a0Nous n\u2019y arrivons pas. Car nous sommes dans une zone de l\u2019agglom\u00e9ration qui est plut\u00f4t foot. Mais il y a un projet avec le Toec Toac FCT.\u00a0\u00bb\u00a0Mais le club a semble-t-il trouv\u00e9 son rythme de croisi\u00e8re\u00a0: \u00ab\u00a0Nous sommes all\u00e9s jusqu\u2019en R\u00e9gionale 2, mais nous avons voulu descendre en R\u00e9gionale 3 pour nous structurer.\u00a0\u00bb\u00a0Le club dispose de\u00a012\u00a0000\u00a0euros de budget, quelques sponsors, un joli club-house et deux terrains municipaux qu\u2019il faut cependant partager avec deux autres \u00e9quipes toulousaines\u00a0: \u00ab\u00a0Regardez cette semaine, 43 joueurs sont inscrits pour ce week-end, sur la plate-forme\u00a0Sport Easy. Les joueurs sont assez assidus, m\u00eame ceux qui sont p\u00e8res de famille.\u00a0\u00bb<\/p>\n<p>Au TRC, on vise bien s\u00fbr les phases finales r\u00e9gionales et si possible, nationales. Fabrice Barbet s\u2019y pr\u00e9pare en sachant que les grands d\u00e9placements en bus s\u2019ils doivent exister, p\u00e8seront lourd dans son budget\u00a0: \u00ab\u00a0Je viens de recevoir un devis pour aller \u00e0 Lacaune, \u00e0 deux heures et demie de chez nous. \u00c7a repr\u00e9sente 869\u00a0euros. Mais nous faisons la majorit\u00e9 des d\u00e9placements en covoiturage.\u00a0\u00bb<\/p>\n<p>Mine de rien la notori\u00e9t\u00e9 du club est en progression car il a un petit exploit \u00e0 son actif. Ce ne sont pas les cent points inscrits face \u00e0 Marssac sur Tarn, \u00ab\u00a0mais une victoire contre Marciac en seizi\u00e8me de finale de promotion r\u00e9gionale 3, o\u00f9 nous nous sommes impos\u00e9s apr\u00e8s avoir \u00e9t\u00e9 men\u00e9s de treize points \u00e0 deux minutes de la fin,\u00a0\u00bb pr\u00e9cise Th\u00e9ophile Arlet.\u00a0Ce succ\u00e8s extraordinaire, Fabrice Barbet s\u2019en f\u00e9licite encore\u00a0: \u00ab\u00a0Les images ont fait environ 3\u00a0millions de vues sur les r\u00e9seaux sociaux. \u00c7a nous a fait conna\u00eetre, un joueur de niveau F\u00e9d\u00e9rale 3 du Pays Basque est venu nous voir gr\u00e2ce \u00e0 \u00e7a. Il est \u00e9tudiant \u00e0 Toulouse et il a sign\u00e9 chez nous en double licence.\u00a0\u00bb<\/p>\n<p>                    <script async src=\"\/\/www.instagram.com\/embed.js\"><\/script><\/p>\n","protected":false},"excerpt":{"rendered":"Le plus jeune des clubs toulousains a trouv\u00e9 son rythme de croisi\u00e8re en R\u00e9gionale 3, o\u00f9 il vient&hellip;\n","protected":false},"author":2,"featured_media":665106,"comment_status":"","ping_status":"","sticky":false,"template":"","format":"standard","meta":{"footnotes":""},"categories":[2816],"tags":[1111,11,5592,1777,674,1011,27,12,2680,25,2312],"class_list":{"0":"post-665105","1":"post","2":"type-post","3":"status-publish","4":"format-standard","5":"has-post-thumbnail","7":"category-toulouse","8":"tag-actu","9":"tag-actualites","10":"tag-amateurs","11":"tag-eu","12":"tag-europe","13":"tag-fr","14":"tag-france","15":"tag-news","16":"tag-occitanie","17":"tag-republique-francaise","18":"tag-toulouse"},"share_on_mastodon":{"url":"https:\/\/pubeurope.com\/@fr\/115898634915301730","error":""},"_links":{"self":[{"href":"https:\/\/www.europesays.com\/fr\/wp-json\/wp\/v2\/posts\/665105","targetHints":{"allow":["GET"]}}],"collection":[{"href":"https:\/\/www.europesays.com\/fr\/wp-json\/wp\/v2\/posts"}],"about":[{"href":"https:\/\/www.europesays.com\/fr\/wp-json\/wp\/v2\/types\/post"}],"author":[{"embeddable":true,"href":"https:\/\/www.europesays.com\/fr\/wp-json\/wp\/v2\/users\/2"}],"replies":[{"embeddable":true,"href":"https:\/\/www.europesays.com\/fr\/wp-json\/wp\/v2\/comments?post=665105"}],"version-history":[{"count":0,"href":"https:\/\/www.europesays.com\/fr\/wp-json\/wp\/v2\/posts\/665105\/revisions"}],"wp:featuredmedia":[{"embeddable":true,"href":"https:\/\/www.europesays.com\/fr\/wp-json\/wp\/v2\/media\/665106"}],"wp:attachment":[{"href":"https:\/\/www.europesays.com\/fr\/wp-json\/wp\/v2\/media?parent=665105"}],"wp:term":[{"taxonomy":"category","embeddable":true,"href":"https:\/\/www.europesays.com\/fr\/wp-json\/wp\/v2\/categories?post=665105"},{"taxonomy":"post_tag","embeddable":true,"href":"https:\/\/www.europesays.com\/fr\/wp-json\/wp\/v2\/tags?post=665105"}],"curies":[{"name":"wp","href":"https:\/\/api.w.org\/{rel}","templated":true}]}}