{"id":665107,"date":"2026-01-15T10:27:16","date_gmt":"2026-01-15T10:27:16","guid":{"rendered":"https:\/\/www.europesays.com\/fr\/665107\/"},"modified":"2026-01-15T10:27:16","modified_gmt":"2026-01-15T10:27:16","slug":"match-un-6e-absent-surprise-pour-psg-lille","status":"publish","type":"post","link":"https:\/\/www.europesays.com\/fr\/665107\/","title":{"rendered":"Match : Un 6e absent surprise pour PSG\/Lille"},"content":{"rendered":"<p>Le PSG a publi\u00e9 son traditionnel point m\u00e9dical \u00e0 la veille du match face \u00e0 Lille comptant pour la 18e journ\u00e9e de Ligue 1. Et mauvaise surprise, Jo\u00e3o Neves a rejoint l&rsquo;infirmerie parisienne.<\/p>\n<p>C&rsquo;est un PSG amoindri qui d\u00e9fiera Lille ce vendredi soir au Parc des Princes (21h) dans le cadre de la 18e journ\u00e9e de Ligue 1. En plus des absences d&rsquo;Achraf <strong>Hakimi <\/strong>et Ibrahim <strong>Mbaye<\/strong>, toujours \u00e0 la CAN avec le Maroc et le S\u00e9n\u00e9gal, le PSG devra encore composer sans ses bless\u00e9s des derni\u00e8res semaines.\u00a0<\/p>\n<p>Dans son point m\u00e9dical du jour, le PSG informe en effet que \u00ab Quentin <strong>Ndjantou <\/strong>poursuit son protocole de soins \u00bb tandis que \u00ab Lee <strong>Kang-in<\/strong>\u00a0et Matvey <strong>Safonov <\/strong>effectuent un travail adapt\u00e9 \u00bb, comme depuis plusieurs semaines maintenant. Mais la mauvaise nouvelle du jour concerne Jo\u00e3o <strong>Neves<\/strong>.<\/p>\n<p>Rest\u00e9 sur le banc lundi face au Paris FC, le milieu de terrain portugais souffre\u00a0\u00ab d\u2019une g\u00eane musculaire \u00bb et\u00a0\u00ab effectue un travail individuel \u00bb ce jeudi. Pr\u00e9sent dans le point m\u00e9dical du PSG, Jo\u00e3o Neves sera \u00e0 coup s\u00fbr absent ce vendredi soir, enlevant donc une option \u00e0 Luis Enrique au milieu, lui qui aurait sans doute bien aim\u00e9 faire souffler Fabian Ruiz. Par rapport au match de lundi face au Paris FC, le PSG r\u00e9cup\u00e8re en revanche Lucas <strong>Hernandez<\/strong>, qui n&rsquo;est plus malade et qui s&rsquo;entra\u00eene\u00a0normalement depuis mardi.<\/p>\n<p>Le point m\u00e9dical avant PSG\/Lille :<\/p>\n<ul>\n<li>En raison d\u2019une g\u00eane musculaire, Jo\u00e3o <strong>Neves <\/strong>effectue un travail individuel.<\/li>\n<li>Quentin <strong>Ndjantou <\/strong>poursuit son protocole de soins.<\/li>\n<li>Kang-In <strong>Lee <\/strong>et Matvey <strong>Safonov <\/strong>effectuent un travail adapt\u00e9.<\/li>\n<\/ul>\n","protected":false},"excerpt":{"rendered":"Le PSG a publi\u00e9 son traditionnel point m\u00e9dical \u00e0 la veille du match face \u00e0 Lille comptant pour&hellip;\n","protected":false},"author":2,"featured_media":665108,"comment_status":"","ping_status":"","sticky":false,"template":"","format":"standard","meta":{"footnotes":""},"categories":[2815],"tags":[1111,11,1777,674,1011,27,811,1307,12,25],"class_list":{"0":"post-665107","1":"post","2":"type-post","3":"status-publish","4":"format-standard","5":"has-post-thumbnail","7":"category-lille","8":"tag-actu","9":"tag-actualites","10":"tag-eu","11":"tag-europe","12":"tag-fr","13":"tag-france","14":"tag-hauts-de-france","15":"tag-lille","16":"tag-news","17":"tag-republique-francaise"},"share_on_mastodon":{"url":"https:\/\/pubeurope.com\/@fr\/115898642811667010","error":""},"_links":{"self":[{"href":"https:\/\/www.europesays.com\/fr\/wp-json\/wp\/v2\/posts\/665107","targetHints":{"allow":["GET"]}}],"collection":[{"href":"https:\/\/www.europesays.com\/fr\/wp-json\/wp\/v2\/posts"}],"about":[{"href":"https:\/\/www.europesays.com\/fr\/wp-json\/wp\/v2\/types\/post"}],"author":[{"embeddable":true,"href":"https:\/\/www.europesays.com\/fr\/wp-json\/wp\/v2\/users\/2"}],"replies":[{"embeddable":true,"href":"https:\/\/www.europesays.com\/fr\/wp-json\/wp\/v2\/comments?post=665107"}],"version-history":[{"count":0,"href":"https:\/\/www.europesays.com\/fr\/wp-json\/wp\/v2\/posts\/665107\/revisions"}],"wp:featuredmedia":[{"embeddable":true,"href":"https:\/\/www.europesays.com\/fr\/wp-json\/wp\/v2\/media\/665108"}],"wp:attachment":[{"href":"https:\/\/www.europesays.com\/fr\/wp-json\/wp\/v2\/media?parent=665107"}],"wp:term":[{"taxonomy":"category","embeddable":true,"href":"https:\/\/www.europesays.com\/fr\/wp-json\/wp\/v2\/categories?post=665107"},{"taxonomy":"post_tag","embeddable":true,"href":"https:\/\/www.europesays.com\/fr\/wp-json\/wp\/v2\/tags?post=665107"}],"curies":[{"name":"wp","href":"https:\/\/api.w.org\/{rel}","templated":true}]}}