{"id":665109,"date":"2026-01-15T10:28:13","date_gmt":"2026-01-15T10:28:13","guid":{"rendered":"https:\/\/www.europesays.com\/fr\/665109\/"},"modified":"2026-01-15T10:28:13","modified_gmt":"2026-01-15T10:28:13","slug":"un-tireur-sportif-braque-a-son-domicile-marseillais-pour-ses-armes","status":"publish","type":"post","link":"https:\/\/www.europesays.com\/fr\/665109\/","title":{"rendered":"Un tireur sportif braqu\u00e9 \u00e0 son domicile marseillais pour ses armes"},"content":{"rendered":"<p>La fuite de donn\u00e9es dont a \u00e9t\u00e9 victime la f\u00e9d\u00e9ration fran\u00e7aise de tir sportif (Fftir), <a href=\"https:\/\/www.laprovence.com\/article\/faits-divers-justice\/3224252290238814\/noms-adresses-la-federation-francaise-de-tir-ciblee-par-un-piratage-informatique-en-paca-et-partout-en-france\" target=\"_blank\" rel=\"noopener\">en octobre dernier<\/a>, est-elle \u00e0 l&rsquo;origine d&rsquo;un nouveau vol cibl\u00e9 \u00e0 Marseille ? La question se pose encore apr\u00e8s le braquage, ce soir du mercredi 14 janvier 2026, d&rsquo;un licenci\u00e9 domicili\u00e9 dans le 5e arrondissement, victime du vol de deux armes qu&rsquo;il d\u00e9tenait l\u00e9galement, sous la menace de trois hommes munis de couteaux et manifestement bien renseign\u00e9s.<\/p>\n<p>Aucune donn\u00e9e relative \u00e0 la d\u00e9tention d&rsquo;armes et de munitions n&rsquo;a pu fuiter lors du piratage des serveurs de la FFtir, mais les coordonn\u00e9es de quelque 275 000 licenci\u00e9s, pour une bonne partie d\u00e9tenteurs d&rsquo;armes, ont pu se retrouver entre les mains de malfaiteurs.<\/p>\n<p>Les braqueurs repartent avec deux armes longues<\/p>\n<p>Le trio \u00e0 l\u2019origine du braquage, ce mercredi soir, savait ce qu&rsquo;il venait chercher en d\u00e9boulant \u00e0 l&rsquo;adresse d&rsquo;un homme de quarante ans, non loin du boulevard Baille, vers 19h30. Apr\u00e8s avoir menac\u00e9 leur victime avec un couteau, les braqueurs ont pris la fuite avec deux armes longues, un fusil \u00e0 pompe de calibre 12 et une carabine de type AR-15 chambr\u00e9e en 9mm. Des armes de cat\u00e9gorie B d\u00fbment d\u00e9clar\u00e9es et s\u00e9curis\u00e9es, qui ont \u00e9t\u00e9 emport\u00e9es dans leur \u00e9tui par les malfaiteurs, tandis que la victime alertait la police.<\/p>\n<p>Mais moins d&rsquo;une demi-heure plus tard, <a href=\"https:\/\/www.laprovence.com\/article\/faits-divers-justice\/41483118933585\/repere-par-un-policier-hors-service-il-derobe-le-sac-dun-chauffeur-en-gare-de-marseille-saint-charles\" target=\"_blank\" rel=\"noopener\">un \u00e9quipage du service de s\u00e9curisation des transports en commun (SISTC)<\/a>, aid\u00e9 notamment du signalement des braqueurs, a rep\u00e9r\u00e9 deux d&rsquo;entre eux, probablement en attente d&rsquo;\u00eatre r\u00e9cup\u00e9r\u00e9s. Les deux hommes ont aussit\u00f4t \u00e9t\u00e9 interpell\u00e9s et les armes retrouv\u00e9es.<\/p>\n<p>\u00c2g\u00e9s d&rsquo;une vingtaine d&rsquo;ann\u00e9es, ils ont reconnu en garde \u00e0 vue avoir agi sur commande. Une enqu\u00eate a \u00e9t\u00e9 ouverture pour retrouver leur complice et remonter la piste du commanditaire.\u00a0<\/p>\n","protected":false},"excerpt":{"rendered":"La fuite de donn\u00e9es dont a \u00e9t\u00e9 victime la f\u00e9d\u00e9ration fran\u00e7aise de tir sportif (Fftir), en octobre dernier,&hellip;\n","protected":false},"author":2,"featured_media":665110,"comment_status":"","ping_status":"","sticky":false,"template":"","format":"standard","meta":{"footnotes":""},"categories":[2814],"tags":[5734,1111,11,28036,15335,1777,674,274,1011,27,761,884,12,471,882,25,3711,7499,76586],"class_list":{"0":"post-665109","1":"post","2":"type-post","3":"status-publish","4":"format-standard","5":"has-post-thumbnail","7":"category-marseille","8":"tag-5734","9":"tag-actu","10":"tag-actualites","11":"tag-braque","12":"tag-domicile","13":"tag-eu","14":"tag-europe","15":"tag-faits-divers-justice","16":"tag-fr","17":"tag-france","18":"tag-marseillais","19":"tag-marseille","20":"tag-news","21":"tag-pour","22":"tag-provence-alpes-cote-dazur","23":"tag-republique-francaise","24":"tag-son","25":"tag-sportif","26":"tag-tireur"},"share_on_mastodon":{"url":"https:\/\/pubeurope.com\/@fr\/115898646779011434","error":""},"_links":{"self":[{"href":"https:\/\/www.europesays.com\/fr\/wp-json\/wp\/v2\/posts\/665109","targetHints":{"allow":["GET"]}}],"collection":[{"href":"https:\/\/www.europesays.com\/fr\/wp-json\/wp\/v2\/posts"}],"about":[{"href":"https:\/\/www.europesays.com\/fr\/wp-json\/wp\/v2\/types\/post"}],"author":[{"embeddable":true,"href":"https:\/\/www.europesays.com\/fr\/wp-json\/wp\/v2\/users\/2"}],"replies":[{"embeddable":true,"href":"https:\/\/www.europesays.com\/fr\/wp-json\/wp\/v2\/comments?post=665109"}],"version-history":[{"count":0,"href":"https:\/\/www.europesays.com\/fr\/wp-json\/wp\/v2\/posts\/665109\/revisions"}],"wp:featuredmedia":[{"embeddable":true,"href":"https:\/\/www.europesays.com\/fr\/wp-json\/wp\/v2\/media\/665110"}],"wp:attachment":[{"href":"https:\/\/www.europesays.com\/fr\/wp-json\/wp\/v2\/media?parent=665109"}],"wp:term":[{"taxonomy":"category","embeddable":true,"href":"https:\/\/www.europesays.com\/fr\/wp-json\/wp\/v2\/categories?post=665109"},{"taxonomy":"post_tag","embeddable":true,"href":"https:\/\/www.europesays.com\/fr\/wp-json\/wp\/v2\/tags?post=665109"}],"curies":[{"name":"wp","href":"https:\/\/api.w.org\/{rel}","templated":true}]}}