{"id":665125,"date":"2026-01-15T10:38:16","date_gmt":"2026-01-15T10:38:16","guid":{"rendered":"https:\/\/www.europesays.com\/fr\/665125\/"},"modified":"2026-01-15T10:38:16","modified_gmt":"2026-01-15T10:38:16","slug":"action-coup-de-poing-de-la-confederation-paysanne-a-paris-52-gardes-a-vue","status":"publish","type":"post","link":"https:\/\/www.europesays.com\/fr\/665125\/","title":{"rendered":"Action coup de poing de la Conf\u00e9d\u00e9ration paysanne \u00e0 Paris, 52 gardes \u00e0 vue"},"content":{"rendered":"<p class=\"MsoPlainText\">Peu apr\u00e8s 16h mercredi 14 janvier, les manifestants r\u00e9unis dans l&rsquo;enceinte de la direction g\u00e9n\u00e9rale de la performance \u00e9conomique, \u00e0 quelques m\u00e8tres de l&rsquo;entr\u00e9e du minist\u00e8re dans le VIIe arrondissement de Paris, ont d\u00e9ploy\u00e9 une banderole plaidant : \u00ab\u00a0L&rsquo;agriculture, on veut en vivre, pas en mourir\u00a0\u00bb.<\/p>\n<p class=\"MsoPlainText\">\u00ab\u00a0Un groupe de personnes se revendiquant de la Conf\u00e9d\u00e9ration Paysanne a p\u00e9n\u00e9tr\u00e9 sans autorisation l&rsquo;enceinte ext\u00e9rieure d&rsquo;une annexe du minist\u00e8re de l&rsquo;Agriculture\u00a0\u00bb, a relat\u00e9 la pr\u00e9fecture de Paris dans la soir\u00e9e, pr\u00e9cisant que \u00ab\u00a0ces faits sont constitutifs d&rsquo;un grave trouble \u00e0 l&rsquo;ordre public et de plusieurs d\u00e9lits\u00a0\u00bb.<\/p>\n<p class=\"MsoPlainText\">Les policiers ont \u00e9vacu\u00e9 les lieux et interpell\u00e9 50 personnes ensuite plac\u00e9es en garde \u00e0 vue, a ajout\u00e9 la pr\u00e9fecture, indiquant qu&rsquo;un repr\u00e9sentant du minist\u00e8re de l&rsquo;Agriculture avait d\u00e9pos\u00e9 plainte. La Conf\u00e9d\u00e9ration paysanne \u00e9voque 52 gardes \u00e0 vue parmi lesquelles ses trois porte-parole nationaux ainsi que le pr\u00e9sident de la chambre d&rsquo;agriculture de Guyane Jean-Yves Tarcy.<\/p>\n<p>\u00ab\u00a0Deux poids deux mesures\u00a0\u00bb<\/p>\n<p class=\"MsoPlainText\">\u00ab\u00a0La ministre de l&rsquo;Agriculture a port\u00e9 plainte contre une action pacifique, men\u00e9e sans aucune violence\u00a0\u00bb, a d\u00e9nonc\u00e9 le syndicat dans un communiqu\u00e9 appelant \u00e0 la lib\u00e9ration des militants et d\u00e9non\u00e7ant \u00ab\u00a0le deux poids deux mesures de ce gouvernement dans la r\u00e9pression syndicale et dans les r\u00e9ponses politiques aux demandes\u00a0\u00bb des agriculteurs.<\/p>\n<p class=\"MsoPlainText\">Etaient pr\u00e9sents des agriculteurs venus d&rsquo;Outre-mer, pour clamer \u00ab\u00a0la solidarit\u00e9 entre les paysans\u00a0\u00bb et d\u00e9noncer la politique agricole du gouvernement et l&rsquo;accaparement selon eux des subventions publiques par un petit nombre d&rsquo;exploitants et de grands groupes agroindustriels. <\/p>\n<p class=\"MsoPlainText\">\u00ab\u00a0La col\u00e8re qui s\u2019exprime depuis des semaines dans l\u2019hexagone, sur la gestion de la crise de la DNC et l\u2019accord UE-Mercosur, fait \u00e9cho aux difficult\u00e9s que rencontrent les paysans des d\u00e9partements et r\u00e9gions d&rsquo;outre-mer, explique le syndicat. Cette action d\u2019occupation des locaux du Minist\u00e8re vise \u00e0 d\u00e9noncer cette situation\u00a0\u00bb.<\/p>\n<p>\u00ab\u00a0R\u00e9pression\u00a0\u00bb<\/p>\n<p class=\"MsoPlainText\">Fanny M\u00e9trat, l&rsquo;une des porte-parole de la Conf\u00e9d\u00e9ration paysanne, a demand\u00e9 la \u00ab\u00a0d\u00e9colonisation de l&rsquo;agriculture\u00a0\u00bb et \u00ab\u00a0la fin de cette cogestion insupportable de la FNSEA et du minist\u00e8re de l&rsquo;Agriculture\u00a0\u00bb.<\/p>\n<p class=\"MsoPlainText\">Cette d\u00e9claration intervient au lendemain d&rsquo;une <a href=\"https:\/\/www.pleinchamp.com\/actualite\/pour-denouer-la-crise-sebastien-lecornu-annonce-une-loi-d-urgence-agricole\" target=\"_blank\" title=\"\" rel=\"noopener\">nouvelle salve d&rsquo;annonces du gouvernement <\/a>qui a notamment promis une \u00ab\u00a0loi d&rsquo;urgence agricole\u00a0\u00bb portant sur la pr\u00e9dation, l&rsquo;eau et les moyens de production, r\u00e9pondant aux demandes de l&rsquo;alliance FNSEA-Jeunes agriculteurs.<\/p>\n<p class=\"MsoPlainText\">\u00ab\u00a0La FNSEA peut<a href=\"https:\/\/www.pleinchamp.com\/actualite\/la-fnsea-poursuit-sa-mobilisation-avec-une-demonstration-de-force-dans-paris\" target=\"_blank\" title=\"\" rel=\"noopener\"> faire d\u00e9filer 400 tracteurs<\/a> et est re\u00e7ue en grande pompe par Ya\u00ebl Braun-Pivet et le Premier ministre. Nous, \u00e0 chaque fois qu&rsquo;on se mobilise, tout ce qu&rsquo;on obtient c&rsquo;est de la r\u00e9pression\u00a0\u00bb, a d\u00e9nonc\u00e9 Thomas Gibert, \u00e9galement porte-parole du syndicat.<\/p>\n<p class=\"MsoPlainText\">La semaine derni\u00e8re, Thomas Gibert et St\u00e9phane Galais, le troisi\u00e8me porte-parole, avaient \u00e9t\u00e9 interpell\u00e9s brutalement au pied de l&rsquo;Arc de Triomphe, o\u00f9 il \u00e9taient venus attendre six tracteurs de leur syndicat apr\u00e8s une op\u00e9ration escargot sur le p\u00e9riph\u00e9rique.<\/p>\n","protected":false},"excerpt":{"rendered":"Peu apr\u00e8s 16h mercredi 14 janvier, les manifestants r\u00e9unis dans l&rsquo;enceinte de la direction g\u00e9n\u00e9rale de la performance&hellip;\n","protected":false},"author":2,"featured_media":665126,"comment_status":"","ping_status":"","sticky":false,"template":"","format":"standard","meta":{"footnotes":""},"categories":[1888],"tags":[11,1777,674,1011,27,12,626,25],"class_list":{"0":"post-665125","1":"post","2":"type-post","3":"status-publish","4":"format-standard","5":"has-post-thumbnail","7":"category-paris","8":"tag-actualites","9":"tag-eu","10":"tag-europe","11":"tag-fr","12":"tag-france","13":"tag-news","14":"tag-paris","15":"tag-republique-francaise"},"share_on_mastodon":{"url":"https:\/\/pubeurope.com\/@fr\/115898686104241591","error":""},"_links":{"self":[{"href":"https:\/\/www.europesays.com\/fr\/wp-json\/wp\/v2\/posts\/665125","targetHints":{"allow":["GET"]}}],"collection":[{"href":"https:\/\/www.europesays.com\/fr\/wp-json\/wp\/v2\/posts"}],"about":[{"href":"https:\/\/www.europesays.com\/fr\/wp-json\/wp\/v2\/types\/post"}],"author":[{"embeddable":true,"href":"https:\/\/www.europesays.com\/fr\/wp-json\/wp\/v2\/users\/2"}],"replies":[{"embeddable":true,"href":"https:\/\/www.europesays.com\/fr\/wp-json\/wp\/v2\/comments?post=665125"}],"version-history":[{"count":0,"href":"https:\/\/www.europesays.com\/fr\/wp-json\/wp\/v2\/posts\/665125\/revisions"}],"wp:featuredmedia":[{"embeddable":true,"href":"https:\/\/www.europesays.com\/fr\/wp-json\/wp\/v2\/media\/665126"}],"wp:attachment":[{"href":"https:\/\/www.europesays.com\/fr\/wp-json\/wp\/v2\/media?parent=665125"}],"wp:term":[{"taxonomy":"category","embeddable":true,"href":"https:\/\/www.europesays.com\/fr\/wp-json\/wp\/v2\/categories?post=665125"},{"taxonomy":"post_tag","embeddable":true,"href":"https:\/\/www.europesays.com\/fr\/wp-json\/wp\/v2\/tags?post=665125"}],"curies":[{"name":"wp","href":"https:\/\/api.w.org\/{rel}","templated":true}]}}