{"id":665130,"date":"2026-01-15T10:41:10","date_gmt":"2026-01-15T10:41:10","guid":{"rendered":"https:\/\/www.europesays.com\/fr\/665130\/"},"modified":"2026-01-15T10:41:10","modified_gmt":"2026-01-15T10:41:10","slug":"aux-etats-unis-la-multiplication-de-data-centers-suscite-une-opposition-locale-croissante","status":"publish","type":"post","link":"https:\/\/www.europesays.com\/fr\/665130\/","title":{"rendered":"Aux \u00c9tats-Unis, la multiplication de data centers suscite une opposition locale croissante"},"content":{"rendered":"<p>25 projets de centres de donn\u00e9es ont \u00e9t\u00e9 abandonn\u00e9s en 2025 aux \u00c9tats-Unis sous l\u2019effet d\u2019oppositions locales, soit quatre fois plus que l\u2019ann\u00e9e pr\u00e9c\u00e9dente. Au moins 99 autres projets sont contest\u00e9s \u00e0 travers le pays, sur un total de 770 projets annonc\u00e9s.<\/p>\n<p>Concr\u00e8tement, environ 40 % des projets qui rencontrent une opposition ont \u00e9t\u00e9 remis\u00e9s aux oubliettes, calcule le m\u00e9dia sp\u00e9cialis\u00e9 dans les questions environnementales <a href=\"https:\/\/heatmap.news\/politics\/data-center-cancellations-2025\" target=\"_blank\" rel=\"noreferrer noopener\">Heatmap<\/a>. En quadruplant en un an, l\u2019indicateur du nombre de projets finalement abandonn\u00e9s a augment\u00e9 plus vite que la plupart des autres \u00e9l\u00e9ments habituellement suivis par le march\u00e9 des centres de donn\u00e9es, \u00e0 commencer par leur consommation globale d\u2019\u00e9lectricit\u00e9 (+\u00a022 % aux \u00c9tats-Unis en un an).<\/p>\n<p>Une dynamique qui n\u2019\u00e9tonne pas n\u00e9cessairement les sp\u00e9cialistes, dans la mesure o\u00f9 la multiplication des projets industriels entra\u00eene aussi celle des risques de ne voir certains d\u2019entre eux arriver \u00e0 leurs termes. Aupr\u00e8s de Heatmap, l\u2019ancien directeur de la strat\u00e9gie \u00e9nerg\u00e9tique de Meta indique s\u2019attendre \u00e0 ce que seulement 10 % des projets pr\u00e9par\u00e9s actuellement ne voient finalement le jour. La tendance illustre n\u00e9anmoins l&rsquo;attention croissante que les populations portent \u00e0 ce type de projets, quand bien m\u00eame leurs repr\u00e9sentants politiques peinent \u00e0 s\u2019emparer du sujet.<\/p>\n<p>La lutte contre les data centers, \u00ab\u00a0grand unificateur\u00a0\u00bb politique<\/p>\n<p>Dans un contexte politique tendu, l\u2019opposition aux data centers est aussi d\u00e9crite localement comme le \u00ab\u00a0grand unificateur\u00a0\u00bb de la droite et de la gauche \u00e9tats-uniennes. En octobre, des militants a priori irr\u00e9conciliables du mouvement \u00ab\u00a0Stop the Steal\u00a0\u00bb (initialement engag\u00e9 pour s\u2019opposer \u00e0 la perte de l&rsquo;\u00e9lection pr\u00e9sidentielle par Donald Trump en 2020) et des Socialistes d\u00e9mocrates d\u2019Am\u00e9rique se sont ainsi r\u00e9unis en une seule coalition pour s\u2019opposer \u00e0 un projet de construction de plus d\u2019une dizaine de centres de donn\u00e9es dans le Michigan.<\/p>\n<p>Si ces dynamiques sont visibles sur le terrain, elles ne se traduisent en revanche pas n\u00e9cessairement en parole ou en acte de la part des repr\u00e9sentants politiques. De fait, les d\u00e9penses politiques des porteurs de projets technologiques ont clairement particip\u00e9 \u00e0 l\u2019\u00e9volution politique r\u00e9cente du pays\u00a0: en amont des \u00e9lections de mi-mandat, d\u00e9mocrates comme r\u00e9publicains se disputent de nouveau leurs faveurs financi\u00e8res, <a href=\"https:\/\/www.theguardian.com\/us-news\/2026\/jan\/13\/datacenters-us-political-opposition\" target=\"_blank\" rel=\"noreferrer noopener\">explique The Guardian<\/a>.<\/p>\n<p>Les rares \u00e0 avoir pris la parole sont plut\u00f4t issus de la gauche du Parti d\u00e9mocrate \u2013 ainsi de <a href=\"https:\/\/next.ink\/203441\/bernie-sanders-veut-que-lia-permette-de-passer-aux-32-heures\/\" target=\"_blank\" rel=\"noopener\">Bernie Sanders<\/a>\u00a0\u2013, mais des R\u00e9publicains comme le gouverneur d\u00e9mocrate de Floride Ron DeSantis ont aussi propos\u00e9 des jeux de mesures pour prot\u00e9ger les r\u00e9sidents de l\u2019arriv\u00e9e de g\u00e9ants de l\u2019IA et de vastes centres de donn\u00e9es.<\/p>\n<p>Pression croissante sur les r\u00e9seaux \u00e9nerg\u00e9tiques<\/p>\n<p>Parmi les inqui\u00e9tudes cit\u00e9es le plus fr\u00e9quemment par les opposants aux divers projets de centres de donn\u00e9es, on trouve celles relatives aux pollutions g\u00e9n\u00e9r\u00e9es par leurs activit\u00e9s, \u00e0 leur consommation en eau, \u00e0 leurs effets sur l\u2019emploi (l\u2019intelligence artificielle \u00e9tant comprise comme destructrice d\u2019emplois alors que les centres de donn\u00e9es, eux, en g\u00e9n\u00e8rent peu) ou, surtout, celles concernant la somme d\u2019\u00e9nergie n\u00e9cessaire \u00e0 l\u2019alimentation de ces fermes de serveurs.<\/p>\n<p>La multiplication des centres de donn\u00e9es pose ainsi des probl\u00e8mes croissants aux fournisseurs locaux d\u2019\u00e9lectricit\u00e9. Dans 13 \u00c9tats qui s\u2019\u00e9tendent du New Jersey au Kentucky, rel\u00e8ve par exemple <a href=\"https:\/\/www.wsj.com\/business\/energy-oil\/power-grid-ai-data-centers-1235f296\" target=\"_blank\" rel=\"noreferrer noopener\">le Wall Street Journal<\/a>, 67 millions de personnes obtiennent leur \u00e9lectricit\u00e9 de l\u2019organisation \u00e0 but non lucratif <a href=\"https:\/\/en.wikipedia.org\/wiki\/PJM_Interconnection\" target=\"_blank\" rel=\"noreferrer noopener\">PJM<\/a>. \u00c0 leurs c\u00f4t\u00e9s, les multiples usines de donn\u00e9es de la \u00ab\u00a0data center alley\u00a0\u00bb, en Virginie du Nord, se fournissent aussi aupr\u00e8s de PJM.<\/p>\n<p>Et la croissance de leurs besoins en \u00e9nergie est telle (envisag\u00e9e \u00e0+\u00a04,8 % par an pendant la prochaine d\u00e9cennie par PJM, alors que la consommation avait globalement plafonn\u00e9 jusqu\u2019ici) qu\u2019elle met le r\u00e9seau en danger d\u2019atteindre sa capacit\u00e9 maximum dans les moments de fortes demandes. Dans un tel cas de figure, l\u2019op\u00e9rateur pourrait se retrouver oblig\u00e9 d\u2019imposer des coupures de courant tournantes pendant les p\u00e9riodes de fortes chaleurs ou de grand froid.<\/p>\n<p>La concurrence des diff\u00e9rents types d\u2019usagers participe par ailleurs \u00e0 faire grimper les factures d\u2019\u00e9lectricit\u00e9, de 12 \u00e0 16 % dans des \u00c9tats comme la Virginie, l\u2019Illinois ou l\u2019Ohio. Le m\u00e9contentement des consommateurs est tel que des soci\u00e9t\u00e9s comme Amazon commencent \u00e0 affirmer agir activement pour maintenir les prix locaux \u00e0 un niveau raisonnable.<\/p>\n<p>Pour autant, certains responsables politiques dont le secr\u00e9taire d\u2019\u00c9tat \u00e0 l&rsquo;\u00c9nergie Chris Wright ont propos\u00e9 de faire \u00e9voluer les r\u00e8gles de gestion des r\u00e9seaux, voire d\u2019imposer aux soci\u00e9t\u00e9s num\u00e9riques \u00ab\u00a0d\u2019apporter leur propre \u00e9nergie\u00a0\u00bb pour minimiser l\u2019impact de l\u2019essor de l\u2019IA sur les factures. La suggestion ouvre elle-m\u00eame de nouveaux d\u00e9bats, notamment sur la propension de la fili\u00e8re \u00e0 tirer celles des \u00e9nergies fossiles et du nucl\u00e9aire. <\/p>\n<p>Ce 13 janvier, Microsoft est donc all\u00e9e un cran plus loin avec une <a href=\"https:\/\/blogs.microsoft.com\/on-the-issues\/2026\/01\/13\/community-first-ai-infrastructure\/\" target=\"_blank\" rel=\"noreferrer noopener\">initiative<\/a> dite \u00ab\u00a0community-first\u00a0\u00bb, dans laquelle l\u2019entreprise s\u2019engage \u00e0 payer l\u2019int\u00e9gralit\u00e9 de ses co\u00fbts \u00e9nerg\u00e9tiques, \u00e0 refuser les all\u00e9gements fiscaux locaux sur ses terrains, \u00e0 r\u00e9approvisionner en eau au-del\u00e0 de ce qu\u2019elle consomme, \u00e0 investir dans l\u2019\u00e9ducation \u00e0 l\u2019IA et divers programmes communautaires, et \u00e0 faire tout cela avec plus de transparence. <\/p>\n<p>S\u2019il est respect\u00e9, un tel engagement signifierait une \u00e9volution nette de la part du g\u00e9ant, dans la mesure o\u00f9 son nom n\u2019est pas toujours clairement affich\u00e9 sur les projets de centres de donn\u00e9es, et o\u00f9 Microsoft a encore r\u00e9cemment profit\u00e9 d\u2019abattements fiscaux dans l\u2019<a href=\"https:\/\/signalohio.org\/ohio-data-centers-tax-breaks\/\" target=\"_blank\" rel=\"noreferrer noopener\">Ohio<\/a> ou l\u2019<a href=\"https:\/\/www.freedomfoundation.com\/labor\/microsoft-plans-1-1-billion-project-in-business-friendly-iowa\/\" target=\"_blank\" rel=\"noreferrer noopener\">Iowa<\/a>.<\/p>\n","protected":false},"excerpt":{"rendered":"25 projets de centres de donn\u00e9es ont \u00e9t\u00e9 abandonn\u00e9s en 2025 aux \u00c9tats-Unis sous l\u2019effet d\u2019oppositions locales, soit&hellip;\n","protected":false},"author":2,"featured_media":665131,"comment_status":"","ping_status":"","sticky":false,"template":"","format":"standard","meta":{"footnotes":""},"categories":[1589],"tags":[11,73,1866,12,1864,1865,1863,308],"class_list":{"0":"post-665130","1":"post","2":"type-post","3":"status-publish","4":"format-standard","5":"has-post-thumbnail","7":"category-etats-unis","8":"tag-actualites","9":"tag-etats-unis","10":"tag-etats-unis-damerique","11":"tag-news","12":"tag-united-states","13":"tag-united-states-of-america","14":"tag-us","15":"tag-usa"},"share_on_mastodon":{"url":"https:\/\/pubeurope.com\/@fr\/115898697970952830","error":""},"_links":{"self":[{"href":"https:\/\/www.europesays.com\/fr\/wp-json\/wp\/v2\/posts\/665130","targetHints":{"allow":["GET"]}}],"collection":[{"href":"https:\/\/www.europesays.com\/fr\/wp-json\/wp\/v2\/posts"}],"about":[{"href":"https:\/\/www.europesays.com\/fr\/wp-json\/wp\/v2\/types\/post"}],"author":[{"embeddable":true,"href":"https:\/\/www.europesays.com\/fr\/wp-json\/wp\/v2\/users\/2"}],"replies":[{"embeddable":true,"href":"https:\/\/www.europesays.com\/fr\/wp-json\/wp\/v2\/comments?post=665130"}],"version-history":[{"count":0,"href":"https:\/\/www.europesays.com\/fr\/wp-json\/wp\/v2\/posts\/665130\/revisions"}],"wp:featuredmedia":[{"embeddable":true,"href":"https:\/\/www.europesays.com\/fr\/wp-json\/wp\/v2\/media\/665131"}],"wp:attachment":[{"href":"https:\/\/www.europesays.com\/fr\/wp-json\/wp\/v2\/media?parent=665130"}],"wp:term":[{"taxonomy":"category","embeddable":true,"href":"https:\/\/www.europesays.com\/fr\/wp-json\/wp\/v2\/categories?post=665130"},{"taxonomy":"post_tag","embeddable":true,"href":"https:\/\/www.europesays.com\/fr\/wp-json\/wp\/v2\/tags?post=665130"}],"curies":[{"name":"wp","href":"https:\/\/api.w.org\/{rel}","templated":true}]}}