{"id":665132,"date":"2026-01-15T10:42:14","date_gmt":"2026-01-15T10:42:14","guid":{"rendered":"https:\/\/www.europesays.com\/fr\/665132\/"},"modified":"2026-01-15T10:42:14","modified_gmt":"2026-01-15T10:42:14","slug":"il-appartient-aux-services-secrets-selon-moscou-le-deuxieme-secretaire-de-lambassade-britannique-expulse-de-russie","status":"publish","type":"post","link":"https:\/\/www.europesays.com\/fr\/665132\/","title":{"rendered":"Il appartient aux \u00ab\u00a0services secrets\u00a0\u00bb selon Moscou\u00a0: le deuxi\u00e8me secr\u00e9taire de l\u2019ambassade britannique expuls\u00e9 de Russie"},"content":{"rendered":"<p class=\"paragraph text_align_left lp-f-body-02\">Les affaires d\u2019expulsions de diplomates continuent de se multiplier entre la Russie et le <a href=\"https:\/\/www.leparisien.fr\/international\/royaume-uni\/\" target=\"_self\" rel=\"noopener\">Royaume-Uni<\/a>. Moscou a annonc\u00e9, ce jeudi, l\u2019expulsion d\u2019<a href=\"https:\/\/www.leparisien.fr\/international\/mysterieuse-mort-dun-responsable-russe-retrouve-dans-lambassade-de-son-pays-a-chypre-12-01-2026-EXXYJXVCSZGDVOGOOARDHJKQ4U.php\" target=\"_self\" rel=\"noopener\">un membre britannique de l\u2019ambassade<\/a> qu\u2019elle accuse d\u2019appartenir aux <a href=\"https:\/\/www.leparisien.fr\/high-tech\/faciliter-le-recrutement-despions-le-mi6-lance-une-plate-forme-sur-le-dark-web-pour-les-contacter-directement-19-09-2025-RU6QJOXUPFG45KYTIE6RCWP47E.php\" target=\"_self\" rel=\"noopener\">\u00ab services secrets \u00bb de Londres<\/a>.<\/p>\n<p class=\"\">La charg\u00e9e d\u2019affaires britannique Danae Dholakia a \u00e9t\u00e9 convoqu\u00e9e au minist\u00e8re russe des Affaires \u00e9trang\u00e8res pour \u00eatre inform\u00e9e du \u00ab retrait de l\u2019accr\u00e9ditation \u00bb d\u2019<a href=\"https:\/\/www.leparisien.fr\/international\/les-services-secrets-britanniques-veulent-recruter-des-espions-russes-opposes-a-la-guerre-en-ukraine-19-07-2023-COHWP22USRDKLMSVOJUTMLT2LQ.php\" target=\"_self\" rel=\"noopener\">un diplomate de l\u2019ambassade<\/a> en raison d\u2019\u00ab informations re\u00e7ues (\u2026) sur <a href=\"https:\/\/www.leparisien.fr\/international\/moscou-sera-probablement-en-mesure-dattaquer-lotan-des-2030-alertent-les-services-secrets-allemands-14-10-2024-XGOJ4XXJTREXNHOY5N3WFPW2OI.php\" target=\"_self\" rel=\"noopener\">son appartenance aux services secrets<\/a> \u00bb, a indiqu\u00e9 la diplomatie russe dans un communiqu\u00e9.<\/p>\n<p>Des accusations \u00ab malveillantes \u00bb et \u00ab infond\u00e9es \u00bb<\/p>\n<p class=\"\">Selon les services russes de s\u00e9curit\u00e9 (FSB), il s\u2019agit de Gareth Samuel Davies, \u00ab envoy\u00e9 en Russie sous couvert du poste de <a href=\"https:\/\/www.leparisien.fr\/societe\/la-reine-dangleterre-a-vecu-9-ans-sans-etre-au-courant-de-la-presence-dun-espion-dans-la-famille-royale-14-01-2025-XADH4M5MPZGPLL5KF5YCMCOWHM.php\" target=\"_self\" rel=\"noopener\">deuxi\u00e8me secr\u00e9taire de l\u2019ambassade<\/a> britannique \u00bb. Cet homme a d\u00e9sormais deux semaines pour quitter la Russie.<\/p>\n<p class=\"\">Moscou \u00ab a de nouveau soulign\u00e9 qu\u2019elle ne tol\u00e9rerait pas sur le territoire russe de <a href=\"https:\/\/www.leparisien.fr\/international\/reseau-despions-condamnations-et-cameras-discretes-londres-et-moscou-a-couteaux-tires-10-03-2025-JP72PPYXIFC3JESP3KMRTOJDHE.php\" target=\"_self\" rel=\"noopener\">membres des services secrets britanniques non d\u00e9clar\u00e9s<\/a> \u00bb, a ajout\u00e9 la diplomatie russe en affirmant \u00eatre pr\u00eate \u00e0 \u00ab une riposte sym\u00e9trique d\u00e9cisive si Londres se d\u00e9cide \u00e0 une escalade \u00bb. <\/p>\n<p class=\"title-embed-dailymotion lp-color-text lp-f-subtitle-04\">Vid\u00e9oLaurent Vinatier lib\u00e9r\u00e9 de Russie apr\u00e8s un an et demi de prison<\/p>\n<p class=\"\">Convoqu\u00e9e par Moscou, La charg\u00e9e d\u2019affaires britannique Danae Dholakia n\u2019a pas r\u00e9agi. Une vingtaine de journalistes russes l\u2019ont attendu dans la matin\u00e9e devant <a href=\"https:\/\/www.leparisien.fr\/international\/ukraine\/guerre-en-ukraine-un-pervers-britannique-une-porte-parole-de-moscou-insulte-le-ministre-de-la-defense-du-royaume-uni-13-01-2026-55IPUUGGCFF2HMY3PSL2ZVA5ME.php\" target=\"_self\" rel=\"noopener\">les portes du minist\u00e8re<\/a>, selon une vid\u00e9o diffus\u00e9e par la diplomatie russe. Elle y a pass\u00e9 15 minutes avant de repartir, selon les agences de presse russes. Londres a attendu plusieurs heures avant de d\u00e9noncer des accusations \u00ab malveillantes \u00bb et \u00ab infond\u00e9es \u00bb.<\/p>\n<p class=\"\">Les relations diplomatiques entre le Royaume-Uni et la Russie se sont d\u00e9t\u00e9rior\u00e9es ces derni\u00e8res ann\u00e9es, en raison notamment du soutien sans condition de Londres pour Kiev au sujet de la <a href=\"https:\/\/www.leparisien.fr\/international\/ukraine\/\" target=\"_self\" rel=\"noopener\">guerre en Ukraine<\/a>.<\/p>\n<p class=\"\">En mars 2025, la Russie a expuls\u00e9 deux fonctionnaires britanniques pour espionnage, le minist\u00e8re britannique des Affaires \u00e9trang\u00e8res accusant Moscou d\u2019accusations \u00ab malveillantes et sans fondement \u00bb. Dans la foul\u00e9e, le Royaume-Uni a r\u00e9voqu\u00e9 l\u2019accr\u00e9ditation d\u2019un diplomate russe et de son \u00e9pouse, d\u00e9clarant qu\u2019il \u00ab ne tol\u00e9rerait aucune intimidation \u00e0 l\u2019encontre du personnel de l\u2019ambassade britannique et de leurs familles \u00bb.<\/p>\n","protected":false},"excerpt":{"rendered":"Les affaires d\u2019expulsions de diplomates continuent de se multiplier entre la Russie et le Royaume-Uni. Moscou a annonc\u00e9,&hellip;\n","protected":false},"author":2,"featured_media":665133,"comment_status":"","ping_status":"","sticky":false,"template":"","format":"standard","meta":{"footnotes":""},"categories":[1588],"tags":[11,1777,674,14,12,473,1853,1851,1850,1852],"class_list":{"0":"post-665132","1":"post","2":"type-post","3":"status-publish","4":"format-standard","5":"has-post-thumbnail","7":"category-royaume-uni","8":"tag-actualites","9":"tag-eu","10":"tag-europe","11":"tag-international","12":"tag-news","13":"tag-royaume-uni","14":"tag-royaume-uni-de-grande-bretagne-et-dirlande-du-nord","15":"tag-uk","16":"tag-united-kingdom","17":"tag-united-kingdom-of-great-britain-and-northern-ireland"},"share_on_mastodon":{"url":"https:\/\/pubeurope.com\/@fr\/115898701898481676","error":""},"_links":{"self":[{"href":"https:\/\/www.europesays.com\/fr\/wp-json\/wp\/v2\/posts\/665132","targetHints":{"allow":["GET"]}}],"collection":[{"href":"https:\/\/www.europesays.com\/fr\/wp-json\/wp\/v2\/posts"}],"about":[{"href":"https:\/\/www.europesays.com\/fr\/wp-json\/wp\/v2\/types\/post"}],"author":[{"embeddable":true,"href":"https:\/\/www.europesays.com\/fr\/wp-json\/wp\/v2\/users\/2"}],"replies":[{"embeddable":true,"href":"https:\/\/www.europesays.com\/fr\/wp-json\/wp\/v2\/comments?post=665132"}],"version-history":[{"count":0,"href":"https:\/\/www.europesays.com\/fr\/wp-json\/wp\/v2\/posts\/665132\/revisions"}],"wp:featuredmedia":[{"embeddable":true,"href":"https:\/\/www.europesays.com\/fr\/wp-json\/wp\/v2\/media\/665133"}],"wp:attachment":[{"href":"https:\/\/www.europesays.com\/fr\/wp-json\/wp\/v2\/media?parent=665132"}],"wp:term":[{"taxonomy":"category","embeddable":true,"href":"https:\/\/www.europesays.com\/fr\/wp-json\/wp\/v2\/categories?post=665132"},{"taxonomy":"post_tag","embeddable":true,"href":"https:\/\/www.europesays.com\/fr\/wp-json\/wp\/v2\/tags?post=665132"}],"curies":[{"name":"wp","href":"https:\/\/api.w.org\/{rel}","templated":true}]}}