{"id":665160,"date":"2026-01-15T11:02:10","date_gmt":"2026-01-15T11:02:10","guid":{"rendered":"https:\/\/www.europesays.com\/fr\/665160\/"},"modified":"2026-01-15T11:02:10","modified_gmt":"2026-01-15T11:02:10","slug":"salvatore-adamo-revient-sur-son-adultere","status":"publish","type":"post","link":"https:\/\/www.europesays.com\/fr\/665160\/","title":{"rendered":"Salvatore Adamo revient sur son adult\u00e8re"},"content":{"rendered":"<p>    Article r\u00e9serv\u00e9 aux abonn\u00e9s<\/p>\n<p class=\"intro\">Apr\u00e8s plus de soixante ans de carri\u00e8re, le chanteur Salvatore Adamo n&rsquo;a pas l&rsquo;intention de s&rsquo;arr\u00eater l\u00e0. En mars prochain, il chantera les titres de son nouvel album sur la sc\u00e8ne de l&rsquo;Olympia. En attendant, il s&rsquo;est confi\u00e9 dans les colonnes de Paris Match, revenant sur son pass\u00e9 parfois source de remords&#8230;<\/p>\n<p>Dans deux mois, le 22\u00a0mars prochain, <a href=\"https:\/\/www.parismatch.com\/bio\/salvatore-adamo\" target=\"_blank\" rel=\"noopener\">Salvatore Adamo<\/a> se produira sur la sc\u00e8ne de l\u2019Olympia. \u00c0 82\u00a0ans, le chanteur italo-belge a sorti son 53e album studio, intitul\u00e9 \u00ab\u00a0Des n\u00e8fles et des groseilles\u2026\u00a0\u00bb et compos\u00e9 de 25 titres dans lesquels il s\u2019attarde sur son enfance, ses amours et sur le temps qui passe. Sorti le 14\u00a0novembre dernier, ce disque est celui du partage.<\/p>\n<p>    La suite apr\u00e8s cette publicit\u00e9<\/p>\n<p>Dans les colonnes de Paris Match, l\u2019interpr\u00e8te de \u00ab\u00a0Tombe la neige\u00a0\u00bb raconte que sa petite fille Lily, \u00e2g\u00e9e de 12\u00a0ans, lui a donn\u00e9 un coup de pouce dans l\u2019\u00e9criture de ce disque\u00a0: \u00ab\u00a0Lily a une innocence dans la voix qui me touche profond\u00e9ment. Je lui ai donc demand\u00e9 d\u2019enregistrer sur son IPhone quelques phrases. Et c\u2019est comme \u00e7a qu\u2019elle se retrouve sur mon nouvel album.\u00a0\u00bb<\/p>\n<p>Salvatore Adamo face \u00e0 la culpabilit\u00e9<\/p>\n<p>Tr\u00e8s proche de la jeune fille, il profite des rares instants \u00e0 ses c\u00f4t\u00e9s pour lui transmettre son amour de la musique. Se partageant entre Bruxelles et Paris tandis que Lily vit \u00e0 Londres, les occasions de partager des instants privil\u00e9gi\u00e9s sont malheureusement peu fr\u00e9quents. Un constat que Salvatore Adamo ne peut ignorer et qui fait partie de ses pens\u00e9es au quotidien\u00a0: \u00ab\u00a0J\u2019ai l\u2019impression que le temps me file entre les doigts. Mes trois enfants et mes petites-filles vivent \u00e0 l\u2019\u00e9tranger, je les vois peu. Alors je me projette, j\u2019esp\u00e8re \u00eatre encore l\u00e0 dans dix ans pour les voir s\u2019accomplir dans leurs vies.\u00a0\u00bb<\/p>\n<p>Cette volont\u00e9 de rester proche de ses enfants est li\u00e9e au pass\u00e9. Bien qu\u2019il ait toujours subvenu aux besoins de <a href=\"https:\/\/www.parismatch.com\/people\/salvatore-adamo-80-ans-qui-sont-ses-deux-fils-et-sa-fille-illegitime-231035\" target=\"_blank\" rel=\"noopener\">ses trois filles<\/a>, sa vie de chanteur \u00e0 succ\u00e8s l\u2019a retenu loin du foyer. Au rythme des nombreuses tourn\u00e9es, il a rencontr\u00e9 une femme et ensemble, ils ont eu un enfant. Pendant vingt-cinq ans, il a fait croire que cette petite fille Am\u00e9lie \u00e9tait celle de sa femme Nicole. Cette derni\u00e8re a accept\u00e9 de couvrir l\u2019aventure de son mari avec l\u2019actrice allemande Annette Dahl. C\u2019est finalement en 2004 que la v\u00e9rit\u00e9 a \u00e9clat\u00e9, lib\u00e9rant la famille de ce secret. Profond\u00e9ment marqu\u00e9, le chanteur a reconnu ses torts\u00a0: \u00ab\u00a0La culpabilit\u00e9 est encore l\u00e0. Celle d\u2019avoir fait souffrir deux femmes.\u00a0\u00bb<\/p>\n","protected":false},"excerpt":{"rendered":"Article r\u00e9serv\u00e9 aux abonn\u00e9s Apr\u00e8s plus de soixante ans de carri\u00e8re, le chanteur Salvatore Adamo n&rsquo;a pas l&rsquo;intention&hellip;\n","protected":false},"author":2,"featured_media":665161,"comment_status":"","ping_status":"","sticky":false,"template":"","format":"standard","meta":{"footnotes":""},"categories":[1355],"tags":[58,59,1011,27,1361,873],"class_list":{"0":"post-665160","1":"post","2":"type-post","3":"status-publish","4":"format-standard","5":"has-post-thumbnail","7":"category-musique","8":"tag-divertissement","9":"tag-entertainment","10":"tag-fr","11":"tag-france","12":"tag-music","13":"tag-musique"},"share_on_mastodon":{"url":"https:\/\/pubeurope.com\/@fr\/115898780577358339","error":""},"_links":{"self":[{"href":"https:\/\/www.europesays.com\/fr\/wp-json\/wp\/v2\/posts\/665160","targetHints":{"allow":["GET"]}}],"collection":[{"href":"https:\/\/www.europesays.com\/fr\/wp-json\/wp\/v2\/posts"}],"about":[{"href":"https:\/\/www.europesays.com\/fr\/wp-json\/wp\/v2\/types\/post"}],"author":[{"embeddable":true,"href":"https:\/\/www.europesays.com\/fr\/wp-json\/wp\/v2\/users\/2"}],"replies":[{"embeddable":true,"href":"https:\/\/www.europesays.com\/fr\/wp-json\/wp\/v2\/comments?post=665160"}],"version-history":[{"count":0,"href":"https:\/\/www.europesays.com\/fr\/wp-json\/wp\/v2\/posts\/665160\/revisions"}],"wp:featuredmedia":[{"embeddable":true,"href":"https:\/\/www.europesays.com\/fr\/wp-json\/wp\/v2\/media\/665161"}],"wp:attachment":[{"href":"https:\/\/www.europesays.com\/fr\/wp-json\/wp\/v2\/media?parent=665160"}],"wp:term":[{"taxonomy":"category","embeddable":true,"href":"https:\/\/www.europesays.com\/fr\/wp-json\/wp\/v2\/categories?post=665160"},{"taxonomy":"post_tag","embeddable":true,"href":"https:\/\/www.europesays.com\/fr\/wp-json\/wp\/v2\/tags?post=665160"}],"curies":[{"name":"wp","href":"https:\/\/api.w.org\/{rel}","templated":true}]}}