{"id":665168,"date":"2026-01-15T11:06:11","date_gmt":"2026-01-15T11:06:11","guid":{"rendered":"https:\/\/www.europesays.com\/fr\/665168\/"},"modified":"2026-01-15T11:06:11","modified_gmt":"2026-01-15T11:06:11","slug":"bella-hadid-incandescente-a-lavant-premiere-de-the-beauty-en-robe-rouge-schiaparelli","status":"publish","type":"post","link":"https:\/\/www.europesays.com\/fr\/665168\/","title":{"rendered":"Bella Hadid incandescente \u00e0 l\u2019avant-premi\u00e8re de The Beauty en robe rouge Schiaparelli"},"content":{"rendered":"<p>                             Par C.L<\/p>\n<p>                Le 15 janvier 2026 \u00e0 11h02<\/p>\n<p>    Bella Hadid \u00e0 la premi\u00e8re de The Beauty de FX, organis\u00e9e au Museum of Modern Art. (New York, le 14 janvier 2026.)<br \/>\n                AFF\/ABACA<\/p>\n<p>\n    Le mannequin de 29 ans est \u00e0 l\u2019affiche de la nouvelle s\u00e9rie de Ryan Murphy, dont l\u2019avant-premi\u00e8re a eu lieu \u00e0 New York, le 14 janvier.<\/p>\n<p class=\"fig-paragraph\">Si on dit\u00a0:<a href=\"https:\/\/madame.lefigaro.fr\/tag\/bella-hadid\" target=\"_blank\" data-fig-type=\"Keyword\" rel=\"sponsored noopener\" data-gtm-custom-categorie=\"navigation\" data-gtm-custom-action=\"crossclick\" data-gtm-custom-label=\"Contextuel\" data-gtm-event=\"customEventSPE\" data-fig-domain=\"MADAME\">\u00a0Bella Hadid<\/a>\u00a0en robe de cr\u00e9ateur dans un mus\u00e9e new-yorkais, on pense imm\u00e9diatement au\u00a0<a href=\"http:\/\/madame.lefigaro.fr\/style\/news\/le-met-gala-est-mort-pathetique-les-reactions-degoutees-des-internautes-a-l-annonce-du-nouveau-role-de-jeff-bezos-et-lauren-sanchez-20251119\" data-fig-type=\"Article\" data-gtm-custom-categorie=\"navigation\" data-gtm-custom-action=\"crossclick\" data-gtm-custom-label=\"Contextuel\" data-gtm-event=\"customEventSPE\" data-fig-domain=\"MADAME\" target=\"_blank\" rel=\"noopener\">MET Gala<\/a>. Et pourtant, pas du tout. Le 14 janvier, la mannequin a assist\u00e9 \u00e0 l\u2019avant-premi\u00e8re de la s\u00e9rie The Beauty, au Museum of Modern Art (MOMA). Son apparition a fait sensation.<\/p>\n<p>                                                                Bella et Schiaparelli, une \u00e9quipe qui gagne<\/p>\n<p class=\"fig-paragraph\">Pour l\u2019occasion, la s\u0153ur de Gigi Hadid avait fait \u00e9quipe avec\u00a0<a href=\"https:\/\/madame.lefigaro.fr\/tag\/schiaparelli\" target=\"_blank\" data-fig-type=\"Keyword\" rel=\"sponsored noopener\" data-gtm-custom-categorie=\"navigation\" data-gtm-custom-action=\"crossclick\" data-gtm-custom-label=\"Contextuel\" data-gtm-event=\"customEventSPE\" data-fig-domain=\"MADAME\">Schiaparelli<\/a>, la maison de couture qui l\u2019a d\u00e9j\u00e0 fait briller avec\u00a0<a href=\"https:\/\/madame.lefigaro.fr\/style\/bella-hadid-la-fille-aux-poumons-dor-sur-les-marches-de-cannes-110721-197387\" data-fig-type=\"Article\" data-gtm-custom-categorie=\"navigation\" data-gtm-custom-action=\"crossclick\" data-gtm-custom-label=\"Contextuel\" data-gtm-event=\"customEventSPE\" data-fig-domain=\"MADAME\" target=\"_blank\" rel=\"noopener\">ses poumons d\u2019or, sur les marches de Cannes<\/a>, en 2021. Cette fois, Bella s\u2019est gliss\u00e9e dans une version rouge de la robe en satin et soie coup\u00e9e en biais, issue de la collection haute couture automne-hiver 2025-2026 de la maison italienne. La pi\u00e8ce ma\u00eetresse de cette robe au col licou est ce corsage en trompe-l\u2019\u0153il qui semble \u00e9pouser les formes du mannequin de 29 ans. Sous sa tra\u00eene, une paire d\u2019escarpins rouges, \u00e0 peine visible sous la robe longue, venait compl\u00e9ter le look.<\/p>\n<p>                                                                <a class=\"fig-a11y-skip\" href=\"#fig-a11y-skip-main-inarticle\" data-module=\"a11y-skip\" data-context=\"was @visible\"><br \/>\n    Passer la publicit\u00e9<br \/>\n<\/a>            <\/p>\n<p>                                                                Ruby<\/p>\n<p class=\"fig-paragraph\">La rouge de ce look n\u2019est pas sans rappeler son apparition dans The Beauty. Sur les images d\u00e9voil\u00e9es par la plateforme Hulu, Bella Hadid appara\u00eet dans un ensemble en cuir rouge, le regard noir. Son pr\u00e9nom\u00a0: Ruby. La nouvelle s\u00e9rie de Ryan Murphy raconte les effets du \u00abbeauty shot\u00bb, un nouveau m\u00e9dicament qui \u00abvous rend belle sans effort\u00bb. Bien s\u00fbr, ce m\u00e9dicament n\u2019est pas sans effets ind\u00e9sirables et le personnage de Ruby en fait les frais. Bella Hadid rejoint ainsi un casting 5 \u00e9toiles o\u00f9\u00a0<a href=\"http:\/\/madame.lefigaro.fr\/beaute\/il-existe-une-obsession-mondiale-pour-la-beaute-ashton-kutcher-s-exprime-sur-la-chirurgie-esthetique-20260106\" data-fig-type=\"Article\" data-gtm-custom-categorie=\"navigation\" data-gtm-custom-action=\"crossclick\" data-gtm-custom-label=\"Contextuel\" data-gtm-event=\"customEventSPE\" data-fig-domain=\"MADAME\" target=\"_blank\" rel=\"noopener\">Ashton Kutsher<\/a>, Evan Peters, Jeremy Pope, Rebecca Hall et Anthony Ramos se donnent la r\u00e9plique.<a href=\"http:\/\/madame.lefigaro.fr\/style\/qui-est-lux-la-soeur-de-pedro-pascal-qui-a-defile-pour-chanel-20251008\" data-fig-type=\"Article\" data-gtm-custom-categorie=\"navigation\" data-gtm-custom-action=\"crossclick\" data-gtm-custom-label=\"Contextuel\" data-gtm-event=\"customEventSPE\" data-fig-domain=\"MADAME\" target=\"_blank\" rel=\"noopener\">\u00a0Lux Pascal, la s\u0153ur de Pedro Pascal<\/a>, et la chanteuse Meghan Trainor sont aussi de la partie. La s\u00e9rie sort en France le 22 janvier prochain.<\/p>\n","protected":false},"excerpt":{"rendered":"Par C.L Le 15 janvier 2026 \u00e0 11h02 Bella Hadid \u00e0 la premi\u00e8re de The Beauty de FX,&hellip;\n","protected":false},"author":2,"featured_media":665169,"comment_status":"","ping_status":"","sticky":false,"template":"","format":"standard","meta":{"footnotes":""},"categories":[8],"tags":[21268,58,59,1011,27,76593,521],"class_list":{"0":"post-665168","1":"post","2":"type-post","3":"status-publish","4":"format-standard","5":"has-post-thumbnail","7":"category-divertissement","8":"tag-bella-hadid","9":"tag-divertissement","10":"tag-entertainment","11":"tag-fr","12":"tag-france","13":"tag-schiaparelli","14":"tag-serie"},"share_on_mastodon":{"url":"https:\/\/pubeurope.com\/@fr\/115898796408348755","error":""},"_links":{"self":[{"href":"https:\/\/www.europesays.com\/fr\/wp-json\/wp\/v2\/posts\/665168","targetHints":{"allow":["GET"]}}],"collection":[{"href":"https:\/\/www.europesays.com\/fr\/wp-json\/wp\/v2\/posts"}],"about":[{"href":"https:\/\/www.europesays.com\/fr\/wp-json\/wp\/v2\/types\/post"}],"author":[{"embeddable":true,"href":"https:\/\/www.europesays.com\/fr\/wp-json\/wp\/v2\/users\/2"}],"replies":[{"embeddable":true,"href":"https:\/\/www.europesays.com\/fr\/wp-json\/wp\/v2\/comments?post=665168"}],"version-history":[{"count":0,"href":"https:\/\/www.europesays.com\/fr\/wp-json\/wp\/v2\/posts\/665168\/revisions"}],"wp:featuredmedia":[{"embeddable":true,"href":"https:\/\/www.europesays.com\/fr\/wp-json\/wp\/v2\/media\/665169"}],"wp:attachment":[{"href":"https:\/\/www.europesays.com\/fr\/wp-json\/wp\/v2\/media?parent=665168"}],"wp:term":[{"taxonomy":"category","embeddable":true,"href":"https:\/\/www.europesays.com\/fr\/wp-json\/wp\/v2\/categories?post=665168"},{"taxonomy":"post_tag","embeddable":true,"href":"https:\/\/www.europesays.com\/fr\/wp-json\/wp\/v2\/tags?post=665168"}],"curies":[{"name":"wp","href":"https:\/\/api.w.org\/{rel}","templated":true}]}}