{"id":665179,"date":"2026-01-15T11:12:11","date_gmt":"2026-01-15T11:12:11","guid":{"rendered":"https:\/\/www.europesays.com\/fr\/665179\/"},"modified":"2026-01-15T11:12:11","modified_gmt":"2026-01-15T11:12:11","slug":"ladapei-de-la-loire-remet-10-000-cartes-postales-au-departement-pour-alerter-sur-ses-deficits","status":"publish","type":"post","link":"https:\/\/www.europesays.com\/fr\/665179\/","title":{"rendered":"L\u2019Adapei de la Loire remet 10 000 cartes postales au D\u00e9partement pour alerter sur ses d\u00e9ficits"},"content":{"rendered":"<p>Ce jeudi 15 janvier, l\u2019Adapei de la Loire a donn\u00e9 une nouvelle dimension \u00e0 sa campagne \u00ab Montre-moi ta col\u00e8re ! \u00bb en remettant 10 000 cartes postales au Conseil d\u00e9partemental. Une mobilisation pour alerter sur le sous-financement chronique qui met en p\u00e9ril l\u2019accompagnement des personnes en situation de handicap dans la Loire.<\/p>\n<p>C\u2019\u00e9tait le grand jour ce jeudi 15 janvier, place Jean Jaur\u00e8s, \u00e0 Saint-\u00c9tienne. D\u00e8s 10h, familles, personnes accompagn\u00e9es et professionnels de l\u2019Adapei de la Loire se sont rassembl\u00e9s devant le kiosque de la Place Jean Jaur\u00e8s pour marquer leur m\u00e9contentement et alerter sur la situation critique de l\u2019association.<\/p>\n<p>Dans le cadre de la campagne \u00ab Montre-moi ta col\u00e8re ! \u00bb, lanc\u00e9e il y a plusieurs mois, 10 000 cartes postales avaient \u00e9t\u00e9 remplies par le grand public, les familles, les salari\u00e9s et les personnes accompagn\u00e9es. Ces cartes, porteurs de messages d\u2019inqui\u00e9tude et de col\u00e8re, ont \u00e9t\u00e9 remises en main propre au Conseil d\u00e9partemental par une d\u00e9l\u00e9gation de l\u2019association.<\/p>\n<p>\u00ab Les politiques publiques ne nous donnent plus suffisamment de financements \u00bb, explique Val\u00e9rie Benotti, pr\u00e9sidente de l\u2019Adapei de la Loire. \u00ab Depuis plusieurs ann\u00e9es, nous compensons les manques sur nos fonds propres, mais cela devient intenable. Si rien n\u2019est fait, certains \u00e9tablissements pourraient fermer temporairement ou d\u00e9finitivement. Ce sont les personnes que nous accompagnons qui en paieront le prix. \u00bb<\/p>\n<p>Les chiffres sont parlants : en 2024, le d\u00e9ficit de l\u2019association s\u2019\u00e9levait \u00e0 2,2 millions d\u2019euros, dont 1,2 million non vers\u00e9 par le financement Laforcade attendu du Conseil d\u00e9partemental. Ces d\u00e9ficits r\u00e9currents touchent directement les \u00e9tablissements financ\u00e9s par le d\u00e9partement et compromettent la s\u00e9curit\u00e9, la continuit\u00e9 et la qualit\u00e9 de l\u2019accompagnement offert aux 2 200 personnes suivies par l\u2019Adapei de la Loire, fait savoir l&rsquo;association.\u00a0<\/p>\n<p>L\u2019association g\u00e8re 10 ESAT, o\u00f9 plusieurs centaines de travailleurs en situation de handicap produisent des recettes normalement destin\u00e9es \u00e0 moderniser les ateliers et am\u00e9liorer les conditions de travail. Aujourd\u2019hui, ces fonds servent \u00e0 combler les d\u00e9ficits impos\u00e9s par le sous-financement public. \u00ab Nos ESAT ne doivent pas devenir une variable d\u2019ajustement budg\u00e9taire \u00bb, insiste Val\u00e9rie Benotti.<\/p>\n<p>La mobilisation de ce jeudi se voulait claire et d\u00e9termin\u00e9e : obtenir un financement juste, stabiliser et renforcer les \u00e9quipes, reconna\u00eetre le travail accompli et garantir des solutions durables pour les 1 500 personnes accompagn\u00e9es sur le territoire. \u00ab Dix mille cartes, dix mille voix qui disent stop \u00bb, conclut la pr\u00e9sidente.<\/p>\n<p>AC<\/p>\n","protected":false},"excerpt":{"rendered":"Ce jeudi 15 janvier, l\u2019Adapei de la Loire a donn\u00e9 une nouvelle dimension \u00e0 sa campagne \u00ab Montre-moi&hellip;\n","protected":false},"author":2,"featured_media":665180,"comment_status":"","ping_status":"","sticky":false,"template":"","format":"standard","meta":{"footnotes":""},"categories":[9653],"tags":[1111,11,2430,1777,674,1011,27,12,25,4001],"class_list":{"0":"post-665179","1":"post","2":"type-post","3":"status-publish","4":"format-standard","5":"has-post-thumbnail","7":"category-saint-etienne","8":"tag-actu","9":"tag-actualites","10":"tag-auvergne-rhone-alpes","11":"tag-eu","12":"tag-europe","13":"tag-fr","14":"tag-france","15":"tag-news","16":"tag-republique-francaise","17":"tag-saint-etienne"},"share_on_mastodon":{"url":"https:\/\/pubeurope.com\/@fr\/115898819844262804","error":""},"_links":{"self":[{"href":"https:\/\/www.europesays.com\/fr\/wp-json\/wp\/v2\/posts\/665179","targetHints":{"allow":["GET"]}}],"collection":[{"href":"https:\/\/www.europesays.com\/fr\/wp-json\/wp\/v2\/posts"}],"about":[{"href":"https:\/\/www.europesays.com\/fr\/wp-json\/wp\/v2\/types\/post"}],"author":[{"embeddable":true,"href":"https:\/\/www.europesays.com\/fr\/wp-json\/wp\/v2\/users\/2"}],"replies":[{"embeddable":true,"href":"https:\/\/www.europesays.com\/fr\/wp-json\/wp\/v2\/comments?post=665179"}],"version-history":[{"count":0,"href":"https:\/\/www.europesays.com\/fr\/wp-json\/wp\/v2\/posts\/665179\/revisions"}],"wp:featuredmedia":[{"embeddable":true,"href":"https:\/\/www.europesays.com\/fr\/wp-json\/wp\/v2\/media\/665180"}],"wp:attachment":[{"href":"https:\/\/www.europesays.com\/fr\/wp-json\/wp\/v2\/media?parent=665179"}],"wp:term":[{"taxonomy":"category","embeddable":true,"href":"https:\/\/www.europesays.com\/fr\/wp-json\/wp\/v2\/categories?post=665179"},{"taxonomy":"post_tag","embeddable":true,"href":"https:\/\/www.europesays.com\/fr\/wp-json\/wp\/v2\/tags?post=665179"}],"curies":[{"name":"wp","href":"https:\/\/api.w.org\/{rel}","templated":true}]}}