{"id":665181,"date":"2026-01-15T11:13:10","date_gmt":"2026-01-15T11:13:10","guid":{"rendered":"https:\/\/www.europesays.com\/fr\/665181\/"},"modified":"2026-01-15T11:13:10","modified_gmt":"2026-01-15T11:13:10","slug":"saint-etienne-face-a-la-precarite-etudiante-6-000-jeunes-vivent-sous-le-seuil-de-pauvrete","status":"publish","type":"post","link":"https:\/\/www.europesays.com\/fr\/665181\/","title":{"rendered":"Saint-\u00c9tienne face \u00e0 la pr\u00e9carit\u00e9 \u00e9tudiante : 6 000 jeunes vivent sous le seuil de pauvret\u00e9"},"content":{"rendered":"<p>\u00c0 la rentr\u00e9e universitaire de janvier 2026, la pr\u00e9carit\u00e9 \u00e9tudiante atteint un niveau critique dans la m\u00e9tropole st\u00e9phanoise. Selon les derni\u00e8res donn\u00e9es d&rsquo;associations et de l\u2019INSEE, pr\u00e8s de 6 000 \u00e9tudiants vivent sous le seuil de pauvret\u00e9 \u00e0 Saint-\u00c9tienne. Une r\u00e9alit\u00e9 que confirme \u00c9l\u00e9onor Daspe, charg\u00e9e d\u2019antenne Lyon\u2013Saint-\u00c9tienne pour l\u2019association 1 Cabas pour 1 \u00c9tudiant.<\/p>\n<p>Alors que la M\u00e9tropole st\u00e9phanoise continue de se d\u00e9velopper pour accueillir les \u00e9tudiants avec environ 27 000 inscrits dans l\u2019enseignement sup\u00e9rieur, derri\u00e8re ces chiffres se cache \u00e9galement une pr\u00e9carit\u00e9 grandissante.\u00a0<br \/>\u00ab On estime qu\u2019au moins 6 000 \u00e9tudiants sont aujourd\u2019hui en situation de pr\u00e9carit\u00e9 \u00e0 Saint-\u00c9tienne \u00bb, explique \u00c9l\u00e9onor Daspe, charg\u00e9e\u00a0d&rsquo;antenne Lyon Saint-Etienne pour l&rsquo;association 1 cabas pour un 1 \u00e9tudiant.\u00a0<\/p>\n<p>Les causes sont multiples : co\u00fbt du logement, inflation, faiblesse des aides et surtout manque d\u2019emplois \u00e9tudiants dans la m\u00e9tropole.<br \/>\u00ab Il y a peu de jobs \u00e9tudiants, les jeunes sont un peu livr\u00e9s \u00e0 eux-m\u00eames sur ces questions-l\u00e0 \u00bb, souligne la charg\u00e9e d\u2019antenne.<\/p>\n<p><strong>Manger est devenu compliqu\u00e9<\/strong><br \/>La premi\u00e8re cons\u00e9quence de cette pr\u00e9carit\u00e9 est l\u2019alimentation. Les chiffres sont alarmants :<\/p>\n<p>&#8211; 2 \u00e9tudiants st\u00e9phanois sur 3 ont d\u00e9j\u00e0 saut\u00e9 un repas par manque d\u2019argent<br \/>&#8211; 49 % disposent de moins de 100 \u20ac par mois une fois le loyer pay\u00e9<br \/>&#8211; 27 % n\u2019arrivent pas \u00e0 r\u00e9gler leurs charges de logement (loyer, gaz, \u00e9lectricit\u00e9) \u00e0 temps<br \/>Des donn\u00e9es issues des enqu\u00eates de la FAGE, de l\u2019UNEF et de l\u2019association Cop1.<\/p>\n<p>Sur le terrain, cela se traduit par des files d\u2019attente interminables devant les distributions alimentaires.<br \/>\u00ab Les jeunes ont vraiment des difficult\u00e9s \u00e0 se nourrir parce qu\u2019ils n\u2019ont pas les moyens d\u2019acheter des produits nourrissants et sains. Les distributions sont pleines \u00e0 craquer \u00bb, constate \u00c9l\u00e9onor Daspe.<\/p>\n<p><strong>\u201c1 Cabas pour 1 \u00c9tudiant\u201d : manger et recr\u00e9er du lien<\/strong><br \/>\u00c0 Saint-\u00c9tienne, l\u2019association 1 Cabas pour 1 \u00c9tudiant d\u00e9veloppe depuis le printemps 2025 son dispositif de parrainage solidaire de proximit\u00e9 dans la m\u00e9tropole st\u00e9phanoise.<br \/>Le principe : mettre en relation un \u00e9tudiant en difficult\u00e9 avec un citoyen du m\u00eame territoire.<\/p>\n<p>\u00ab Le parrainage repose sur deux piliers : l\u2019aide alimentaire et le lien social \u00bb, explique \u00c9l\u00e9onor Daspe.<br \/>Le parrain ou la marraine offre r\u00e9guli\u00e8rement un cabas de courses, mais surtout une pr\u00e9sence humaine.<\/p>\n<p>\u00ab \u00c7a permet de manger mieux, en plus grande quantit\u00e9, mais aussi de rompre l\u2019isolement. L\u2019\u00e9tudiant a une personne r\u00e9f\u00e9rente proche de chez lui \u00bb, ajoute-t-elle.<\/p>\n<p>Aujourd\u2019hui, quelques dizaines de parrainages sont actifs \u00e0 Saint-\u00c9tienne et si l\u2019association n\u2019est pr\u00e9sente de fa\u00e7on structur\u00e9e que depuis quelques mois dans la m\u00e9tropole st\u00e9phanoise, le constat est d\u00e9j\u00e0 clair : la demande explose.<\/p>\n<p>\u00ab Les \u00e9tudiants viennent assez facilement vers nous. La difficult\u00e9, c\u2019est de trouver des parrains et des marraines dans la m\u00e9tropole st\u00e9phanoise \u00bb, souligne la charg\u00e9e d\u2019antenne.<\/p>\n<p>\u00c0 l\u2019\u00e9chelle nationale, le dispositif compte d\u00e9j\u00e0 plus de 7 000 parrainages, mais les besoins d\u00e9passent largement les capacit\u00e9s actuelles.<\/p>\n<p><strong>Un appel aux habitants de la Loire<\/strong><br \/>Pour l\u2019association, la solidarit\u00e9 citoyenne est essentielle, mais elle ne peut pas tout.<\/p>\n<p>\u00ab La premi\u00e8re chose, c\u2019est de prendre conscience que cette pr\u00e9carit\u00e9 existe. On en parle un peu \u00e0 la rentr\u00e9e, puis le sujet dispara\u00eet, alors que la situation, elle, continue \u00bb, regrette \u00c9l\u00e9onor Daspe.<\/p>\n<p>Les habitants de Saint-\u00c9tienne et de la Loire peuvent agir concr\u00e8tement :<\/p>\n<p>&#8211; en devenant parrain ou marraine,<br \/>&#8211; en relayant l\u2019information,<br \/>&#8211; ou simplement en diffusant les affiches et flyers de l\u2019association dans leur quartier.<\/p>\n<p>AC<\/p>\n","protected":false},"excerpt":{"rendered":"\u00c0 la rentr\u00e9e universitaire de janvier 2026, la pr\u00e9carit\u00e9 \u00e9tudiante atteint un niveau critique dans la m\u00e9tropole st\u00e9phanoise.&hellip;\n","protected":false},"author":2,"featured_media":665182,"comment_status":"","ping_status":"","sticky":false,"template":"","format":"standard","meta":{"footnotes":""},"categories":[9653],"tags":[1111,11,2430,1777,674,1011,27,12,25,4001],"class_list":{"0":"post-665181","1":"post","2":"type-post","3":"status-publish","4":"format-standard","5":"has-post-thumbnail","7":"category-saint-etienne","8":"tag-actu","9":"tag-actualites","10":"tag-auvergne-rhone-alpes","11":"tag-eu","12":"tag-europe","13":"tag-fr","14":"tag-france","15":"tag-news","16":"tag-republique-francaise","17":"tag-saint-etienne"},"share_on_mastodon":{"url":"https:\/\/pubeurope.com\/@fr\/115898823741329851","error":""},"_links":{"self":[{"href":"https:\/\/www.europesays.com\/fr\/wp-json\/wp\/v2\/posts\/665181","targetHints":{"allow":["GET"]}}],"collection":[{"href":"https:\/\/www.europesays.com\/fr\/wp-json\/wp\/v2\/posts"}],"about":[{"href":"https:\/\/www.europesays.com\/fr\/wp-json\/wp\/v2\/types\/post"}],"author":[{"embeddable":true,"href":"https:\/\/www.europesays.com\/fr\/wp-json\/wp\/v2\/users\/2"}],"replies":[{"embeddable":true,"href":"https:\/\/www.europesays.com\/fr\/wp-json\/wp\/v2\/comments?post=665181"}],"version-history":[{"count":0,"href":"https:\/\/www.europesays.com\/fr\/wp-json\/wp\/v2\/posts\/665181\/revisions"}],"wp:featuredmedia":[{"embeddable":true,"href":"https:\/\/www.europesays.com\/fr\/wp-json\/wp\/v2\/media\/665182"}],"wp:attachment":[{"href":"https:\/\/www.europesays.com\/fr\/wp-json\/wp\/v2\/media?parent=665181"}],"wp:term":[{"taxonomy":"category","embeddable":true,"href":"https:\/\/www.europesays.com\/fr\/wp-json\/wp\/v2\/categories?post=665181"},{"taxonomy":"post_tag","embeddable":true,"href":"https:\/\/www.europesays.com\/fr\/wp-json\/wp\/v2\/tags?post=665181"}],"curies":[{"name":"wp","href":"https:\/\/api.w.org\/{rel}","templated":true}]}}