{"id":665187,"date":"2026-01-15T11:17:34","date_gmt":"2026-01-15T11:17:34","guid":{"rendered":"https:\/\/www.europesays.com\/fr\/665187\/"},"modified":"2026-01-15T11:17:34","modified_gmt":"2026-01-15T11:17:34","slug":"lr-et-rn-saffichent-avec-des-figures-sportives-locales","status":"publish","type":"post","link":"https:\/\/www.europesays.com\/fr\/665187\/","title":{"rendered":"LR et RN s\u2019affichent avec des figures sportives locales"},"content":{"rendered":"<p>Toulon est une ville r\u00e9put\u00e9e pour son soleil, sa Marine et son \u00e9quipe de rugby. Avec ses valeurs de combativit\u00e9 et de courage, le <a href=\"https:\/\/www.lejdd.fr\/Sport\/Au-nom-du-pere-du-fils-et-du-RCT-666858-3185810\" target=\"_blank\" rel=\"noopener\">Rugby Club Toulonnais<\/a> est une r\u00e9f\u00e9rence dans le paysage sportif national, affichant notamment quatre titres de champion de France. L\u2019\u00e9quipe des rouge et noir est soutenue par toute la r\u00e9gion chaque week-end avec, en moyenne, 17\u00a0000 spectateurs dans le mythique stade Mayol. Pour mener \u00e0 bien leur campagne, les deux favoris des prochaines \u00e9lections municipales comptent bien profiter de cet engouement.<\/p>\n<p>Mardi\u00a06\u00a0janvier, la d\u00e9put\u00e9e du <a href=\"https:\/\/www.lejdd.fr\/Tags\/Front-national\" target=\"_blank\" rel=\"noopener\">Rassemblement national<\/a> <a href=\"https:\/\/www.lejdd.fr\/societe\/laure-lavalette-dans-le-jdd-les-aidants-sont-les-piliers-dune-solidarite-naturelle-et-desinteressee-138728\" target=\"_blank\" rel=\"noopener\">Laure Lavalette<\/a> officialisait sa candidature sans \u00e9tiquette. La liste de ses colistiers doit \u00eatre d\u00e9voil\u00e9e ce mercredi, \u00e0 l\u2019occasion de son premier grand meeting, et elle annonce d\u2019embl\u00e9e que \u00ab\u00a0seuls\u00a0deux sur quinze sont encart\u00e9s au RN\u00a0\u00bb. Quinze, soit \u00ab\u00a0le format d\u2019une \u00e9quipe de rugby\u00a0\u00bb, pr\u00e9cise son entourage, alors que le scrutin va se jouer les 15 et 22\u00a0mars prochains.<\/p>\n<p>Sur <a href=\"https:\/\/www.facebook.com\/stories\/1736033850143583\/?source=profile_highlight&amp;locale=fr_FR\" target=\"_blank\" rel=\"noopener\">sa page Facebook<\/a>, Laure Lavalette pose fi\u00e8rement avec la tunique du RCT et, vendredi, elle a officialis\u00e9 l\u2019identit\u00e9 du num\u00e9ro\u00a02 de sa liste pour conqu\u00e9rir Toulon\u00a0: David G\u00e9rard. Un ancien du <a href=\"https:\/\/www.lejdd.fr\/sport\/stade-toulousain-xv-de-france-famille-les-confidences-de-thomas-ramos-au-jdd-163619\" target=\"_blank\" rel=\"noopener\">Stade Toulousain<\/a>, international en \u00e9quipe de France et produit du cru, forc\u00e9ment. \u00ab\u00a0Minot du Mourillon, jeune du RCT, champion de France, d\u2019Europe, joueur international, entra\u00eeneur, s\u00e9lectionneur\u00a0: David G\u00e9rard est une figure de l\u2019engagement sportif dans notre ville\u00a0\u00bb, s\u2019enthousiasme la parlementaire dans un communiqu\u00e9 publi\u00e9 sur les r\u00e9seaux sociaux. \u00ab\u00a0Toulon doit redevenir une ville sportive, pour tous\u00a0\u00bb\u00a0: telle est la mission que Laure Lavalette entend confier \u00e0 David G\u00e9rard.<\/p>\n<p>Trente-et-un ans apr\u00e8s la victoire de <a href=\"https:\/\/www.lejdd.fr\/politique\/jean-marie-le-pen-face-au-jugement-de-lhistoire-153773\" target=\"_blank\" rel=\"noopener\">Jean-Marie Le Chevallier<\/a> \u00e0 Toulon, soit la premi\u00e8re victoire du <a href=\"https:\/\/www.lejdd.fr\/Tags\/FN\" target=\"_blank\" rel=\"noopener\">Front national<\/a> dans une ville de plus de 100\u00a0000 habitants, Laure Lavalette est pr\u00eate \u00e0 monter sur le ring avec un statut de favorite. Pour conqu\u00e9rir la capitale varoise, elle va pouvoir \u00e9galement compter sur un ancien boxeur. \u00ab\u00a0Je peux vous annoncer que Fr\u00e9d\u00e9ric Seillier sera sur ma liste. Il a \u00e9t\u00e9 quatre fois champion d\u2019Europe de boxe, candidat \u00e0 deux reprises sur la liste d\u2019Hubert Falco. C\u2019est un ancien restaurateur, un enfant du Pont-du-Las\u00a0\u00bb, a confi\u00e9 la m\u00e8re de famille de 49\u00a0ans, qui pr\u00e9voit par ailleurs d\u2019organiser des consultations et des r\u00e9f\u00e9rendums.<\/p>\n<blockquote class=\"exergue\">\n<p>Rugby, boxe et foot parmi les soutiens<\/p>\n<\/blockquote>\n<p>Cr\u00e9dit\u00e9e de <a href=\"https:\/\/www.lejdd.fr\/politique\/municipales-a-toulon-laure-lavalette-deja-favorite-163592\" target=\"_blank\" rel=\"noopener\">46\u00a0% d\u2019intentions de vote dans un sondage<\/a>, Laure Lavalette sait toutefois que le match n\u2019est pas encore gagn\u00e9. Entre le mont Faron et les plages du Mourillon, l\u2019outsider qui se dresse face \u00e0 elle se nomme Michel Bonnus, 60\u00a0ans, s\u00e9nateur, membre du groupe <a href=\"https:\/\/www.lejdd.fr\/les-republicains\" target=\"_blank\" rel=\"noopener\">Les R\u00e9publicains<\/a> et\u2026 ancien joueur professionnel du RC Toulon\u00a0! Ce fid\u00e8le d\u2019<a href=\"https:\/\/www.lejdd.fr\/Politique\/Hubert-Falco-l-autodidacte-95627-3090020\" target=\"_blank\" rel=\"noopener\">Hubert Falco<\/a>, ex-\u00e9dile d\u00e9chu apr\u00e8s l\u2019<a href=\"https:\/\/www.lejdd.fr\/politique\/hubert-falco-le-maire-de-toulon-condamne-la-perte-de-ses-mandats-et-de-la-prison-avec-sursis-134753\" target=\"_blank\" rel=\"noopener\">affaire dite des \u00ab\u00a0frigos\u00a0\u00bb<\/a>, dispose de plusieurs soutiens apr\u00e8s avoir concouru \u00e0 diff\u00e9rents scrutins locaux. Il conna\u00eet \u00e9galement suffisamment bien l\u2019ovalie pour s\u2019entourer de personnalit\u00e9s capables d\u2019\u00eatre de v\u00e9ritables piliers de campagne.<\/p>\n<p>    La suite apr\u00e8s cette publicit\u00e9<\/p>\n<p>D\u2019apr\u00e8s les informations de <a href=\"https:\/\/www.nicematin.com\/sports\/municipales-a-toulon-manu-diaz-et-luigi-alfano-dans-l-equipe-de-michel-bonnus-10664295\" target=\"_blank\" rel=\"noopener\">Var-Matin<\/a>, Michel Bonnus a s\u00e9lectionn\u00e9 sur sa liste une l\u00e9gende du stade Mayol\u00a0: Manu Diaz, ancien pilier gauche et champion de France 1987 avec le club au brin de muguet. \u00ab\u00a0C\u2019est un ami, il est tr\u00e8s investi depuis longtemps avec nous, affirme le candidat de droite soutenu par Hubert Falco. Et puis, il n\u2019a plus rien \u00e0 prouver \u00e0 Toulon. Il travaillera avec les clubs. C\u2019est quelqu\u2019un qui aime les gens, qui apporte de bonnes valeurs\u00a0\u00bb, affirme-t-il.<\/p>\n<p>Pourquoi ces poids lourds de la politique souhaitent-ils s\u2019entourer de figures sportives qui n\u2019ont pas, ou tr\u00e8s peu, d\u2019exp\u00e9rience dans les affaires publiques\u00a0? \u00ab\u00a0\u00c7a les rend plus humains, les Fran\u00e7ais aiment le sport et \u00e7a les rapproche\u00a0\u00bb, explique un expert politique interrog\u00e9 par le JDD. L\u2019analyste poursuit\u00a0: \u00ab\u00a0Au niveau local, ce sont des personnalit\u00e9s tr\u00e8s identifi\u00e9es en raison de leur pass\u00e9 de sportif et des \u00e9motions qu\u2019ils ont apport\u00e9es aux gens. Ils pourraient ramener les fans vers ceux qu\u2019ils soutiennent.\u00a0\u00bb<\/p>\n<p>Cette campagne des municipales \u00e0 Toulon n\u2019est toutefois pas qu\u2019une affaire de ballon ovale. Celui du football entre \u00e9galement dans ce derby entre Bonnus et Lavalette, avec le soutien de Luigi Alfano pour le s\u00e9nateur LR. L\u2019ancien joueur du <a href=\"https:\/\/www.lejdd.fr\/sport\/rolland-courbis-un-destin-et-une-carriere-hors-normes-165800\" target=\"_blank\" rel=\"noopener\">Sporting Club de Toulon<\/a>, club oubli\u00e9 au niveau national apr\u00e8s une gestion catastrophique men\u00e9e depuis des d\u00e9cennies, est une figure locale apr\u00e8s avoir \u00e9volu\u00e9 pendant 15\u00a0ans sous les couleurs locales. Connu pour son engagement et sa d\u00e9termination, l\u2019homme de 67\u00a0ans, n\u00e9 en <a href=\"https:\/\/www.lejdd.fr\/Tags\/Italie\" target=\"_blank\" rel=\"noopener\">Italie<\/a>, est \u00ab\u00a0une bonne personne, pr\u00e9cise Bonnus. Il conna\u00eet tous les rouages\u00a0\u00bb. Le match m\u00e9diatique est lanc\u00e9, la campagne peut d\u00e9buter. Le coup de sifflet final est pr\u00e9vu en mars.<\/p>\n","protected":false},"excerpt":{"rendered":"Toulon est une ville r\u00e9put\u00e9e pour son soleil, sa Marine et son \u00e9quipe de rugby. Avec ses valeurs&hellip;\n","protected":false},"author":2,"featured_media":665188,"comment_status":"","ping_status":"","sticky":false,"template":"","format":"standard","meta":{"footnotes":""},"categories":[9619],"tags":[1111,11,1777,674,1011,27,12,882,25,2310],"class_list":{"0":"post-665187","1":"post","2":"type-post","3":"status-publish","4":"format-standard","5":"has-post-thumbnail","7":"category-toulon","8":"tag-actu","9":"tag-actualites","10":"tag-eu","11":"tag-europe","12":"tag-fr","13":"tag-france","14":"tag-news","15":"tag-provence-alpes-cote-dazur","16":"tag-republique-francaise","17":"tag-toulon"},"share_on_mastodon":{"url":"https:\/\/pubeurope.com\/@fr\/115898839464344514","error":""},"_links":{"self":[{"href":"https:\/\/www.europesays.com\/fr\/wp-json\/wp\/v2\/posts\/665187","targetHints":{"allow":["GET"]}}],"collection":[{"href":"https:\/\/www.europesays.com\/fr\/wp-json\/wp\/v2\/posts"}],"about":[{"href":"https:\/\/www.europesays.com\/fr\/wp-json\/wp\/v2\/types\/post"}],"author":[{"embeddable":true,"href":"https:\/\/www.europesays.com\/fr\/wp-json\/wp\/v2\/users\/2"}],"replies":[{"embeddable":true,"href":"https:\/\/www.europesays.com\/fr\/wp-json\/wp\/v2\/comments?post=665187"}],"version-history":[{"count":0,"href":"https:\/\/www.europesays.com\/fr\/wp-json\/wp\/v2\/posts\/665187\/revisions"}],"wp:featuredmedia":[{"embeddable":true,"href":"https:\/\/www.europesays.com\/fr\/wp-json\/wp\/v2\/media\/665188"}],"wp:attachment":[{"href":"https:\/\/www.europesays.com\/fr\/wp-json\/wp\/v2\/media?parent=665187"}],"wp:term":[{"taxonomy":"category","embeddable":true,"href":"https:\/\/www.europesays.com\/fr\/wp-json\/wp\/v2\/categories?post=665187"},{"taxonomy":"post_tag","embeddable":true,"href":"https:\/\/www.europesays.com\/fr\/wp-json\/wp\/v2\/tags?post=665187"}],"curies":[{"name":"wp","href":"https:\/\/api.w.org\/{rel}","templated":true}]}}