{"id":665210,"date":"2026-01-15T11:31:24","date_gmt":"2026-01-15T11:31:24","guid":{"rendered":"https:\/\/www.europesays.com\/fr\/665210\/"},"modified":"2026-01-15T11:31:24","modified_gmt":"2026-01-15T11:31:24","slug":"trois-recrues-en-15-jours-nantes-met-le-turbo","status":"publish","type":"post","link":"https:\/\/www.europesays.com\/fr\/665210\/","title":{"rendered":"Trois recrues en 15 jours, Nantes met le turbo"},"content":{"rendered":"<p><b>Tr\u00e8s actif depuis le d\u00e9but du <a href=\"https:\/\/www.foot01.com\/mercato\" title=\"Mercato\" target=\"_blank\" rel=\"noopener\">mercato<\/a>, le FC Nantes a bien l\u2019intention de continuer son recrutement dans les quinze derniers jours du mois de janvier. Encore trois recrues sont attendues.<\/b>S\u2019il y a bien un club de <a href=\"https:\/\/www.foot01.com\/ligue1\" title=\"Ligue 1\" target=\"_blank\" rel=\"noopener\">Ligue 1<\/a> qui profite de ce mois de janvier pour se renforcer, c\u2019est le FC Nantes. 17es du championnat avant sa victoire \u00e0 Marseille, les Canaris ont pris les choses en main en bouclant d\u00e9j\u00e0 quatre arriv\u00e9es. Ibrahima Sissoko, R\u00e9my Cabella, Dever Machado et Ignatius Ganago (retour de pr\u00eat) ont pos\u00e9 leurs valises en Loire-Atlantique. Un recrutement important qui doit permettre \u00e0 Ahmed Kantari de sauver le FC Nantes d\u2019une potentielle rel\u00e9gation en Ligue 2 \u00e0 la fin de la saison.N\u00e9anmoins, le <a href=\"https:\/\/www.foot01.com\/mercato\" title=\"Mercato\" target=\"_blank\" rel=\"noopener\">mercato<\/a> n\u2019est pas encore termin\u00e9 pour Waldemar Kita, qui esp\u00e8re encore boucler les arriv\u00e9es de trois joueurs selon les informations de David Phelippeau, sp\u00e9cialiste du club nantais pour Ouest-France. Notre confr\u00e8re explique que l\u2019actuel 16e du championnat aimerait encore faire venir un d\u00e9fenseur central, voire deux dans un monde id\u00e9al en fonction des opportunit\u00e9s. Un ailier droit est toujours esp\u00e9r\u00e9 et la piste Zakaria Aboukhlal n\u2019est pas d\u00e9finitivement referm\u00e9e.Nantes vise\u00a0Aboukhlal et deux d\u00e9fenseursCertes, les n\u00e9gociations avec le Torino s\u2019av\u00e8rent plus d\u00e9licates et longues que pr\u00e9vu, mais Nantes a toujours bon espoir de faire venir l\u2019international marocain pass\u00e9 par Toulouse. On apprend par ailleurs que le FC Nantes n\u2019a plus l\u2019intention de recruter un num\u00e9ro neuf en janvier. Un constat assez logique puisque les Canaris, qui ont r\u00e9cup\u00e9r\u00e9 Ganago cet hiver, peuvent \u00e9galement compter sur Abline, El-Arabi ou encore Mohamed \u00e0 ce poste. Reste maintenant \u00e0 voir avec quelles recrues le clan Kita va conclure son <a href=\"https:\/\/www.foot01.com\/mercato\" title=\"Mercato\" target=\"_blank\" rel=\"noopener\">mercato<\/a> lors des quinze jours \u00e0 venir.<\/p>\n","protected":false},"excerpt":{"rendered":"Tr\u00e8s actif depuis le d\u00e9but du mercato, le FC Nantes a bien l\u2019intention de continuer son recrutement dans&hellip;\n","protected":false},"author":2,"featured_media":665211,"comment_status":"","ping_status":"","sticky":false,"template":"","format":"standard","meta":{"footnotes":""},"categories":[2818],"tags":[1111,11,1777,674,462,1011,27,66,1434,766,12,2636,25],"class_list":{"0":"post-665210","1":"post","2":"type-post","3":"status-publish","4":"format-standard","5":"has-post-thumbnail","7":"category-nantes","8":"tag-actu","9":"tag-actualites","10":"tag-eu","11":"tag-europe","12":"tag-fc-nantes","13":"tag-fr","14":"tag-france","15":"tag-ligue-1","16":"tag-mercato","17":"tag-nantes","18":"tag-news","19":"tag-pays-de-la-loire","20":"tag-republique-francaise"},"share_on_mastodon":{"url":"https:\/\/pubeurope.com\/@fr\/115898894490029994","error":""},"_links":{"self":[{"href":"https:\/\/www.europesays.com\/fr\/wp-json\/wp\/v2\/posts\/665210","targetHints":{"allow":["GET"]}}],"collection":[{"href":"https:\/\/www.europesays.com\/fr\/wp-json\/wp\/v2\/posts"}],"about":[{"href":"https:\/\/www.europesays.com\/fr\/wp-json\/wp\/v2\/types\/post"}],"author":[{"embeddable":true,"href":"https:\/\/www.europesays.com\/fr\/wp-json\/wp\/v2\/users\/2"}],"replies":[{"embeddable":true,"href":"https:\/\/www.europesays.com\/fr\/wp-json\/wp\/v2\/comments?post=665210"}],"version-history":[{"count":0,"href":"https:\/\/www.europesays.com\/fr\/wp-json\/wp\/v2\/posts\/665210\/revisions"}],"wp:featuredmedia":[{"embeddable":true,"href":"https:\/\/www.europesays.com\/fr\/wp-json\/wp\/v2\/media\/665211"}],"wp:attachment":[{"href":"https:\/\/www.europesays.com\/fr\/wp-json\/wp\/v2\/media?parent=665210"}],"wp:term":[{"taxonomy":"category","embeddable":true,"href":"https:\/\/www.europesays.com\/fr\/wp-json\/wp\/v2\/categories?post=665210"},{"taxonomy":"post_tag","embeddable":true,"href":"https:\/\/www.europesays.com\/fr\/wp-json\/wp\/v2\/tags?post=665210"}],"curies":[{"name":"wp","href":"https:\/\/api.w.org\/{rel}","templated":true}]}}