{"id":665216,"date":"2026-01-15T11:34:12","date_gmt":"2026-01-15T11:34:12","guid":{"rendered":"https:\/\/www.europesays.com\/fr\/665216\/"},"modified":"2026-01-15T11:34:12","modified_gmt":"2026-01-15T11:34:12","slug":"toulouse-solidarite-exposition-lart-pour-lespoir","status":"publish","type":"post","link":"https:\/\/www.europesays.com\/fr\/665216\/","title":{"rendered":"Toulouse. Solidarit\u00e9 : Exposition L\u2019art pour l\u2019espoir\u00a0"},"content":{"rendered":"<p>            <a href=\"https:\/\/www.europesays.com\/fr\/wp-content\/uploads\/2026\/01\/exposition-sante.jpg\"><img fetchpriority=\"high\" decoding=\"async\" class=\"wp-image-68735\" src=\"https:\/\/www.europesays.com\/fr\/wp-content\/uploads\/2026\/01\/exposition-sante.jpg\" alt=\"Toulouse. Solidarit\u00e9 : Exposition L\u2019art pour l\u2019espoir\u00a0cdr\" width=\"600\" height=\"449\"  \/><\/a>Toulouse. Solidarit\u00e9 : Exposition L\u2019art pour l\u2019espoir\u00a0 cjuliedaragon\/dr<\/p>\n<p>Cette exposition au profit de l\u2019Association de parents d\u2019enfants canc\u00e9reux d\u2019Occitanie (APECO) r\u00e9unit trois artistes dont les univers se compl\u00e8tent. Tous mettent leur talent au service d\u2019une noble cause.<\/p>\n<p>Trois artistes dont les univers se compl\u00e8tent<\/p>\n<p><strong>Julie d\u2019Aragon<\/strong> y pr\u00e9sente une peinture figurative, vive et lumineuse, port\u00e9e par une passion profonde pour la couleur.<\/p>\n<p><strong>Yves Arfeux<\/strong>, sculpteur et cr\u00e9ateur d\u2019objets en bois, d\u00e9voile une s\u00e9rie d\u2019oiseaux d\u2019une grande d\u00e9licatesse.<\/p>\n<p><strong>Arnaud Brukhnoff<\/strong>, propose quant \u00e0 lui des compositions oniriques m\u00ealant vieux clich\u00e9s et cr\u00e9ation num\u00e9rique gr\u00e2ce \u00e0 l\u2019IA g\u00e9n\u00e9rative, offrant un regard in\u00e9dit sur les paysages du bassin d\u2019Arcachon.<\/p>\n<p>Cet \u00e9v\u00e8nement sera aussi l\u2019occasion de d\u00e9couvrir l\u2019illustratrice toulousaine Carine Zima. Elle a publi\u00e9 l\u2019album jeunesse Le pays de la rose noire chez ADB \u00c9ditions, une maison associative.<\/p>\n<p><strong>Communaut\u00e9 <a href=\"https:\/\/www.toulouseinfos.fr\/dossiers\/breves\/8897-exposition-sur-la-bd-a-la-communaute-municipale-de-sante-de-toulouse.html\" target=\"_blank\" rel=\"noopener\">municipale<\/a> de sant\u00e9, 2 rue Malbec<\/strong><\/p>\n<p>\u00a0<\/p>\n<p style=\"text-align: right;\">La r\u00e9daction<\/p>\n","protected":false},"excerpt":{"rendered":"Toulouse. Solidarit\u00e9 : Exposition L\u2019art pour l\u2019espoir\u00a0 cjuliedaragon\/dr Cette exposition au profit de l\u2019Association de parents d\u2019enfants canc\u00e9reux&hellip;\n","protected":false},"author":2,"featured_media":665217,"comment_status":"","ping_status":"","sticky":false,"template":"","format":"standard","meta":{"footnotes":""},"categories":[2816],"tags":[1111,11,1777,674,1011,27,12,2680,25,2312],"class_list":{"0":"post-665216","1":"post","2":"type-post","3":"status-publish","4":"format-standard","5":"has-post-thumbnail","7":"category-toulouse","8":"tag-actu","9":"tag-actualites","10":"tag-eu","11":"tag-europe","12":"tag-fr","13":"tag-france","14":"tag-news","15":"tag-occitanie","16":"tag-republique-francaise","17":"tag-toulouse"},"share_on_mastodon":{"url":"https:\/\/pubeurope.com\/@fr\/115898906500391575","error":""},"_links":{"self":[{"href":"https:\/\/www.europesays.com\/fr\/wp-json\/wp\/v2\/posts\/665216","targetHints":{"allow":["GET"]}}],"collection":[{"href":"https:\/\/www.europesays.com\/fr\/wp-json\/wp\/v2\/posts"}],"about":[{"href":"https:\/\/www.europesays.com\/fr\/wp-json\/wp\/v2\/types\/post"}],"author":[{"embeddable":true,"href":"https:\/\/www.europesays.com\/fr\/wp-json\/wp\/v2\/users\/2"}],"replies":[{"embeddable":true,"href":"https:\/\/www.europesays.com\/fr\/wp-json\/wp\/v2\/comments?post=665216"}],"version-history":[{"count":0,"href":"https:\/\/www.europesays.com\/fr\/wp-json\/wp\/v2\/posts\/665216\/revisions"}],"wp:featuredmedia":[{"embeddable":true,"href":"https:\/\/www.europesays.com\/fr\/wp-json\/wp\/v2\/media\/665217"}],"wp:attachment":[{"href":"https:\/\/www.europesays.com\/fr\/wp-json\/wp\/v2\/media?parent=665216"}],"wp:term":[{"taxonomy":"category","embeddable":true,"href":"https:\/\/www.europesays.com\/fr\/wp-json\/wp\/v2\/categories?post=665216"},{"taxonomy":"post_tag","embeddable":true,"href":"https:\/\/www.europesays.com\/fr\/wp-json\/wp\/v2\/tags?post=665216"}],"curies":[{"name":"wp","href":"https:\/\/api.w.org\/{rel}","templated":true}]}}