{"id":665218,"date":"2026-01-15T11:35:12","date_gmt":"2026-01-15T11:35:12","guid":{"rendered":"https:\/\/www.europesays.com\/fr\/665218\/"},"modified":"2026-01-15T11:35:12","modified_gmt":"2026-01-15T11:35:12","slug":"une-petition-appelle-a-accueillir-des-enfants-palestiniens-blesses-a-toulouse","status":"publish","type":"post","link":"https:\/\/www.europesays.com\/fr\/665218\/","title":{"rendered":"une p\u00e9tition appelle \u00e0 accueillir des enfants palestiniens bless\u00e9s \u00e0 Toulouse"},"content":{"rendered":"<p>Mise en ligne le 14 janvier, une <a href=\"https:\/\/www.change.org\/p\/accueillir-des-enfants-palestiniens-bless%C3%A9s-et-ou-malades-%C3%A0-toulouse-un-imp%C3%A9ratif?recruiter=1399363761&amp;recruited_by_id=bced6e50-f12b-11f0-9bef-995df969e132&amp;utm_source=share_petition&amp;utm_campaign=starter_onboarding_share_personal&amp;utm_medium=copylink\" rel=\"noopener noreferrer\" target=\"_blank\">p\u00e9tition<\/a> alerte sur la n\u00e9cessit\u00e9 d&rsquo;accueillir des enfants palestiniens bless\u00e9s ou gravement malades \u00e0 <a href=\"https:\/\/lopinion.com\/\" rel=\"noopener noreferrer\" target=\"_blank\">Toulouse<\/a>. Depuis le cessez-le-feu qui a d\u00e9but\u00e9 le 10 octobre 2025, <a href=\"https:\/\/news.un.org\/fr\/story\/2026\/01\/1158212\" rel=\"noopener noreferrer\" target=\"_blank\"><strong>plus de 100 enfants ont \u00e9t\u00e9 tu\u00e9s \u00e0 Gaza<\/strong><\/a>, soit environ un par jour, indique l&rsquo;ONU.<\/p>\n<p>Sign\u00e9e par des syndicats, associations, partis politiques, m\u00e9decins, universitaires et personnalit\u00e9s locales (de gauche), <strong>elle r\u00e9clame la mise en \u0153uvre concr\u00e8te de l&rsquo;engagement annonc\u00e9 par Emmanuel Macron en novembre 2023<\/strong>.<\/p>\n<p>Le pr\u00e9sident de la R\u00e9publique avait alors d\u00e9clar\u00e9 que la France \u00e9tait pr\u00eate \u00e0 recevoir et soigner <strong>jusqu&rsquo;\u00e0 50 enfants palestiniens<\/strong>, mobilisant des moyens m\u00e9dicaux pour assurer leur prise en charge dans les h\u00f4pitaux.<\/p>\n<p>Selon les signataires, cet engagement ne peut rester lettre morte et doit r\u00e9pondre \u00e0 l&rsquo;urgence humanitaire et au respect des droits de l&rsquo;enfant, tels que d\u00e9finis par la <strong>Convention internationale des droits de l&rsquo;enfant (CIDE)<\/strong>.<\/p>\n<p>Des enfants \u00e0 prot\u00e9ger<\/p>\n<p>La p\u00e9tition rappelle que la CIDE, ratifi\u00e9e par la France, impose aux \u00c9tats de prot\u00e9ger la sant\u00e9, et le bien-\u00eatre des enfants. \u00c0 <a href=\"https:\/\/lopinion.com\/articles\/politique\/30359_inaction-medecin-toulousain-gaza\" rel=\"noopener noreferrer\" target=\"_blank\">Gaza<\/a>, de nombreux enfants souffrent de <strong>traumatismes physiques et psychologiques<\/strong>, aggrav\u00e9s par la <strong>privation de soins, d&rsquo;eau et de nourriture<\/strong>.<\/p>\n<p>\u00c0 Toulouse, <strong>\u00ab\u00a0dix enfants pourraient d\u00e9j\u00e0 \u00eatre accueillis et pris en charge par le CHU\u00a0\u00bb<\/strong>, affirment les signataires, appelant le gouvernement \u00e0 acc\u00e9l\u00e9rer la validation des demandes d\u2019entr\u00e9e en France de ces enfants et de leurs accompagnants.<\/p>\n<p><strong>\u00ab\u00a0C&rsquo;est par nos actes que ce mesure notre humanit\u00e9\u00a0\u00bb<\/strong>, \u00e9crivent-ils, rappelant que ces enfants aspirent simplement \u00e0 grandir, jouer, apprendre et r\u00eaver. La p\u00e9tition met en avant un engagement collectif pour transformer les principes humanitaires et juridiques en actions concr\u00e8tes.<\/p>\n<p>Depuis 2023, les pertes humanitaires \u00e0 Gaza seraient \u00e9valu\u00e9es \u00e0 <strong>plus de 70.000 Palestiniens<\/strong>, dont <strong>au moins 18.000 enfants<\/strong> ; et fait <strong>plus de 171.000 bless\u00e9s<\/strong>, dont <strong>plus de 45.000 enfants<\/strong>, par les bombardements isra\u00e9liens, le si\u00e8ge de Gaza, puis l&rsquo;invasion isra\u00e9lienne.<\/p>\n<p>&gt;&gt; \u00c0 LIRE AUSSI :\u00a0<a href=\"https:\/\/lopinion.com\/articles\/politique\/31921_municipales-2026-patrice-renard-liste-launaguet-nature-citoyenne\" rel=\"noopener noreferrer\" target=\"_blank\">Municipales 2026 : Patrice Renard conduira la liste \u00ab\u00a0Launaguet Nature et Citoyenne\u00a0\u00bb<\/a><\/p>\n","protected":false},"excerpt":{"rendered":"Mise en ligne le 14 janvier, une p\u00e9tition alerte sur la n\u00e9cessit\u00e9 d&rsquo;accueillir des enfants palestiniens bless\u00e9s ou&hellip;\n","protected":false},"author":2,"featured_media":665219,"comment_status":"","ping_status":"","sticky":false,"template":"","format":"standard","meta":{"footnotes":""},"categories":[2816],"tags":[1111,11,1777,674,1011,27,12,2680,25,2312],"class_list":{"0":"post-665218","1":"post","2":"type-post","3":"status-publish","4":"format-standard","5":"has-post-thumbnail","7":"category-toulouse","8":"tag-actu","9":"tag-actualites","10":"tag-eu","11":"tag-europe","12":"tag-fr","13":"tag-france","14":"tag-news","15":"tag-occitanie","16":"tag-republique-francaise","17":"tag-toulouse"},"share_on_mastodon":{"url":"https:\/\/pubeurope.com\/@fr\/115898910280156805","error":""},"_links":{"self":[{"href":"https:\/\/www.europesays.com\/fr\/wp-json\/wp\/v2\/posts\/665218","targetHints":{"allow":["GET"]}}],"collection":[{"href":"https:\/\/www.europesays.com\/fr\/wp-json\/wp\/v2\/posts"}],"about":[{"href":"https:\/\/www.europesays.com\/fr\/wp-json\/wp\/v2\/types\/post"}],"author":[{"embeddable":true,"href":"https:\/\/www.europesays.com\/fr\/wp-json\/wp\/v2\/users\/2"}],"replies":[{"embeddable":true,"href":"https:\/\/www.europesays.com\/fr\/wp-json\/wp\/v2\/comments?post=665218"}],"version-history":[{"count":0,"href":"https:\/\/www.europesays.com\/fr\/wp-json\/wp\/v2\/posts\/665218\/revisions"}],"wp:featuredmedia":[{"embeddable":true,"href":"https:\/\/www.europesays.com\/fr\/wp-json\/wp\/v2\/media\/665219"}],"wp:attachment":[{"href":"https:\/\/www.europesays.com\/fr\/wp-json\/wp\/v2\/media?parent=665218"}],"wp:term":[{"taxonomy":"category","embeddable":true,"href":"https:\/\/www.europesays.com\/fr\/wp-json\/wp\/v2\/categories?post=665218"},{"taxonomy":"post_tag","embeddable":true,"href":"https:\/\/www.europesays.com\/fr\/wp-json\/wp\/v2\/tags?post=665218"}],"curies":[{"name":"wp","href":"https:\/\/api.w.org\/{rel}","templated":true}]}}