{"id":665220,"date":"2026-01-15T11:36:14","date_gmt":"2026-01-15T11:36:14","guid":{"rendered":"https:\/\/www.europesays.com\/fr\/665220\/"},"modified":"2026-01-15T11:36:14","modified_gmt":"2026-01-15T11:36:14","slug":"musique-make-up-humour-art-vous-pouvez-monter-sur-scene-a-chaud-bouillon-pour-faire-decouvrir-votre-talent-15-01-2026","status":"publish","type":"post","link":"https:\/\/www.europesays.com\/fr\/665220\/","title":{"rendered":"Musique, make up, humour, art&#8230; vous pouvez monter sur sc\u00e8ne \u00e0 Chaud Bouillon pour faire d\u00e9couvrir votre talent &#8211; 15\/01\/2026"},"content":{"rendered":"<p>\n        Les \u00e9tudiants et \u00e9tudiantes de l&rsquo;ICART Lille organisent une soir\u00e9e concours pour d\u00e9nicher des talents chez les jeunes des Hauts-de-France. Les inscriptions sont possibles en ligne jusqu&rsquo;au 30 janvier et l&rsquo;event aura lieu le 6 mars \u00e0 Chaud Bouillon. On vous file tous les d\u00e9tails.<\/p>\n<p>On vous a toujours dit que vous \u00e9tiez fait pour le stand up ? Ou que vous aviez une voix magnifique ? Vous r\u00eavez de percer dans la peinture, la sculpture, la photo&#8230;? L&rsquo;\u00e9v\u00e9nement dont on vous parle aujourd&rsquo;hui sera peut-\u00eatre le tremplin qu&rsquo;il vous faut.\u00a0<\/p>\n<p>Il s&rsquo;agit du Prix de l&rsquo;Icart, organis\u00e9 par les \u00e9tudiant\u00b7es de l&rsquo;\u00e9cole du management culturel et du march\u00e9 de l&rsquo;art de Lille. Son but c&rsquo;est de d\u00e9nicher des jeunes talents de la r\u00e9gion et de leur donner un coup de pouce financier et en termes de visibilit\u00e9. Pour vous expliquer comment cela fonctionne, allons-y step by step. <\/p>\n<p>D&rsquo;abord, qui peut participer ? <\/p>\n<p>Tous ceux et toutes celles qui :\u00a0<\/p>\n<ul>&#13;<\/p>\n<li>vivent dans les <b>Hauts-de-France<\/b>&#13;<\/li>\n<p>&#13;<\/p>\n<li>ont entre <b>18 et 35 ans<\/b>&#13;<\/li>\n<p>&#13;<\/p>\n<li>sont des <b>artistes \u00e9mergent\u00b7es amateur\u00b7rices ou semi pros<\/b>&#13;<\/li>\n<p>&#13;<\/ul>\n<p>De plus, il faut que votre talent rentre dans l&rsquo;une des 4 cat\u00e9gories du prix, \u00e0 savoir :\u00a0<\/p>\n<ul>&#13;<\/p>\n<li><b>humour<\/b><\/li>\n<p>&#13;<\/p>\n<li><b>musique<\/b><\/li>\n<p>&#13;<\/p>\n<li><b>maquillage SFX de cin\u00e9ma<\/b><\/li>\n<p>&#13;<\/p>\n<li><b>arts visuels<\/b><\/li>\n<p>&#13;<\/ul>\n<p>Si jusque l\u00e0 c&rsquo;est tout bon pour vous, il ne vous reste qu&rsquo;\u00e0 vous inscrire via le lien qu&rsquo;on vous a mis dans les infos pratiques. La deadline pour le faire c&rsquo;est le 30 janvier donc ne trainez pas, \u00e7a arrive vite.<\/p>\n<p>Ensuite, place \u00e0 la performance. Vous monterez sur sc\u00e8ne vendredi 6 mars au soir \u00e0 Chaud Bouillon devant un jury compos\u00e9 de professionnel\u00b7les de chaque cat\u00e9gorie, l&rsquo;occasion de se faire rep\u00e9rer (et peut-\u00eatre embaucher ?). Et dans chacun des 4 groupes, un ch\u00e8que de 300\u20ac est \u00e0 gagner pour les laur\u00e9at\u00b7es. Pas mal non ?<\/p>\n","protected":false},"excerpt":{"rendered":"Les \u00e9tudiants et \u00e9tudiantes de l&rsquo;ICART Lille organisent une soir\u00e9e concours pour d\u00e9nicher des talents chez les jeunes&hellip;\n","protected":false},"author":2,"featured_media":665221,"comment_status":"","ping_status":"","sticky":false,"template":"","format":"standard","meta":{"footnotes":""},"categories":[2815],"tags":[1111,11,1777,674,1011,27,811,1307,12,25],"class_list":{"0":"post-665220","1":"post","2":"type-post","3":"status-publish","4":"format-standard","5":"has-post-thumbnail","7":"category-lille","8":"tag-actu","9":"tag-actualites","10":"tag-eu","11":"tag-europe","12":"tag-fr","13":"tag-france","14":"tag-hauts-de-france","15":"tag-lille","16":"tag-news","17":"tag-republique-francaise"},"share_on_mastodon":{"url":"https:\/\/pubeurope.com\/@fr\/115898914585807355","error":""},"_links":{"self":[{"href":"https:\/\/www.europesays.com\/fr\/wp-json\/wp\/v2\/posts\/665220","targetHints":{"allow":["GET"]}}],"collection":[{"href":"https:\/\/www.europesays.com\/fr\/wp-json\/wp\/v2\/posts"}],"about":[{"href":"https:\/\/www.europesays.com\/fr\/wp-json\/wp\/v2\/types\/post"}],"author":[{"embeddable":true,"href":"https:\/\/www.europesays.com\/fr\/wp-json\/wp\/v2\/users\/2"}],"replies":[{"embeddable":true,"href":"https:\/\/www.europesays.com\/fr\/wp-json\/wp\/v2\/comments?post=665220"}],"version-history":[{"count":0,"href":"https:\/\/www.europesays.com\/fr\/wp-json\/wp\/v2\/posts\/665220\/revisions"}],"wp:featuredmedia":[{"embeddable":true,"href":"https:\/\/www.europesays.com\/fr\/wp-json\/wp\/v2\/media\/665221"}],"wp:attachment":[{"href":"https:\/\/www.europesays.com\/fr\/wp-json\/wp\/v2\/media?parent=665220"}],"wp:term":[{"taxonomy":"category","embeddable":true,"href":"https:\/\/www.europesays.com\/fr\/wp-json\/wp\/v2\/categories?post=665220"},{"taxonomy":"post_tag","embeddable":true,"href":"https:\/\/www.europesays.com\/fr\/wp-json\/wp\/v2\/tags?post=665220"}],"curies":[{"name":"wp","href":"https:\/\/api.w.org\/{rel}","templated":true}]}}