{"id":665224,"date":"2026-01-15T11:38:10","date_gmt":"2026-01-15T11:38:10","guid":{"rendered":"https:\/\/www.europesays.com\/fr\/665224\/"},"modified":"2026-01-15T11:38:10","modified_gmt":"2026-01-15T11:38:10","slug":"a-quelques-jours-de-louverture-de-parcoursup-le-salon-de-letudiant-revient-au-parc-chanot-a-marseille","status":"publish","type":"post","link":"https:\/\/www.europesays.com\/fr\/665224\/","title":{"rendered":"\u00c0 quelques jours de l&rsquo;ouverture de Parcoursup, le salon de l&rsquo;\u00c9tudiant revient au parc Chanot \u00e0 Marseille"},"content":{"rendered":"<p>L\u2019orientation, \u00ab\u00a0on y pense tout le temps\u00a0\u00bb, l\u00e2che Mila, 16\u00a0ans. Pourtant, cette \u00e9l\u00e8ve de seconde, scolaris\u00e9e au lyc\u00e9e Thiers, sait d\u00e9j\u00e0 ce qu\u2019elle fera plus tard\u00a0: \u00ab\u00a0Prof de maths\u00a0\u00bb, sourit-elle. Pour sa camarade Enora, 15\u00a0ans, en revanche, \u00ab\u00a0c\u2019est le flou\u00a0\u00bb. Consciente qu\u2019elle aura bient\u00f4t \u00e0 formuler un choix sur son avenir, elle a \u00ab\u00a0peur\u00a0\u00bb de se tromper, \u00ab\u00a0parce qu\u2019on peut vite \u00eatre bloqu\u00e9 et c\u2019est compliqu\u00e9 si on veut finalement changer de fili\u00e8re\u00a0\u00bb.<\/p>\n<p>Toutes les deux ont encore du temps pour \u00e9chafauder leur projet, mais les \u00e9l\u00e8ves de terminale, eux, doivent <a href=\"https:\/\/www.laprovence.com\/article\/societe\/80595166094757\/parcoursup-2026-quelles-sont-les-etapes-a-compter-de-ce-mercredi\" target=\"_blank\" rel=\"noopener\">se positionner tr\u00e8s vite sur Parcoursup<\/a>, dont la phase de formulation des v\u0153ux d\u2019orientation d\u00e9bute ce lundi 19\u00a0janvier. Ils ont jusqu\u2019au 12\u00a0mars, dernier d\u00e9lai, pour d\u00e9poser leur dossier sur la plateforme de l\u2019\u00c9ducation nationale.<\/p>\n<p>Pr\u00e8s de 180 acteurs de la formation mobilis\u00e9s<\/p>\n<p>Face \u00e0 la quantit\u00e9 de formations propos\u00e9es et aux m\u00e9andres administratifs, il est parfois difficile de s\u2019y retrouver. \u00ab\u00a0C\u2019est la principale raison de stress\u00a0\u00bb, confie Douaa, 17\u00a0ans, en terminale au lyc\u00e9e Thiers. \u00ab\u00a0Parcoursup, \u00e7a m\u2019a l\u2019air al\u00e9atoire et s\u00e9lectif\u00a0\u00bb, affirme la jeune femme qui vise m\u00e9decine.\u00a0Pour l\u2019aider \u00e0 se positionner, elle pourra s<a href=\"https:\/\/www.laprovence.com\/article\/region\/2610152651555415\/orientation-le-salon-de-letudiant-cest-vendredi-et-samedi-au-parc-chanot-a-marseille\" target=\"_blank\" rel=\"noopener\">e rendre au parc Chan<\/a>&#8230;<\/p>\n","protected":false},"excerpt":{"rendered":"L\u2019orientation, \u00ab\u00a0on y pense tout le temps\u00a0\u00bb, l\u00e2che Mila, 16\u00a0ans. Pourtant, cette \u00e9l\u00e8ve de seconde, scolaris\u00e9e au lyc\u00e9e&hellip;\n","protected":false},"author":2,"featured_media":665225,"comment_status":"","ping_status":"","sticky":false,"template":"","format":"standard","meta":{"footnotes":""},"categories":[2814],"tags":[5734,1111,11,1777,674,1011,27,7285,5741,28838,884,12,6015,882,25732,25,14173,6290,104],"class_list":{"0":"post-665224","1":"post","2":"type-post","3":"status-publish","4":"format-standard","5":"has-post-thumbnail","7":"category-marseille","8":"tag-5734","9":"tag-actu","10":"tag-actualites","11":"tag-eu","12":"tag-europe","13":"tag-fr","14":"tag-france","15":"tag-jours","16":"tag-louverture","17":"tag-letudiant","18":"tag-marseille","19":"tag-news","20":"tag-parcoursup","21":"tag-provence-alpes-cote-dazur","22":"tag-quelques","23":"tag-republique-francaise","24":"tag-revient","25":"tag-salon","26":"tag-societe"},"share_on_mastodon":{"url":"https:\/\/pubeurope.com\/@fr\/115898922026276526","error":""},"_links":{"self":[{"href":"https:\/\/www.europesays.com\/fr\/wp-json\/wp\/v2\/posts\/665224","targetHints":{"allow":["GET"]}}],"collection":[{"href":"https:\/\/www.europesays.com\/fr\/wp-json\/wp\/v2\/posts"}],"about":[{"href":"https:\/\/www.europesays.com\/fr\/wp-json\/wp\/v2\/types\/post"}],"author":[{"embeddable":true,"href":"https:\/\/www.europesays.com\/fr\/wp-json\/wp\/v2\/users\/2"}],"replies":[{"embeddable":true,"href":"https:\/\/www.europesays.com\/fr\/wp-json\/wp\/v2\/comments?post=665224"}],"version-history":[{"count":0,"href":"https:\/\/www.europesays.com\/fr\/wp-json\/wp\/v2\/posts\/665224\/revisions"}],"wp:featuredmedia":[{"embeddable":true,"href":"https:\/\/www.europesays.com\/fr\/wp-json\/wp\/v2\/media\/665225"}],"wp:attachment":[{"href":"https:\/\/www.europesays.com\/fr\/wp-json\/wp\/v2\/media?parent=665224"}],"wp:term":[{"taxonomy":"category","embeddable":true,"href":"https:\/\/www.europesays.com\/fr\/wp-json\/wp\/v2\/categories?post=665224"},{"taxonomy":"post_tag","embeddable":true,"href":"https:\/\/www.europesays.com\/fr\/wp-json\/wp\/v2\/tags?post=665224"}],"curies":[{"name":"wp","href":"https:\/\/api.w.org\/{rel}","templated":true}]}}