{"id":665234,"date":"2026-01-15T11:44:09","date_gmt":"2026-01-15T11:44:09","guid":{"rendered":"https:\/\/www.europesays.com\/fr\/665234\/"},"modified":"2026-01-15T11:44:09","modified_gmt":"2026-01-15T11:44:09","slug":"ecoutez-les-notes-du-nouveau-jingle-qui-resonneront-dans-tous-les-transports-dile-de-france","status":"publish","type":"post","link":"https:\/\/www.europesays.com\/fr\/665234\/","title":{"rendered":"\u00c9coutez les notes du nouveau jingle qui r\u00e9sonneront dans tous les transports d&rsquo;\u00cele-de-France"},"content":{"rendered":"<p>                    Par<br \/>\n        <strong><br \/>\n            <a href=\"https:\/\/actu.fr\/auteur\/sarah-coulet\" title=\"Consulter tous les articles de Sarah Coulet\" target=\"_blank\" rel=\"noopener\">Sarah Coulet<\/a><br \/>\n                    <\/strong><\/p>\n<p>        Publi\u00e9 le<\/p>\n<p>            15 janv. 2026 \u00e0 11h46        <\/p>\n<p>Cela faisait 20 ans que ces quelques notes accompagnaient les usagers des transports en commun de la <a href=\"https:\/\/actu.fr\/tag\/ratp\" target=\"_blank\" rel=\"noopener\">RATP<\/a> et de la <a href=\"https:\/\/actu.fr\/tag\/sncf\" target=\"_blank\" rel=\"noopener\">SNCF<\/a>. Deux m\u00e9lodies distinctes qui vont <a href=\"https:\/\/actu.fr\/ile-de-france\/paris_75056\/petite-musique-et-grand-defi-pour-idfm-entendu-pendant-vingt-ans-le-jingle-de-la-ratp-va-changer_63638013.html\" target=\"_blank\" rel=\"noopener\">bient\u00f4t dispara\u00eetre<\/a> et \u00eatre remplac\u00e9es par un <strong>m\u00eame jingle<\/strong> qu\u2019\u00cele-de-France Mobilit\u00e9s a d\u00e9voil\u00e9 pour la premi\u00e8re fois ce mercredi 14 janvier 2026.<\/p>\n<p>Un jingle qui \u00ab\u00a0ouvre au d\u00e9placement et au voyage\u00a0\u00bb<\/p>\n<p class=\" wall-content\">Dans une vid\u00e9o de pr\u00e9sentation publi\u00e9e par IDFM sur YouTube, le compositeur Arnaud Biscay et le producteur Jean Dindinaud de l\u2019agence Chez Jean, donnent quelques explications sur les <strong>coulisses<\/strong> de cette cr\u00e9ation.<\/p>\n<p class=\" wall-content\">Cette ritournelle de <strong>six notes<\/strong>, jou\u00e9e au vibraphone, au piano et au marimba, a \u00e9t\u00e9 pens\u00e9e en trois parties, que d\u00e9taille le compositeur Arnaud Biscay. Tout commence par \u00ab\u202fun crescendo et des percussions\u202f\u00bb qui \u00e9voquent \u00ab\u202fun bruit de pas\u202f\u00bb. Place aux notes qui seront \u00ab\u202fla v\u00e9ritable identit\u00e9, le jingle qui va rester dans la t\u00eate\u202f\u00bb. La m\u00e9lodie se termine par \u00ab\u202fun accord qui ouvre au d\u00e9placement et au voyage\u202f\u00bb.<\/p>\n<p class=\" wall-content\">\n<p class=\" wall-content\">Pour le producteur Jean Dindinaud, le jingle remplit une fonction bien pr\u00e9cise : procurer un sentiment d\u2019unit\u00e9 aux voyageurs. \u00ab\u202fLe r\u00e9seau est tellement gigantesque, les gens qui l\u2019empruntent sont tellement diff\u00e9rents, avec une fa\u00e7on de voyager diff\u00e9rente. C\u2019est important qu\u2019ils puissent <strong>se reconna\u00eetre<\/strong> \u00e0 travers quelques notes, sur le m\u00eame r\u00e9seau\u202f\u00bb, explique-t-il.<\/p>\n<p class=\" wall-content\">\n<p class=\" wall-content\">Le nouveau jingle devrait faire son apparition sur certaines lignes d\u2019ici quelques jours. Il faudra attendre <strong>mi-2026<\/strong> pour l\u2019entendre dans tous les bus, m\u00e9tros, Transiliens et RER de la r\u00e9gion.<\/p>\n<p class=\" wall-content\">Personnalisez votre actualit\u00e9 en ajoutant vos villes et m\u00e9dias en favori avec <a href=\"https:\/\/moncompte.actu.fr\" title=\"D\u00e9couvez Mon Actu\" rel=\"nofollow noopener\" data-trk=\"{&quot;cta&quot;:{&quot;action&quot;:&quot;https:\\\/\\\/moncompte.actu.fr&quot;,&quot;category&quot;:&quot;mon compte&quot;,&quot;from&quot;:&quot;article footer&quot;,&quot;name&quot;:&quot;Mon actu&quot;,&quot;type&quot;:&quot;cta&quot;}}\" target=\"_blank\">Mon Actu<\/a>.<\/p>\n","protected":false},"excerpt":{"rendered":"Par Sarah Coulet Publi\u00e9 le 15 janv. 2026 \u00e0 11h46 Cela faisait 20 ans que ces quelques notes&hellip;\n","protected":false},"author":2,"featured_media":665235,"comment_status":"","ping_status":"","sticky":false,"template":"","format":"standard","meta":{"footnotes":""},"categories":[1888],"tags":[1111,1928,11,1927,1777,674,1011,27,10883,12,1926,626,1925,625,25,2215,104],"class_list":{"0":"post-665234","1":"post","2":"type-post","3":"status-publish","4":"format-standard","5":"has-post-thumbnail","7":"category-paris","8":"tag-actu","9":"tag-actu-paris","10":"tag-actualites","11":"tag-actualites-paris","12":"tag-eu","13":"tag-europe","14":"tag-fr","15":"tag-france","16":"tag-ile-de-france-mobilites","17":"tag-news","18":"tag-news-paris","19":"tag-paris","20":"tag-paris-news","21":"tag-ratp","22":"tag-republique-francaise","23":"tag-sncf","24":"tag-societe"},"share_on_mastodon":{"url":"https:\/\/pubeurope.com\/@fr\/115898945649877835","error":""},"_links":{"self":[{"href":"https:\/\/www.europesays.com\/fr\/wp-json\/wp\/v2\/posts\/665234","targetHints":{"allow":["GET"]}}],"collection":[{"href":"https:\/\/www.europesays.com\/fr\/wp-json\/wp\/v2\/posts"}],"about":[{"href":"https:\/\/www.europesays.com\/fr\/wp-json\/wp\/v2\/types\/post"}],"author":[{"embeddable":true,"href":"https:\/\/www.europesays.com\/fr\/wp-json\/wp\/v2\/users\/2"}],"replies":[{"embeddable":true,"href":"https:\/\/www.europesays.com\/fr\/wp-json\/wp\/v2\/comments?post=665234"}],"version-history":[{"count":0,"href":"https:\/\/www.europesays.com\/fr\/wp-json\/wp\/v2\/posts\/665234\/revisions"}],"wp:featuredmedia":[{"embeddable":true,"href":"https:\/\/www.europesays.com\/fr\/wp-json\/wp\/v2\/media\/665235"}],"wp:attachment":[{"href":"https:\/\/www.europesays.com\/fr\/wp-json\/wp\/v2\/media?parent=665234"}],"wp:term":[{"taxonomy":"category","embeddable":true,"href":"https:\/\/www.europesays.com\/fr\/wp-json\/wp\/v2\/categories?post=665234"},{"taxonomy":"post_tag","embeddable":true,"href":"https:\/\/www.europesays.com\/fr\/wp-json\/wp\/v2\/tags?post=665234"}],"curies":[{"name":"wp","href":"https:\/\/api.w.org\/{rel}","templated":true}]}}