{"id":665236,"date":"2026-01-15T11:45:09","date_gmt":"2026-01-15T11:45:09","guid":{"rendered":"https:\/\/www.europesays.com\/fr\/665236\/"},"modified":"2026-01-15T11:45:09","modified_gmt":"2026-01-15T11:45:09","slug":"les-immanquables-a-paris-et-dans-le-monde","status":"publish","type":"post","link":"https:\/\/www.europesays.com\/fr\/665236\/","title":{"rendered":"les immanquables \u00e0 Paris et dans le monde"},"content":{"rendered":"<p>ParisSelectBook &#8211; Expositions mode 2026: les immanquables \u00e0 Paris et dans le monde &#8211; Cr\u00e9dit photo \u00a9 Paris Select Book<\/p>\n<p>Le calendrier 2026 s\u2019annonce dense pour les <a href=\"https:\/\/www.parisselectbook.com\/2026\/01\/14\/k-beauty-au-musee-guimet-rituels-et-cosmetiques-coreens-a-decouvrir-a-paris-ce-printemps\/\" target=\"_blank\" rel=\"noopener\">expositions mode<\/a>, entre r\u00e9trospectives attendues et formats plus participatifs. Vous pr\u00e9parez d\u00e9j\u00e0 vos sorties culturelles\u2009? Voici des rep\u00e8res concrets pour planifier, \u00e9viter les foules et profiter pleinement.<\/p>\n<p>Agenda 2026 des expositions mode\u2009: rep\u00e8res utiles<\/p>\n<p>Les institutions peaufinent leur <a href=\"https:\/\/www.parisselectbook.com\/2026\/01\/14\/le-figaro-fete-ses-200-ans-un-bicentenaire-grandiose-au-grand-palais-entre-histoire-modernite-et-stars-fideles\/\" target=\"_blank\" rel=\"noopener\">programmation<\/a>, et les annonces tombent par vagues. Les dates restent parfois indicatives, car les pr\u00eats d\u2019archives peuvent \u00e9voluer. Ainsi, gardez de la souplesse dans vos r\u00e9servations.<\/p>\n<p>Plusieurs axes se d\u00e9gagent pour <strong>2026<\/strong>\u2009: archives maisons, couture num\u00e9rique, <a href=\"https:\/\/www.parisselectbook.com\/2026\/01\/14\/annette-messager-expose-lanimal-et-lhumain-au-musee-de-la-chasse-et-de-la-nature-a-paris\/\" target=\"_blank\" rel=\"noopener\">dialogues avec l\u2019art<\/a>, et mise en avant des savoir-faire. De plus, la durabilit\u00e9 fait d\u00e9sormais partie des parcours, avec des focus sur la r\u00e9paration et la tra\u00e7abilit\u00e9.<\/p>\n<p>Les grandes affiches s\u2019\u00e9talent souvent sur un \u00e0 trois trimestres. Aussi, le pic d\u2019affluence se concentre autour des vacances scolaires et des <a href=\"https:\/\/www.parisselectbook.com\/2026\/01\/13\/que-faire-a-paris-ce-week-end-16-18-jan\/\" target=\"_blank\" rel=\"noopener\">week-ends<\/a>. Par cons\u00e9quent, surveillez les cr\u00e9neaux du matin et les nocturnes.<\/p>\n<blockquote>\n<p>\u00ab La mode se lit autant dans ses vitrines que dans ses silences. \u00bb<\/p>\n<\/blockquote>\n<p>Ce que racontent les expositions mode en 2026<\/p>\n<p>Les commissaires privil\u00e9gient des r\u00e9cits clairs, appuy\u00e9s par des pi\u00e8ces embl\u00e9matiques et des documents. Pourtant, le propos se veut plus humain\u2009: lettres, ateliers film\u00e9s, et t\u00e9moignages de mains expertes.<\/p>\n<p>La sc\u00e9nographie joue l\u2019immersion avec son, textile et lumi\u00e8re. Ainsi, les dispositifs num\u00e9riques guident sans saturer l\u2019attention. Les expositions mode misent sur des cartels courts et inclusifs, pens\u00e9s pour tous.<\/p>\n<ul>\n<li>V\u00e9rifier l\u2019ouverture r\u00e9elle la veille de la visite<\/li>\n<li>Identifier les pi\u00e8ces cl\u00e9s \u00e0 ne pas manquer<\/li>\n<li>Choisir deux cr\u00e9neaux alternatifs en cas d\u2019affluence<\/li>\n<li>Pr\u00e9voir une marge pour la librairie et le vestiaire<\/li>\n<li>Noter les salles accessibles et les assises disponibles<\/li>\n<\/ul>\n<p>La responsabilit\u00e9 gagne du terrain, du choix des supports aux mat\u00e9riaux d\u2019exposition. En revanche, les \u00e9quipes rappellent la fragilit\u00e9 des textiles\u2009: la rotation des pi\u00e8ces demeure courante.<\/p>\n<p>Billetterie, affluence et meilleurs moments<\/p>\n<p>Les billetteries ouvrent souvent entre <strong>3 \u00e0 6 mois<\/strong> avant l\u2019ouverture. Aussi, un rappel calendrier sur votre t\u00e9l\u00e9phone aide \u00e0 s\u00e9curiser un cr\u00e9neau. Par cons\u00e9quent, anticipez pour les p\u00e9riodes de f\u00eates.<\/p>\n<p>Les cr\u00e9neaux du matin restent plus fluides, surtout en semaine. De plus, l\u2019avant-derni\u00e8re semaine d\u2019exposition demeure risqu\u00e9e. Les amateurs d\u2019expositions mode pr\u00e9f\u00e9reront une r\u00e9servation t\u00f4t dans la saison.<\/p>\n<p>Privil\u00e9giez un sac l\u00e9ger et des chaussures souples. Ainsi, vous m\u00e9nagez votre attention comme votre corps. En bref, mieux vaut 70 minutes concentr\u00e9es que trois heures dispers\u00e9es.<\/p>\n<p>Venir en famille ou entre amis<\/p>\n<p>Avec des enfants, pr\u00e9parez une mini-lecture d\u2019image \u00e0 l\u2019avance. Aussi, fixez une \u201cpi\u00e8ce coup de c\u0153ur\u201d par personne pour garder l\u2019envie.<\/p>\n<p>En groupe, d\u00e9finissez un point de ralliement \u00e0 chaque \u00e9tage. De plus, r\u00e9partissez les r\u00f4les\u2009: un photographe, un lecteur de cartels, un gardien du temps.<\/p>\n<p>Conseils concrets pour une visite r\u00e9ussie<\/p>\n<p>Rassemblez vos rep\u00e8res\u2009: horaires, plan des salles, vestiaire. Ainsi, vous entrez focus, sans stress logistique. Comptez <strong>90 minutes<\/strong> pour une lecture confortable.<\/p>\n<p>Photographiez les cartels-cl\u00e9s pour r\u00e9viser \u00e0 t\u00eate repos\u00e9e. De plus, un carnet de deux pages suffit \u00e0 noter les mots qui comptent. Les expositions mode gagnent \u00e0 \u00eatre relues apr\u00e8s la visite.<\/p>\n<p>Respectez les r\u00e8gles de prise de vue et la distance avec les pi\u00e8ces. Par cons\u00e9quent, vos images seront nettes, et les textiles resteront pr\u00e9serv\u00e9s. D\u00e9sormais, le confort de visite fait partie de l\u2019exp\u00e9rience partag\u00e9e.<\/p>\n","protected":false},"excerpt":{"rendered":"ParisSelectBook &#8211; Expositions mode 2026: les immanquables \u00e0 Paris et dans le monde &#8211; Cr\u00e9dit photo \u00a9 Paris&hellip;\n","protected":false},"author":2,"featured_media":665237,"comment_status":"","ping_status":"","sticky":false,"template":"","format":"standard","meta":{"footnotes":""},"categories":[1888],"tags":[1111,1928,11,1927,1777,674,15957,1011,27,12,1926,626,1925,25],"class_list":{"0":"post-665236","1":"post","2":"type-post","3":"status-publish","4":"format-standard","5":"has-post-thumbnail","7":"category-paris","8":"tag-actu","9":"tag-actu-paris","10":"tag-actualites","11":"tag-actualites-paris","12":"tag-eu","13":"tag-europe","14":"tag-expositions-mode","15":"tag-fr","16":"tag-france","17":"tag-news","18":"tag-news-paris","19":"tag-paris","20":"tag-paris-news","21":"tag-republique-francaise"},"share_on_mastodon":{"url":"https:\/\/pubeurope.com\/@fr\/115898949523069681","error":""},"_links":{"self":[{"href":"https:\/\/www.europesays.com\/fr\/wp-json\/wp\/v2\/posts\/665236","targetHints":{"allow":["GET"]}}],"collection":[{"href":"https:\/\/www.europesays.com\/fr\/wp-json\/wp\/v2\/posts"}],"about":[{"href":"https:\/\/www.europesays.com\/fr\/wp-json\/wp\/v2\/types\/post"}],"author":[{"embeddable":true,"href":"https:\/\/www.europesays.com\/fr\/wp-json\/wp\/v2\/users\/2"}],"replies":[{"embeddable":true,"href":"https:\/\/www.europesays.com\/fr\/wp-json\/wp\/v2\/comments?post=665236"}],"version-history":[{"count":0,"href":"https:\/\/www.europesays.com\/fr\/wp-json\/wp\/v2\/posts\/665236\/revisions"}],"wp:featuredmedia":[{"embeddable":true,"href":"https:\/\/www.europesays.com\/fr\/wp-json\/wp\/v2\/media\/665237"}],"wp:attachment":[{"href":"https:\/\/www.europesays.com\/fr\/wp-json\/wp\/v2\/media?parent=665236"}],"wp:term":[{"taxonomy":"category","embeddable":true,"href":"https:\/\/www.europesays.com\/fr\/wp-json\/wp\/v2\/categories?post=665236"},{"taxonomy":"post_tag","embeddable":true,"href":"https:\/\/www.europesays.com\/fr\/wp-json\/wp\/v2\/tags?post=665236"}],"curies":[{"name":"wp","href":"https:\/\/api.w.org\/{rel}","templated":true}]}}