{"id":665238,"date":"2026-01-15T11:46:11","date_gmt":"2026-01-15T11:46:11","guid":{"rendered":"https:\/\/www.europesays.com\/fr\/665238\/"},"modified":"2026-01-15T11:46:11","modified_gmt":"2026-01-15T11:46:11","slug":"jema-2026-journees-europeennes-des-metiers-dart-candidatez","status":"publish","type":"post","link":"https:\/\/www.europesays.com\/fr\/665238\/","title":{"rendered":"JEMA 2026 &#8211; Journ\u00e9es Europ\u00e9ennes des M\u00e9tiers d\u2019Art : candidatez !"},"content":{"rendered":"<p>Si vous exercez un m\u00e9tier d\u2019art sur l\u2019une des 12 communes de Saint-Quentin-en-Yvelines\u00a0et souhaitez faire d\u00e9couvrir votre savoir-faire, participez aux JEMA 2026, et b\u00e9n\u00e9ficiez de la communication qui sera d\u00e9ploy\u00e9e sur le territoire de SQY (affichage, site internet, r\u00e9seaux sociaux, \u2026).<\/p>\n<p>Consultez la liste des m\u00e9tiers \u00e9dit\u00e9e par l\u2019Institut des M\u00e9tiers d\u2019Art.\u2935\ufe0f\u00a0<\/p>\n","protected":false},"excerpt":{"rendered":"Si vous exercez un m\u00e9tier d\u2019art sur l\u2019une des 12 communes de Saint-Quentin-en-Yvelines\u00a0et souhaitez faire d\u00e9couvrir votre savoir-faire,&hellip;\n","protected":false},"author":2,"featured_media":665239,"comment_status":"","ping_status":"","sticky":false,"template":"","format":"standard","meta":{"footnotes":""},"categories":[1888],"tags":[11,1777,674,1011,27,12,626,25],"class_list":{"0":"post-665238","1":"post","2":"type-post","3":"status-publish","4":"format-standard","5":"has-post-thumbnail","7":"category-paris","8":"tag-actualites","9":"tag-eu","10":"tag-europe","11":"tag-fr","12":"tag-france","13":"tag-news","14":"tag-paris","15":"tag-republique-francaise"},"share_on_mastodon":{"url":"https:\/\/pubeurope.com\/@fr\/115898953514166382","error":""},"_links":{"self":[{"href":"https:\/\/www.europesays.com\/fr\/wp-json\/wp\/v2\/posts\/665238","targetHints":{"allow":["GET"]}}],"collection":[{"href":"https:\/\/www.europesays.com\/fr\/wp-json\/wp\/v2\/posts"}],"about":[{"href":"https:\/\/www.europesays.com\/fr\/wp-json\/wp\/v2\/types\/post"}],"author":[{"embeddable":true,"href":"https:\/\/www.europesays.com\/fr\/wp-json\/wp\/v2\/users\/2"}],"replies":[{"embeddable":true,"href":"https:\/\/www.europesays.com\/fr\/wp-json\/wp\/v2\/comments?post=665238"}],"version-history":[{"count":0,"href":"https:\/\/www.europesays.com\/fr\/wp-json\/wp\/v2\/posts\/665238\/revisions"}],"wp:featuredmedia":[{"embeddable":true,"href":"https:\/\/www.europesays.com\/fr\/wp-json\/wp\/v2\/media\/665239"}],"wp:attachment":[{"href":"https:\/\/www.europesays.com\/fr\/wp-json\/wp\/v2\/media?parent=665238"}],"wp:term":[{"taxonomy":"category","embeddable":true,"href":"https:\/\/www.europesays.com\/fr\/wp-json\/wp\/v2\/categories?post=665238"},{"taxonomy":"post_tag","embeddable":true,"href":"https:\/\/www.europesays.com\/fr\/wp-json\/wp\/v2\/tags?post=665238"}],"curies":[{"name":"wp","href":"https:\/\/api.w.org\/{rel}","templated":true}]}}