{"id":665246,"date":"2026-01-15T11:50:28","date_gmt":"2026-01-15T11:50:28","guid":{"rendered":"https:\/\/www.europesays.com\/fr\/665246\/"},"modified":"2026-01-15T11:50:28","modified_gmt":"2026-01-15T11:50:28","slug":"le-fbi-perquisitionne-le-domicile-dune-journaliste-du-washington-post","status":"publish","type":"post","link":"https:\/\/www.europesays.com\/fr\/665246\/","title":{"rendered":"Le FBI perquisitionne le domicile d\u2019une journaliste du Washington Post"},"content":{"rendered":"<p>Il s\u2019agit d\u2019un acte \u00ab\u00a0tr\u00e8s inhabituel et agressif\u00a0\u00bb selon le <a href=\"https:\/\/www.20minutes.fr\/monde\/election-presidentielle-americaine\/4117971-20241026-election-americaine-2024-washington-post-prend-parti-lecteurs-colere-jeff-bezos-montre-doigt\" class=\"c-link c-link--is-underlined\" rel=\"nofollow noopener\" target=\"_blank\">Washington Post.<\/a> Le <a href=\"https:\/\/www.20minutes.fr\/dossier\/fbi\" class=\"c-link c-link--is-underlined\" rel=\"nofollow noopener\" target=\"_blank\">FBI<\/a>, la police f\u00e9d\u00e9rale am\u00e9ricaine, a perquisitionn\u00e9 mercredi le domicile d\u2019une journaliste du quotidien am\u00e9ricain dans le cadre d\u2019une enqu\u00eate sur des fuites d\u2019informations relevant de la s\u00e9curit\u00e9 nationale.<\/p>\n<p>\u00ab\u00a0A la demande du <a href=\"https:\/\/www.20minutes.fr\/monde\/etats-unis\/4171357-20250905-etats-unis-trump-rebaptise-ministere-defense-ministere-guerre\" class=\"c-link c-link--is-underlined\" rel=\"nofollow noopener\" target=\"_blank\">minist\u00e8re de la Guerre<\/a> (minist\u00e8re de la D\u00e9fense), le minist\u00e8re de la Justice et le FBI ont conduit une perquisition au domicile d\u2019une journaliste du Washington Post qui recevait et faisait \u00e9tat d\u2019informations classifi\u00e9es et divulgu\u00e9es ill\u00e9galement par un sous-traitant du Pentagone\u00a0\u00bb, a affirm\u00e9 sur X la ministre de la Justice, <a href=\"https:\/\/www.20minutes.fr\/monde\/election-presidentielle-americaine\/4122702-20241122-etats-unis-donald-trump-annonce-nomination-pam-bondi-justice-apres-desistement-matt-gaetz\" class=\"c-link c-link--is-underlined\" rel=\"nofollow noopener\" target=\"_blank\">Pam Bondi<\/a>.<\/p>\n<p>\u00ab\u00a0L\u2019auteur des fuites est actuellement derri\u00e8re les barreaux\u00a0\u00bb, a soulign\u00e9 la ministre, en r\u00e9f\u00e9rence \u00e0 un homme arr\u00eat\u00e9 il y a quelques jours, accus\u00e9 de r\u00e9tention ill\u00e9gale de documents relevant de la s\u00e9curit\u00e9 nationale. La perquisition visait une journaliste pr\u00e9sum\u00e9e avoir \u00ab\u00a0obtenu d\u2019un sous-traitant du gouvernement et publi\u00e9 des informations militaires sensibles et classifi\u00e9es\u00a0\u00bb, a rench\u00e9ri sur X le directeur du FBI, Kash Patel, excluant tout autre commentaire sur \u00ab\u00a0une enqu\u00eate en cours\u00a0\u00bb.<\/p>\n<blockquote class=\"twitter-tweet\" align=\"center\" data-lang=\"fr_FR\">\n<p lang=\"en\" dir=\"ltr\">The government contractor alleged to have illegally retained and leaked classified, sensitive military op information to a reporter has been arrested. Investigation ongoing. Compromising the safety of our war fighters and America\u2019s national security will be met with the full\u2026 <a href=\"https:\/\/t.co\/bY4TmsziPq\" rel=\"nofollow\">pic.twitter.com\/bY4TmsziPq<\/a><\/p>\n<p>\u2014 FBI Director Kash Patel (@FBIDirectorKash) <a href=\"https:\/\/twitter.com\/FBIDirectorKash\/status\/2011525020628238422?ref_src=twsrc%5Etfw\" rel=\"nofollow noopener\" target=\"_blank\">January 14, 2026<\/a><\/p><\/blockquote>\n<p class=\"mb-m@xs text-l@xs\">En cliquant sur\u00ab J\u2019accepte \u00bb, vous acceptez le d\u00e9p\u00f4t de cookies par des services externes et aurez ainsi acc\u00e8s aux contenus de nos partenaires.<\/p>\n<p class=\"mb-xl@xs text-s@xs\">Plus d\u2019informations sur la page<a href=\"https:\/\/www.20minutes.fr\/gestion-cookies\" class=\"mx-xxs@xs color-ultramarine\" rel=\"nofollow noopener\" target=\"_blank\">Politique de gestion des cookies<\/a><\/p>\n<p>J\u2019accepteSituation inhabituelle<\/p>\n<p>Le m\u00e9dia avait pr\u00e9alablement annonc\u00e9 cette perquisition mercredi matin chez sa journaliste, Hannah Natanson, en Virginie, pr\u00e8s de <a href=\"https:\/\/www.20minutes.fr\/dossier\/washington\" class=\"c-link c-link--is-underlined\" rel=\"nofollow noopener\" target=\"_blank\">Washington<\/a>, pr\u00e9cisant que \u00ab\u00a0son t\u00e9l\u00e9phone, ses deux ordinateurs portables et une montre Garmin avaient \u00e9t\u00e9 saisis\u00a0\u00bb.<\/p>\n<\/p>\n<p>S\u2019il n\u2019est pas inhabituel pour des agents du FBI de tenter d\u2019identifier la source de fuites aupr\u00e8s de journalistes publiant des informations sensibles, \u00ab\u00a0il est tr\u00e8s inhabituel et agressif de la part des forces de l\u2019ordre de mener une perquisition au domicile d\u2019un journaliste\u00a0\u00bb, rel\u00e8ve le journal. Les agents lui ont dit qu\u2019elle n\u2019\u00e9tait pas la cible de leur enqu\u00eate, qui vise Aurelio Perez-Lugones, un administrateur syst\u00e8me dans une entreprise du Maryland accus\u00e9 d\u2019avoir consult\u00e9 et emport\u00e9 chez lui des rapports de renseignement classifi\u00e9s, souligne le quotidien.<\/p>\n<p>Hannah Natanson couvre les fonctionnaires de l\u2019administration f\u00e9d\u00e9rale, particuli\u00e8rement secou\u00e9e lors de la premi\u00e8re ann\u00e9e du nouveau mandat de <a href=\"https:\/\/www.20minutes.fr\/dossier\/donald_trump\" class=\"c-link c-link--is-underlined\" rel=\"nofollow noopener\" target=\"_blank\">Donald Trump<\/a>, et a racont\u00e9 en d\u00e9cembre dans les colonnes du journal comment elle avait publi\u00e9 son num\u00e9ro s\u00e9curis\u00e9 sur un forum en ligne, recueillant les t\u00e9moignages de plus d\u2019un millier de sources, rappelle le Washington Post.<\/p>\n<p>\u00ab\u00a0Effrayant\u00a0\u00bb<\/p>\n<p>\u00ab\u00a0En clair, le minist\u00e8re de la Justice vient de conduire une perquisition chez une journaliste pour conna\u00eetre ses sources\u00a0\u00bb, a r\u00e9agi Xochitl Hinojosa, directrice de la communication du minist\u00e8re de la Justice sous le pr\u00e9c\u00e9dent pr\u00e9sident d\u00e9mocrate <a href=\"https:\/\/www.20minutes.fr\/dossier\/joe_biden\" class=\"c-link c-link--is-underlined\" rel=\"nofollow noopener\" target=\"_blank\">Joe Biden<\/a>, \u00e0 pr\u00e9sent commentatrice politique sur CNN. \u00ab\u00a0Il y avait des protections sous la pr\u00e9c\u00e9dente administration afin d\u2019emp\u00eacher que ceci ne se produise, mais Mme Bondi les a supprim\u00e9es\u00a0\u00bb, explique-t-elle sur X. \u00ab\u00a0Dans l\u2019Histoire moderne, le <a href=\"https:\/\/www.20minutes.fr\/monde\/etats-unis\/4174330-20250921-etats-unis-trump-exhorte-ministere-justice-agir-contre-adversaires-politiques\" class=\"c-link c-link--is-underlined\" rel=\"nofollow noopener\" target=\"_blank\">minist\u00e8re de la Justice<\/a> n\u2019a jamais poursuivi un journaliste pour publication ou obtention ill\u00e9gale d\u2019informations classifi\u00e9es et il est effrayant de penser que cela pourrait changer\u00a0\u00bb, ajoute-t-elle.<\/p>\n<p>Aurelio Perez-Lugones, qui a servi dans la marine militaire am\u00e9ricaine de\u00a01982 \u00e0\u00a02002 avant de travailler comme sous-traitant du Pentagone depuis cette date, a \u00e9t\u00e9 arr\u00eat\u00e9 la semaine derni\u00e8re dans le Maryland, selon des documents judiciaires, qui ne mentionnent pas d\u2019\u00e9changes avec des journalistes. Une audience sur son maintien en d\u00e9tention est pr\u00e9vue jeudi \u00e0 Baltimore. Il est accus\u00e9 d\u2019avoir depuis octobre\u00a02025 consult\u00e9 sans autorisation des informations classifi\u00e9es et d\u2019en avoir emport\u00e9 hors de son lieu de travail.<\/p>\n<p>En septembre, le minist\u00e8re am\u00e9ricain de la D\u00e9fense a impos\u00e9 aux journalistes accr\u00e9dit\u00e9s l\u2019interdiction de solliciter ou publier certaines informations sans son autorisation explicite, sous peine de perdre leur accr\u00e9ditation. La majorit\u00e9 des m\u00e9dias disposant d\u2019un journaliste accr\u00e9dit\u00e9 au Pentagone, du New York Times \u00e0 <a href=\"https:\/\/www.20minutes.fr\/dossier\/fox_news\" class=\"c-link c-link--is-underlined\" rel=\"nofollow noopener\" target=\"_blank\">Fox News<\/a> en passant par l\u2019AFP, ont refus\u00e9 ces nouvelles conditions, et ont ainsi quitt\u00e9 leur bureau sur place.<\/p>\n<p><script async src=\"https:\/\/platform.twitter.com\/widgets.js\" charset=\"utf-8\"><\/script><\/p>\n","protected":false},"excerpt":{"rendered":"Il s\u2019agit d\u2019un acte \u00ab\u00a0tr\u00e8s inhabituel et agressif\u00a0\u00bb selon le Washington Post. Le FBI, la police f\u00e9d\u00e9rale am\u00e9ricaine,&hellip;\n","protected":false},"author":2,"featured_media":665247,"comment_status":"","ping_status":"","sticky":false,"template":"","format":"standard","meta":{"footnotes":"","_share_on_mastodon":"0"},"categories":[1589],"tags":[47,11,73,1866,18120,9877,2957,500,74,12,1864,1865,1863,308],"class_list":["post-665246","post","type-post","status-publish","format-standard","has-post-thumbnail","category-etats-unis","tag-actualite","tag-actualites","tag-etats-unis","tag-etats-unis-damerique","tag-fbi","tag-journalisme","tag-journaliste","tag-medias","tag-monde","tag-news","tag-united-states","tag-united-states-of-america","tag-us","tag-usa"],"share_on_mastodon":{"url":"https:\/\/pubeurope.com\/@fr\/115898969141513857","error":""},"_links":{"self":[{"href":"https:\/\/www.europesays.com\/fr\/wp-json\/wp\/v2\/posts\/665246","targetHints":{"allow":["GET"]}}],"collection":[{"href":"https:\/\/www.europesays.com\/fr\/wp-json\/wp\/v2\/posts"}],"about":[{"href":"https:\/\/www.europesays.com\/fr\/wp-json\/wp\/v2\/types\/post"}],"author":[{"embeddable":true,"href":"https:\/\/www.europesays.com\/fr\/wp-json\/wp\/v2\/users\/2"}],"replies":[{"embeddable":true,"href":"https:\/\/www.europesays.com\/fr\/wp-json\/wp\/v2\/comments?post=665246"}],"version-history":[{"count":0,"href":"https:\/\/www.europesays.com\/fr\/wp-json\/wp\/v2\/posts\/665246\/revisions"}],"wp:featuredmedia":[{"embeddable":true,"href":"https:\/\/www.europesays.com\/fr\/wp-json\/wp\/v2\/media\/665247"}],"wp:attachment":[{"href":"https:\/\/www.europesays.com\/fr\/wp-json\/wp\/v2\/media?parent=665246"}],"wp:term":[{"taxonomy":"category","embeddable":true,"href":"https:\/\/www.europesays.com\/fr\/wp-json\/wp\/v2\/categories?post=665246"},{"taxonomy":"post_tag","embeddable":true,"href":"https:\/\/www.europesays.com\/fr\/wp-json\/wp\/v2\/tags?post=665246"}],"curies":[{"name":"wp","href":"https:\/\/api.w.org\/{rel}","templated":true}]}}