{"id":665250,"date":"2026-01-15T11:52:12","date_gmt":"2026-01-15T11:52:12","guid":{"rendered":"https:\/\/www.europesays.com\/fr\/665250\/"},"modified":"2026-01-15T11:52:12","modified_gmt":"2026-01-15T11:52:12","slug":"allemagne-leconomie-a-progresse-en-2025-pour-la-premiere-fois-en-trois-ans","status":"publish","type":"post","link":"https:\/\/www.europesays.com\/fr\/665250\/","title":{"rendered":"Allemagne: L&rsquo;\u00e9conomie a progress\u00e9 en 2025 pour la premi\u00e8re fois en trois ans"},"content":{"rendered":"<p>BERLIN, 15 janvier (Reuters) &#8211; Le produit int\u00e9rieur brut (PIB) de l&rsquo;Allemagne a progress\u00e9 pour la premi\u00e8re fois en trois ans en 2025, les consommateurs et les d\u00e9penses publiques commen\u00e7ant \u00e0 alimenter une reprise jusqu&rsquo;ici timide, ont montr\u00e9 des donn\u00e9es publi\u00e9es jeudi.<\/p>\n<p>\n              La plus grande \u00e9conomie europ\u00e9enne \u00e9tait en stagnation depuis 2023, son vaste secteur industriel ayant \u00e9t\u00e9 \u00e9vinc\u00e9 des principaux march\u00e9s d&rsquo;exportation en raison des prix, tandis que les consommateurs nationaux pr\u00e9f\u00e8rent \u00e9pargner et que le gouvernement a r\u00e9duit les d\u00e9penses publiques.<\/p>\n<p>\n              Un changement s&rsquo;est toutefois amorc\u00e9 en mars dernier, lorsque le chancelier Friedrich Merz a approuv\u00e9 de nouvelles r\u00e8gles en mati\u00e8re de d\u00e9penses, modifiant notamment le frein constitutionnel \u00e0 l&rsquo;endettement.<\/p>\n<p>\n              \u00ab\u00a0Apr\u00e8s deux ann\u00e9es de r\u00e9cession, l&rsquo;\u00e9conomie allemande a renou\u00e9 avec la croissance. Cette croissance est principalement li\u00e9e \u00e0 l&rsquo;augmentation de la consommation des m\u00e9nages et des d\u00e9penses publiques\u00a0\u00bb, a d\u00e9clar\u00e9 Ruth Brand, pr\u00e9sidente de l&rsquo;Office f\u00e9d\u00e9ral de la statistique.<\/p>\n<p>\n              L&rsquo;\u00e9conomie a progress\u00e9 de 0,2% tant au dernier trimestre 2025 que sur l&rsquo;ensemble de l&rsquo;ann\u00e9e. L&rsquo;augmentation annuelle est conforme aux attentes des analystes interrog\u00e9s par Reuters.<\/p>\n<p>\n              L&rsquo;\u00e9conomie allemande a globalement stagn\u00e9 l&rsquo;ann\u00e9e derni\u00e8re, mais s&rsquo;est am\u00e9lior\u00e9e par rapport \u00e0 2024, selon Claus Vistesen, \u00e9conomiste en chef de la zone euro chez Pantheon Macroeconomics.<\/p>\n<p>\n              \u00ab\u00a0En ce qui concerne l&rsquo;avenir, nos pr\u00e9visions supposent que l&rsquo;\u00e9conomie allemande va maintenant prendre de l&rsquo;\u00e9lan, principalement en raison du retournement du cycle d&rsquo;investissement, soutenu par des mesures de relance budg\u00e9taire soutenues ax\u00e9es sur les d\u00e9penses d&rsquo;infrastructure et de d\u00e9fense\u00a0\u00bb, a-t-il ajout\u00e9.<\/p>\n<p>\n              Le produit int\u00e9rieur brut est sup\u00e9rieur de 0,2% \u00e0 son niveau de 2019, avant la pand\u00e9mie de coronavirus, regagnant enfin le terrain perdu, bien qu&rsquo;avec un certain retard par rapport aux pairs europ\u00e9ens.<\/p>\n<p> (R\u00e9dig\u00e9 par Maria Martinez, version fran\u00e7aise Augustin Turpin, \u00e9dit\u00e9 par Kate Entringer)<\/p>\n","protected":false},"excerpt":{"rendered":"BERLIN, 15 janvier (Reuters) &#8211; Le produit int\u00e9rieur brut (PIB) de l&rsquo;Allemagne a progress\u00e9 pour la premi\u00e8re fois&hellip;\n","protected":false},"author":2,"featured_media":665251,"comment_status":"","ping_status":"","sticky":false,"template":"","format":"standard","meta":{"footnotes":""},"categories":[1587],"tags":[11,672,340,1804,1805,1803,1777,674,1801,12,1802],"class_list":{"0":"post-665250","1":"post","2":"type-post","3":"status-publish","4":"format-standard","5":"has-post-thumbnail","7":"category-allemagne","8":"tag-actualites","9":"tag-allemagne","10":"tag-bourse","11":"tag-bundesrepublik-deutschland","12":"tag-de","13":"tag-deutschland","14":"tag-eu","15":"tag-europe","16":"tag-germany","17":"tag-news","18":"tag-republique-federale-dallemagne"},"share_on_mastodon":{"url":"https:\/\/pubeurope.com\/@fr\/115898977102164251","error":""},"_links":{"self":[{"href":"https:\/\/www.europesays.com\/fr\/wp-json\/wp\/v2\/posts\/665250","targetHints":{"allow":["GET"]}}],"collection":[{"href":"https:\/\/www.europesays.com\/fr\/wp-json\/wp\/v2\/posts"}],"about":[{"href":"https:\/\/www.europesays.com\/fr\/wp-json\/wp\/v2\/types\/post"}],"author":[{"embeddable":true,"href":"https:\/\/www.europesays.com\/fr\/wp-json\/wp\/v2\/users\/2"}],"replies":[{"embeddable":true,"href":"https:\/\/www.europesays.com\/fr\/wp-json\/wp\/v2\/comments?post=665250"}],"version-history":[{"count":0,"href":"https:\/\/www.europesays.com\/fr\/wp-json\/wp\/v2\/posts\/665250\/revisions"}],"wp:featuredmedia":[{"embeddable":true,"href":"https:\/\/www.europesays.com\/fr\/wp-json\/wp\/v2\/media\/665251"}],"wp:attachment":[{"href":"https:\/\/www.europesays.com\/fr\/wp-json\/wp\/v2\/media?parent=665250"}],"wp:term":[{"taxonomy":"category","embeddable":true,"href":"https:\/\/www.europesays.com\/fr\/wp-json\/wp\/v2\/categories?post=665250"},{"taxonomy":"post_tag","embeddable":true,"href":"https:\/\/www.europesays.com\/fr\/wp-json\/wp\/v2\/tags?post=665250"}],"curies":[{"name":"wp","href":"https:\/\/api.w.org\/{rel}","templated":true}]}}