{"id":665252,"date":"2026-01-15T11:53:16","date_gmt":"2026-01-15T11:53:16","guid":{"rendered":"https:\/\/www.europesays.com\/fr\/665252\/"},"modified":"2026-01-15T11:53:16","modified_gmt":"2026-01-15T11:53:16","slug":"le-moteur-economique-de-leurope-sort-timidement-la-tete-de-leau","status":"publish","type":"post","link":"https:\/\/www.europesays.com\/fr\/665252\/","title":{"rendered":"le moteur \u00e9conomique de l&rsquo;Europe sort timidement la t\u00eate de l&rsquo;eau"},"content":{"rendered":"<p><strong>Le chiffre. <\/strong>En 2025, le produit int\u00e9rieur brut de l\u2019Allemagne a progress\u00e9 de 0,2\u00a0% en termes r\u00e9els, selon une estimation provisoire de l&rsquo;institut Destatis. Un chiffre qui correspond aux attentes du gouvernement. Le faible rebond \u00ab\u00a0s&rsquo;explique principalement par l&rsquo;augmentation des d\u00e9penses de consommation des m\u00e9nages et de l&rsquo;\u00c9tat\u00a0\u00bb, a d\u00e9clar\u00e9 Ruth Brand, pr\u00e9sidente de Destatis, dans le communiqu\u00e9. Au dernier trimestre 2025, le PIB a progress\u00e9 de 0,2\u00a0% par rapport au trimestre pr\u00e9c\u00e9dent, selon une estimation provisoire.<\/p>\n<p><strong>Est-ce une bonne nouvelle\u00a0?<\/strong> Oui, mais l\u2019Allemagne reste loin de ses niveaux de croissance historiques. Les exportations ont tout de m\u00eame recul\u00e9 en 2025 de 0,3\u00a0%, soit une troisi\u00e8me baisse cons\u00e9cutive, plus marqu\u00e9e dans les voitures, les machines et les produits chimiques, secteurs phares du \u00ab\u00a0Made in Germany\u00a0\u00bb. Quant \u00e0 l&rsquo;industrie manufacturi\u00e8re, son activit\u00e9 a recul\u00e9 pour la troisi\u00e8me ann\u00e9e d&rsquo;affil\u00e9e. M\u00eame constat pour les investissements, qui sont rest\u00e9s particuli\u00e8rement faibles dans la construction et les \u00e9quipements.<\/p>\n<p><strong>Pourquoi c\u2019est important. <\/strong>L\u2019Allemagne est le moteur \u00e9conomique de la zone euro. Son mod\u00e8le \u00e9conomique est bas\u00e9 sur l\u2019industrie et les exportations. Si elle exporte dans le monde entier, elle commerce surtout avec ses voisins europ\u00e9ens, notamment avec la France, ce qui participe \u00e0 stimuler \u00e9galement leur \u00e9conomie. Mais depuis deux ans, la croissance allemande est en panne \u00e0 cause de la crise \u00e9nerg\u00e9tique qui a suivi l\u2019invasion russe en Ukraine. Elle est entr\u00e9e en r\u00e9cession en 2023, avec une contraction de 0,9 % de son PIB, puis de 0,5 % en 2024.<\/p>\n<p><strong>Que peut-on attendre en 2026 ? <\/strong>Le commerce ext\u00e9rieur en 2026 risque de continuer \u00e0 faire face \u00e0 des tensions, notamment entre la Chine et les \u00c9tats-Unis, tous deux des partenaires commerciaux importants du pays. L\u2019ann\u00e9e pr\u00e9c\u00e9dente, l\u2019Allemagne a d\u00e9j\u00e0 \u00e9t\u00e9 \u00ab confront\u00e9e \u00e0 de forts vents contraires en raison de la hausse des droits de douane am\u00e9ricains, de l\u2019appr\u00e9ciation de l\u2019euro et d\u2019une concurrence accrue en provenance de Chine\u00a0\u00bb, ajoute Destatis.<\/p>\n<p>Et outre la croissance, l\u2019Allemagne fait face \u00e0 d\u2019autres signes de stagnation, comme un taux de ch\u00f4mage stable mais qui se maintient tout de m\u00eame \u00e0 plus de 6\u00a0% depuis mars.<\/p>\n<p>N\u00e9anmoins, le gouvernement a adopt\u00e9 l\u2019ann\u00e9e derni\u00e8re <a href=\"https:\/\/www.latribune.fr\/article\/economie\/1471280462161914\/le-pari-budgetaire-de-friedrich-merz-170-milliards-d-euros-de-dette-pour-reveiller-le-geant-allemand-endormi\" target=\"_blank\" article-id=\"1471280462161914\" rel=\"noopener\">un plan de plusieurs centaines de milliards d\u2019euros<\/a> pour moderniser les infrastructures et la d\u00e9fense. De nombreux experts s\u2019accordent \u00e0 dire qu\u2019un tel plan pourrait relancer la croissance allemande et redonner, par la m\u00eame occasion, du dynamisme \u00e0 la zone euro. La coalition du chancelier Friedrich Merz esp\u00e8re en tout cas observer cette ann\u00e9e un rebond du PIB \u00e0 1,3\u00a0%.<\/p>\n","protected":false},"excerpt":{"rendered":"Le chiffre. En 2025, le produit int\u00e9rieur brut de l\u2019Allemagne a progress\u00e9 de 0,2\u00a0% en termes r\u00e9els, selon&hellip;\n","protected":false},"author":2,"featured_media":665253,"comment_status":"","ping_status":"","sticky":false,"template":"","format":"standard","meta":{"footnotes":""},"categories":[1586],"tags":[5734,11,672,913,33,2811,1777,674,1011,27,21443,1808,5207,12,25,4102,17643,76595],"class_list":{"0":"post-665252","1":"post","2":"type-post","3":"status-publish","4":"format-standard","5":"has-post-thumbnail","7":"category-europe","8":"tag-5734","9":"tag-actualites","10":"tag-allemagne","11":"tag-croissance","12":"tag-economie","13":"tag-economique","14":"tag-eu","15":"tag-europe","16":"tag-fr","17":"tag-france","18":"tag-leau","19":"tag-leurope","20":"tag-moteur","21":"tag-news","22":"tag-republique-francaise","23":"tag-sort","24":"tag-tete","25":"tag-timidement"},"share_on_mastodon":{"url":"https:\/\/pubeurope.com\/@fr\/115898981021914496","error":""},"_links":{"self":[{"href":"https:\/\/www.europesays.com\/fr\/wp-json\/wp\/v2\/posts\/665252","targetHints":{"allow":["GET"]}}],"collection":[{"href":"https:\/\/www.europesays.com\/fr\/wp-json\/wp\/v2\/posts"}],"about":[{"href":"https:\/\/www.europesays.com\/fr\/wp-json\/wp\/v2\/types\/post"}],"author":[{"embeddable":true,"href":"https:\/\/www.europesays.com\/fr\/wp-json\/wp\/v2\/users\/2"}],"replies":[{"embeddable":true,"href":"https:\/\/www.europesays.com\/fr\/wp-json\/wp\/v2\/comments?post=665252"}],"version-history":[{"count":0,"href":"https:\/\/www.europesays.com\/fr\/wp-json\/wp\/v2\/posts\/665252\/revisions"}],"wp:featuredmedia":[{"embeddable":true,"href":"https:\/\/www.europesays.com\/fr\/wp-json\/wp\/v2\/media\/665253"}],"wp:attachment":[{"href":"https:\/\/www.europesays.com\/fr\/wp-json\/wp\/v2\/media?parent=665252"}],"wp:term":[{"taxonomy":"category","embeddable":true,"href":"https:\/\/www.europesays.com\/fr\/wp-json\/wp\/v2\/categories?post=665252"},{"taxonomy":"post_tag","embeddable":true,"href":"https:\/\/www.europesays.com\/fr\/wp-json\/wp\/v2\/tags?post=665252"}],"curies":[{"name":"wp","href":"https:\/\/api.w.org\/{rel}","templated":true}]}}