{"id":665272,"date":"2026-01-15T12:10:10","date_gmt":"2026-01-15T12:10:10","guid":{"rendered":"https:\/\/www.europesays.com\/fr\/665272\/"},"modified":"2026-01-15T12:10:10","modified_gmt":"2026-01-15T12:10:10","slug":"france-televisions-lance-sa-plus-importante-reorganisation-depuis-20-ans","status":"publish","type":"post","link":"https:\/\/www.europesays.com\/fr\/665272\/","title":{"rendered":"France T\u00e9l\u00e9visions lance sa \u00abplus importante r\u00e9organisation depuis 20 ans\u00bb"},"content":{"rendered":"<p>\n    <strong>INFO LE FIGARO. &#8211;<\/strong> Face \u00e0 l\u2019\u00e9rosion de la t\u00e9l\u00e9vision lin\u00e9aire et la concurrence des plateformes \u00e9trang\u00e8res, le groupe audiovisuel public se pr\u00e9pare \u00e0 une importante restructuration.<\/p>\n<p class=\"fig-paragraph\">Une v\u00e9ritable r\u00e9volution attend les \u00e9quipes de France T\u00e9l\u00e9visions. \u00abJ\u2019engagerai d\u00e8s ce mois-ci la plus importante r\u00e9organisation du groupe depuis 20 ans, a annonc\u00e9 ce jeudi matin Delphine Ernotte, sa pr\u00e9sidente, lors des v\u0153ux aux salari\u00e9s. Celle qui mettra le num\u00e9rique au c\u0153ur de nos activit\u00e9s. Elle fera du streaming et de notre pr\u00e9sence sur les m\u00e9dias sociaux la part principale de notre activit\u00e9\u00bb. Un chantier immense, dont la r\u00e9flexion aura dur\u00e9 trois ans avant d\u2019aboutir.<\/p>\n<p class=\"fig-paragraph\"><a href=\"https:\/\/www.lefigaro.fr\/tag\/france-televisions\" target=\"_blank\" rel=\"sponsored noopener\" data-gtm-custom-categorie=\"navigation\" data-gtm-custom-action=\"crossclick\" data-gtm-custom-label=\"Contextuel\" data-gtm-event=\"customEventSPE\">France T\u00e9l\u00e9visions<\/a>\u00a0veut devenir un m\u00e9dia nativement num\u00e9rique et va se r\u00e9organiser autour d\u2019un mod\u00e8le \u00abstreaming first\u00bb. Depuis le mois de septembre, les managers ont multipli\u00e9 les r\u00e9unions, affin\u00e9 le projet, en vue de sa prochaine mise sur orbite.<\/p>\n<p class=\"fig-paragraph\">Cette restructuration d\u2019ampleur, qui devrait concerner 60% des salari\u00e9s, part d\u2019un constat lucide. \u00abQue cela plaise ou non, la t\u00e9l\u00e9vision lin\u00e9aire ne sera plus un usage dominant d\u2019ici 2030, l\u00e2che St\u00e9phane Sitbon Gomez, l\u2019actuel directeur des antennes et des programmes de France\u2026<\/p>\n<p class=\"fig-premium-paywall__infos\">\n        Cet article est r\u00e9serv\u00e9 aux abonn\u00e9s.        Il vous reste 84% \u00e0 d\u00e9couvrir.\n    <\/p>\n<p>                <img  data- alt=\"Le Figaro\" class=\"fig-img--complete fig-img\"\/><\/p>\n<p class=\"fig-premium-paywall__title\">Le Figaro c\u00e9l\u00e8bre ses 200 ans<\/p>\n<p class=\"fig-premium-paywall__subtitle\">Offre anniversaire : 2\u20ac\/mois pendant 200 semaines<\/p>\n<p class=\"fig-premium-paywall__connect\">\n                D\u00e9j\u00e0 abonn\u00e9\u00a0?                <a class=\"fig-premium-paywall__connect-link\" href=\"https:\/\/connect.lefigaro.fr\/login?client=horizon_web&amp;type=main&amp;redirect_uri=https%3A%2F%2Fwww.lefigaro.fr%2Fmedias%2Fpriorite-aux-reseaux-sociaux-et-au-streaming-france-televisions-lance-sa-plus-importante-reorganisation-depuis-20-ans-20260115\" data-js-gtm=\"{&quot;customCategorie&quot;: &quot;conversion&quot;, &quot;customAction&quot;: &quot;before_Landing_Connexion_paywall_auto&quot;, &quot;customLabel&quot;: &quot;bGVmaWdhcm8uZnJfXzFmMGYxZWQxLTEzM2QtNjhiNi04MjA3LTY1Nzc3NjFmMDM2Y19fTmV3c0ZsYXNo_Priorit\u00e9 aux r\u00e9seaux sociaux et au streaming: France T\u00e9l\u00e9visions lance sa \u00abplus importante r\u00e9organisation depuis 20 ans\u00bb_275&quot;, &quot;customIDSPE&quot;: &quot;bGVmaWdhcm8uZnJfXzFmMGYxZWQxLTEzM2QtNjhiNi04MjA3LTY1Nzc3NjFmMDM2Y19fTmV3c0ZsYXNo&quot;, &quot;event&quot;: &quot;customEventSPE&quot;}\" target=\"_blank\" rel=\"noopener\"><br \/>\n                    Connectez-vous<br \/>\n                <\/a>\n            <\/p>\n","protected":false},"excerpt":{"rendered":"INFO LE FIGARO. &#8211; Face \u00e0 l\u2019\u00e9rosion de la t\u00e9l\u00e9vision lin\u00e9aire et la concurrence des plateformes \u00e9trang\u00e8res, le&hellip;\n","protected":false},"author":2,"featured_media":665273,"comment_status":"","ping_status":"","sticky":false,"template":"","format":"standard","meta":{"footnotes":""},"categories":[1356],"tags":[11255,58,59,1011,27,2400,252,1364],"class_list":{"0":"post-665272","1":"post","2":"type-post","3":"status-publish","4":"format-standard","5":"has-post-thumbnail","7":"category-television","8":"tag-delphine-ernotte","9":"tag-divertissement","10":"tag-entertainment","11":"tag-fr","12":"tag-france","13":"tag-france-televisions","14":"tag-television","15":"tag-tv"},"share_on_mastodon":{"url":"https:\/\/pubeurope.com\/@fr\/115899047998684972","error":""},"_links":{"self":[{"href":"https:\/\/www.europesays.com\/fr\/wp-json\/wp\/v2\/posts\/665272","targetHints":{"allow":["GET"]}}],"collection":[{"href":"https:\/\/www.europesays.com\/fr\/wp-json\/wp\/v2\/posts"}],"about":[{"href":"https:\/\/www.europesays.com\/fr\/wp-json\/wp\/v2\/types\/post"}],"author":[{"embeddable":true,"href":"https:\/\/www.europesays.com\/fr\/wp-json\/wp\/v2\/users\/2"}],"replies":[{"embeddable":true,"href":"https:\/\/www.europesays.com\/fr\/wp-json\/wp\/v2\/comments?post=665272"}],"version-history":[{"count":0,"href":"https:\/\/www.europesays.com\/fr\/wp-json\/wp\/v2\/posts\/665272\/revisions"}],"wp:featuredmedia":[{"embeddable":true,"href":"https:\/\/www.europesays.com\/fr\/wp-json\/wp\/v2\/media\/665273"}],"wp:attachment":[{"href":"https:\/\/www.europesays.com\/fr\/wp-json\/wp\/v2\/media?parent=665272"}],"wp:term":[{"taxonomy":"category","embeddable":true,"href":"https:\/\/www.europesays.com\/fr\/wp-json\/wp\/v2\/categories?post=665272"},{"taxonomy":"post_tag","embeddable":true,"href":"https:\/\/www.europesays.com\/fr\/wp-json\/wp\/v2\/tags?post=665272"}],"curies":[{"name":"wp","href":"https:\/\/api.w.org\/{rel}","templated":true}]}}