{"id":665278,"date":"2026-01-15T12:13:10","date_gmt":"2026-01-15T12:13:10","guid":{"rendered":"https:\/\/www.europesays.com\/fr\/665278\/"},"modified":"2026-01-15T12:13:10","modified_gmt":"2026-01-15T12:13:10","slug":"lepidemie-menace-de-reprendre-forte-mortalite-chez-les-personnes-agees","status":"publish","type":"post","link":"https:\/\/www.europesays.com\/fr\/665278\/","title":{"rendered":"l\u2019\u00e9pid\u00e9mie menace de reprendre, forte mortalit\u00e9 chez les personnes \u00e2g\u00e9es"},"content":{"rendered":"<p>Depuis plusieurs semaines, <a href=\"https:\/\/www.sudouest.fr\/sante\/grippe-saisonniere-symptomes-traitement-comment-la-prevenir-la-diagnostiquer-et-la-soigner-25267352.php\" target=\"_blank\" rel=\"follow noopener\">l\u2019\u00e9pid\u00e9mie de grippe touche toute la m\u00e9tropole<\/a> ainsi que la plupart des r\u00e9gions d\u2019outre-mer. Seule La R\u00e9union est \u00e9pargn\u00e9e mais, apr\u00e8s une premi\u00e8re vague, elle semble aussi menac\u00e9e d\u2019une reprise. Les autorit\u00e9s sanitaires esp\u00e9raient qu\u2019un pic soit pass\u00e9 avec la nouvelle ann\u00e9e mais, apr\u00e8s un bref d\u00e9clin, les consultations en ville ont rebondi ces derniers jours, \u00ab\u00a0une tendance particuli\u00e8rement marqu\u00e9e chez les enfants de moins de 15\u00a0ans\u00a0\u00bb.<\/p>\n<p>L\u2019h\u00f4pital sous tension\u00a0?<\/p>\n<p>La tendance reste globalement \u00e0 la baisse \u00e0 l\u2019h\u00f4pital, mais celui-ci tend \u00e0 suivre avec quelques jours de retard l\u2019\u00e9volution de la m\u00e9decine de ville. Et les hospitalisations sont d\u00e9j\u00e0 en train d\u2019augmenter pour les moins de cinq ans. D\u2019ores et d\u00e9j\u00e0, l\u2019agence de sant\u00e9 publique a relev\u00e9 une augmentation persistante des d\u00e9c\u00e8s li\u00e9s \u00e0 la grippe. Il est trop t\u00f4t pour d\u00e9gager un bilan chiffr\u00e9, mais il est d\u00e9j\u00e0 possible d\u2019observer une tendance en observant la proportion de morts officiellement caus\u00e9e par la grippe parmi l\u2019ensemble des d\u00e9c\u00e8s faisant l\u2019objet d\u2019un certificat \u00e9lectronique.<\/p>\n<p>Cette proportion se situe d\u00e9sormais <a href=\"https:\/\/www.sudouest.fr\/sante\/grippe\/grippe-un-premier-pic-franchi-le-vaccin-efficace-a-36-5-un-taux-mieux-qu-attendu-27387541.php\" target=\"_blank\" rel=\"noopener\">au \u00ab\u00a0niveau atteint au pic de l\u2019\u00e9pid\u00e9mie 2024-2025<\/a> (7,2\u00a0% contre 7,4\u00a0% \u00e0 l\u2019\u00e9poque)\u00a0\u00bb, et les d\u00e9c\u00e8s touchent tr\u00e8s largement les plus de 65\u00a0ans, a constat\u00e9 Sant\u00e9 publique France. La saison derni\u00e8re avait \u00e9t\u00e9 marqu\u00e9e par l\u2019une des \u00e9pid\u00e9mies les plus s\u00e9v\u00e8res depuis 2009, avec quelque 17\u00a0600 d\u00e9c\u00e8s attribu\u00e9s \u00e0 la grippe contre environ 10\u00a0000 en moyenne. Ce bilan avait \u00e9t\u00e9 li\u00e9 en partie \u00e0 de faibles taux de vaccination.<\/p>\n","protected":false},"excerpt":{"rendered":"Depuis plusieurs semaines, l\u2019\u00e9pid\u00e9mie de grippe touche toute la m\u00e9tropole ainsi que la plupart des r\u00e9gions d\u2019outre-mer. Seule&hellip;\n","protected":false},"author":2,"featured_media":665279,"comment_status":"","ping_status":"","sticky":false,"template":"","format":"standard","meta":{"footnotes":""},"categories":[10],"tags":[1011,27,72,71],"class_list":{"0":"post-665278","1":"post","2":"type-post","3":"status-publish","4":"format-standard","5":"has-post-thumbnail","7":"category-sante","8":"tag-fr","9":"tag-france","10":"tag-health","11":"tag-sante"},"share_on_mastodon":{"url":"https:\/\/pubeurope.com\/@fr\/115899059688239824","error":""},"_links":{"self":[{"href":"https:\/\/www.europesays.com\/fr\/wp-json\/wp\/v2\/posts\/665278","targetHints":{"allow":["GET"]}}],"collection":[{"href":"https:\/\/www.europesays.com\/fr\/wp-json\/wp\/v2\/posts"}],"about":[{"href":"https:\/\/www.europesays.com\/fr\/wp-json\/wp\/v2\/types\/post"}],"author":[{"embeddable":true,"href":"https:\/\/www.europesays.com\/fr\/wp-json\/wp\/v2\/users\/2"}],"replies":[{"embeddable":true,"href":"https:\/\/www.europesays.com\/fr\/wp-json\/wp\/v2\/comments?post=665278"}],"version-history":[{"count":0,"href":"https:\/\/www.europesays.com\/fr\/wp-json\/wp\/v2\/posts\/665278\/revisions"}],"wp:featuredmedia":[{"embeddable":true,"href":"https:\/\/www.europesays.com\/fr\/wp-json\/wp\/v2\/media\/665279"}],"wp:attachment":[{"href":"https:\/\/www.europesays.com\/fr\/wp-json\/wp\/v2\/media?parent=665278"}],"wp:term":[{"taxonomy":"category","embeddable":true,"href":"https:\/\/www.europesays.com\/fr\/wp-json\/wp\/v2\/categories?post=665278"},{"taxonomy":"post_tag","embeddable":true,"href":"https:\/\/www.europesays.com\/fr\/wp-json\/wp\/v2\/tags?post=665278"}],"curies":[{"name":"wp","href":"https:\/\/api.w.org\/{rel}","templated":true}]}}