{"id":665280,"date":"2026-01-15T12:14:12","date_gmt":"2026-01-15T12:14:12","guid":{"rendered":"https:\/\/www.europesays.com\/fr\/665280\/"},"modified":"2026-01-15T12:14:12","modified_gmt":"2026-01-15T12:14:12","slug":"jai-ete-honnete-et-sincere-sur-mon-experience-assure-gabriella-papadakis-apres-ses-accusations-contre-son-ancien-partenaire-guillaume-cizeron","status":"publish","type":"post","link":"https:\/\/www.europesays.com\/fr\/665280\/","title":{"rendered":"\u00ab\u00a0J&rsquo;ai \u00e9t\u00e9 honn\u00eate et sinc\u00e8re sur mon exp\u00e9rience\u00a0\u00bb, assure Gabriella Papadakis apr\u00e8s ses accusations contre son ancien partenaire, Guillaume Cizeron"},"content":{"rendered":"\n<p class=\"c-chapo \">\n  Ils ont form\u00e9 un couple pendant 20 ans sur la glace et tout gagn\u00e9. Mais derri\u00e8re la fa\u00e7ade, la championne r\u00e9v\u00e8le, dans un livre publi\u00e9 jeudi, une r\u00e9alit\u00e9 moins idyllique o\u00f9 elle dit avoir subi une \u00ab\u00a0domination masculine\u00a0\u00bb, presque naturelle dans ce sport.\n<\/p>\n<p>      lire plus tard<\/p>\n<p id=\"dialog__title\" class=\"dialog__title\">Pour sauvegarder cet article, connectez-vous ou cr\u00e9ez un compte franceinfo<\/p>\n<p class=\"dialog__description\">Sans paiement. Sans abonnement.<\/p>\n<p>        Fermer la fen\u00eatre d\u2019activation des notifications France Info<\/p>\n<p>      cr\u00e9er votre compte<\/p>\n<p>      se connecter<\/p>\n<p>      :<\/p>\n<p>        Fermer la fen\u00eatre de pr\u00e9sentation<\/p>\n<p>    <img loading=\"lazy\" decoding=\"async\" class=\"signature__image lazyload\" width=\"100\" height=\"100\" data- alt=\"\" src=\"https:\/\/www.europesays.com\/fr\/wp-content\/uploads\/2025\/05\/64a7df4c5fe71_placeholder-36b69ec8.png\"\/><\/p>\n<p>    Publi\u00e9 le 15\/01\/2026 12:10<\/p>\n<p>        Temps de lecture : 2min<\/p>\n<p>    <img decoding=\"async\"  alt=\"L'ancienne championne de patinage artistique, Gabriella Papadakis, le 15 janvier 2026 sur France Inter. (FRANCE INTER \/ RADIO FRANCE)\" width=\"432\" height=\"243\" src=\"https:\/\/www.europesays.com\/fr\/wp-content\/uploads\/2026\/01\/capture-6968c463e875d258970117.jpg\" fetchpriority=\"high\"\/><\/p>\n<p>      L&rsquo;ancienne championne de patinage artistique, Gabriella Papadakis, le 15 janvier 2026 sur France Inter. (FRANCE INTER \/ RADIO FRANCE)<\/p>\n<p>\u00ab\u00a0J&rsquo;ai \u00e9t\u00e9 honn\u00eate et sinc\u00e8re sur mon exp\u00e9rience\u00a0\u00bb, r\u00e9pond jeudi 15 janvier <a href=\"https:\/\/www.radiofrance.fr\/franceinter\/podcasts\/le-grand-portrait\/gabriella-papadakis-8000751\" target=\"_blank\" rel=\"noopener\" data-tooltip-url=\"https:\/\/www.radiofrance.fr\/franceinter\/podcasts\/le-grand-portrait\/gabriella-papadakis-8000751\">sur France Inter<\/a> Gabriella Papadakis apr\u00e8s ses accusations contre son ancien partenaire Guillaume Cizeron. La patineuse publie jeudi un livre Pour ne pas dispara\u00eetre (Robert-Laffont), dans lequel elle raconte sa vie, sa carri\u00e8re mais aussi les agressions sexuelles qu&rsquo;elle a subies, <a href=\"https:\/\/www.franceinfo.fr\/sports\/sports-d-hiver\/patinage-artistique\/patinage-artistique-dans-son-livre-pour-ne-pas-disparaitre-gabriella-papadakis-brise-l-image-du-tandem-parfait-avec-son-ancien-partenaire-guillaume-cizeron_7730473.html\" target=\"_blank\" rel=\"noopener\" data-tooltip-url=\"https:\/\/www.franceinfo.fr\/sports\/sports-d-hiver\/patinage-artistique\/patinage-artistique-dans-son-livre-pour-ne-pas-disparaitre-gabriella-papadakis-brise-l-image-du-tandem-parfait-avec-son-ancien-partenaire-guillaume-cizeron_7730473.html\">la relation sous \u00ab\u00a0emprise\u00a0\u00bb avec son ancien partenaire<\/a> et d\u00e9nonce la \u00ab\u00a0domination masculine qui existe et perdure\u00a0\u00bb dans le monde du patinage.<\/p>\n<p>Apr\u00e8s des ann\u00e9es de souffrances, \u00ab\u00a0c&rsquo;est une cons\u00e9cration pour moi d&rsquo;\u00eatre l\u00e0 et de pouvoir en parler\u00a0\u00bb, confie Gabriella Papadakis. \u00ab\u00a0C&rsquo;\u00e9tait important pour moi de raconter mon histoire et de reprendre un peu le contr\u00f4le sur qui je suis.\u00a0\u00bb<\/p>\n<p>Dans son livre, la championne olympique raconte comment les hommes, et donc Guillaume Cizeron, prennent, selon elle le pouvoir dans le duo de patineurs. \u00ab\u00a0Je ressentais que je n&rsquo;\u00e9tais pas n\u00e9cessairement ma\u00eetre de ma carri\u00e8re, ma\u00eetre de mon corps, \u00e0 cause de tous ces codes-l\u00e0 qui sont accept\u00e9s par tout le monde, qui sont normalis\u00e9s, o\u00f9 les hommes sont un peu les dirigeants et les femmes sont dirig\u00e9es, et o\u00f9 le corps de la femme devient un objet de la performance\u00a0\u00bb, d\u00e9crit-elle. Avec Guillaume Cizeron, \u00ab\u00a0c&rsquo;\u00e9tait une relation qui a \u00e9t\u00e9 tr\u00e8s difficile \u00e0 vivre, que j&rsquo;ai essay\u00e9 d&rsquo;am\u00e9liorer et finalement, j&rsquo;ai d\u00fb partir\u00a0\u00bb.<\/p>\n<p>Face \u00e0 ses mots, Guillaume Cizeron se dit bless\u00e9\u00a0: \u00ab\u00a0\u00c7a me touche\u00a0\u00bb, confie-t-il au micro de la direction des Sports de Radio France, \u00e0 trois semaines des Jeux olympiques de Milan. Il d\u00e9nonce \u00ab\u00a0des propos d\u00e9nigrants et diffamatoires\u00a0\u00bb. \u00ab\u00a0Malgr\u00e9 le respect et la compassion que j&rsquo;ai et que j&rsquo;ai eus envers Gabriella, je ne peux pas tol\u00e9rer ce genre de propos \u00e0 mon \u00e9gard\u00a0\u00bb, r\u00e9agit-il. Dans un communiqu\u00e9 mardi, il a annonc\u00e9 \u00ab\u00a0confier ce dossier \u00e0 [ses] avocats\u00a0\u00bb pour \u00ab\u00a0mettre en demeure toutes les parties impliqu\u00e9es de cesser imm\u00e9diatement la diffusion de propos diffamatoires \u00e0 [son] encontre\u00a0\u00bb.<\/p>\n<p>\u00ab\u00a0Je le comprends. Et en m\u00eame temps, j&rsquo;ai voulu raconter mon histoire dans un livre, cette relation fait partie de mon histoire, j&rsquo;ai \u00e9t\u00e9 honn\u00eate et sinc\u00e8re sur mon exp\u00e9rience, sur ma perspective. S&rsquo;il a une perspective diff\u00e9rente, \u00e7a lui appartient \u00e9videmment\u00a0\u00bb, r\u00e9pond Gabriella Papadakis.<\/p>\n","protected":false},"excerpt":{"rendered":"Ils ont form\u00e9 un couple pendant 20 ans sur la glace et tout gagn\u00e9. Mais derri\u00e8re la fa\u00e7ade,&hellip;\n","protected":false},"author":2,"featured_media":665281,"comment_status":"","ping_status":"","sticky":false,"template":"","format":"standard","meta":{"footnotes":""},"categories":[9],"tags":[1011,27,60],"class_list":{"0":"post-665280","1":"post","2":"type-post","3":"status-publish","4":"format-standard","5":"has-post-thumbnail","7":"category-sports","8":"tag-fr","9":"tag-france","10":"tag-sports"},"share_on_mastodon":{"url":"https:\/\/pubeurope.com\/@fr\/115899063654782355","error":""},"_links":{"self":[{"href":"https:\/\/www.europesays.com\/fr\/wp-json\/wp\/v2\/posts\/665280","targetHints":{"allow":["GET"]}}],"collection":[{"href":"https:\/\/www.europesays.com\/fr\/wp-json\/wp\/v2\/posts"}],"about":[{"href":"https:\/\/www.europesays.com\/fr\/wp-json\/wp\/v2\/types\/post"}],"author":[{"embeddable":true,"href":"https:\/\/www.europesays.com\/fr\/wp-json\/wp\/v2\/users\/2"}],"replies":[{"embeddable":true,"href":"https:\/\/www.europesays.com\/fr\/wp-json\/wp\/v2\/comments?post=665280"}],"version-history":[{"count":0,"href":"https:\/\/www.europesays.com\/fr\/wp-json\/wp\/v2\/posts\/665280\/revisions"}],"wp:featuredmedia":[{"embeddable":true,"href":"https:\/\/www.europesays.com\/fr\/wp-json\/wp\/v2\/media\/665281"}],"wp:attachment":[{"href":"https:\/\/www.europesays.com\/fr\/wp-json\/wp\/v2\/media?parent=665280"}],"wp:term":[{"taxonomy":"category","embeddable":true,"href":"https:\/\/www.europesays.com\/fr\/wp-json\/wp\/v2\/categories?post=665280"},{"taxonomy":"post_tag","embeddable":true,"href":"https:\/\/www.europesays.com\/fr\/wp-json\/wp\/v2\/tags?post=665280"}],"curies":[{"name":"wp","href":"https:\/\/api.w.org\/{rel}","templated":true}]}}