{"id":665300,"date":"2026-01-15T12:24:37","date_gmt":"2026-01-15T12:24:37","guid":{"rendered":"https:\/\/www.europesays.com\/fr\/665300\/"},"modified":"2026-01-15T12:24:37","modified_gmt":"2026-01-15T12:24:37","slug":"spectacle-humour-largent-immobilier-a-nancy-liverdun-billets-reservations-dates","status":"publish","type":"post","link":"https:\/\/www.europesays.com\/fr\/665300\/","title":{"rendered":"Spectacle Humour : l&rsquo;argent immobilier \u00e0 Nancy, Liverdun : billets, r\u00e9servations, dates"},"content":{"rendered":"<p class=\"fw-bold font-size-16 my-1\"> Le 29\/03\/2026<\/p>\n<p class=\"fw-bold font-size-16 my-1\"> 1 rue de Quimper | <a href=\"https:\/\/www.jds.fr\/nancy\/liverdun-3572_V\" target=\"_blank\" rel=\"noopener\">Liverdun<\/a><\/p>\n<p class=\"fw-bold font-size-16 my-1\"> Tarif de base &#8211; plein tarif <\/p>\n<p>L\u2019OMA fait revenir l\u2019humoriste Julien Strelzyk \u00e0 Liverdun, dimanche 29 mars \u00e0 16 h, au Centre Bianchi, pour son dernier spectacle\u00a0\u00ab L\u2019Argent immobilier\u00a0\u00bb.<\/p>\n<p><strong>Le pitch\u00a0:<\/strong> Apr\u00e8s quelques gal\u00e8res personnelles dans le domaine, il a d\u00e9cid\u00e9 de partir en immersion dans une agence immobili\u00e8re et dans une \u00e9tude notariale. Agent ou mandataire\u00a0? Mariage ou emprunt\u00a0? Cr\u00e9maill\u00e8re ou cr\u00e9mation\u00a0? Julien r\u00e9pondra \u00e0 toutes ces questions. Venez \u00e0 ce spectacle, il est possible que vous repartiez avec les cl\u00e9s de la salle\u00a0!<\/p>\n<p>Spectacle tout public, \u00e0 partir de 12 ans.<\/p>\n<p>Vous pouvez d\u2019ores et d\u00e9j\u00e0 acheter vos places sur HelloAsso.<\/p>\n<p><strong>Tarifs\u00a0:<\/strong><\/p>\n<ul>\n<li>20\u00a0\u20ac<\/li>\n<li>10\u00a0\u20ac (demandeurs d\u2019emploi, \u00e9tudiants, 12-16 ans, PMR et accompagnants)<\/li>\n<\/ul>\n<p class=\"text-italic font-size-12\">Cet \u00e9v\u00e9nement a \u00e9t\u00e9 renseign\u00e9 par un organisme institutionnel (TOURISME BASSIN de POMPEY). Date de derni\u00e8re mise \u00e0 jour le 15\/01\/2026.<\/p>\n<p>            Renseignements<\/p>\n<p><strong class=\"font-size-18\">O\u00f9\u00a0:<\/strong><br \/> 1 rue de Quimper<a class=\"mt-1 d-block ps-4\" href=\"https:\/\/www.jds.fr\/nancy\/liverdun-3572_V\" target=\"_blank\" rel=\"noopener\"> 54460 Liverdun<\/a><\/p>\n<p class=\"mt-3 mb-n3 fw-bold font-size-18\">Contacts\u00a0:<\/p>\n<p>+33\u00a03\u00a083\u00a024\u00a046\u00a076<\/p>\n<p>Dates et horaires\u00a0: <\/p>\n<ul class=\"liste-dates list-unstyled\" id=\"liste-dates-6968cf6ff3581\">\n<li>Dimanche 29 Mars 2026 \u00e0 16h<\/li>\n<\/ul>\n<p>Tarifs\u00a0: <\/p>\n<p>Tarif de base &#8211; plein tarif<\/p>\n<p>Dans la m\u00eame rubrique<\/p>\n<ul class=\"mt-3 list-unstyled list-articles-v2\" id=\"liste-dates-6968dc7982b78\">\n<li class=\"col-12 pt-4\" data-view-id-type=\"1\" data-view-id=\"756654\" data-view-bc=\"0\"><a class=\"d-block titre text-black mb-1 mb-md-2\" href=\"https:\/\/www.jds.fr\/nancy\/spectacles\/humour\/les-grands-enfants-756654_A\" target=\"_blank\" rel=\"noopener\">Les Grands Enfants<\/a>Le 16\/01\/2026<a href=\"https:\/\/www.jds.fr\/nancy\/ludres\/salle-de-concert-spectacle\/chaudeau-13195_L\" class=\"lieu font-size-14 text-gray-700 d-block lh-sm my-1\" target=\"_blank\" rel=\"noopener\"> Chaudeau &#8211; Ludres<\/a>Les Grands Enfants, un spectacle \u00e0 voir \u00e0 Nancy (Chaudeau Ludres), le 16 janvier 2026. Toutes les informations pratiques (tarifs, billetterie, plan de salle) pour ce spectacle [\u2026]<a class=\"image\" href=\"https:\/\/www.jds.fr\/nancy\/spectacles\/humour\/les-grands-enfants-756654_A\" target=\"_blank\" rel=\"noopener\"><img decoding=\"async\" loading=\"lazy\" src=\"https:\/\/www.europesays.com\/fr\/wp-content\/uploads\/2026\/01\/1768479867_637_.jpeg\" width=\"180\" height=\"180\" alt=\"Les Grands Enfants\"\/><\/a><\/li>\n<li class=\"col-12 pt-4\" data-view-id-type=\"1\" data-view-id=\"812706\" data-view-bc=\"0\"><a class=\"d-block titre text-black mb-1 mb-md-2\" href=\"https:\/\/www.jds.fr\/nancy\/spectacles\/humour\/sarah-anna-sale-tournee-812706_A\" target=\"_blank\" rel=\"noopener\">Sarah-Anna &#8211; Sal\u00e9 &#8211; Tourn\u00e9e<\/a>Le 17\/01\/2026<a href=\"https:\/\/www.jds.fr\/nancy\/salle-de-concert-spectacle\/theatre-de-la-foucotte-17315_L\" class=\"lieu font-size-14 text-gray-700 d-block lh-sm my-1\" target=\"_blank\" rel=\"noopener\"> Th\u00e9\u00e2tre de la Foucotte &#8211; Nancy<\/a>Sarah-Anna &#8211; Sal\u00e9 &#8211; Tourn\u00e9e, un spectacle \u00e0 voir \u00e0 Nancy (Th\u00e9\u00e2tre de la Foucotte ), le 17 janvier 2026. Toutes les informations pratiques (tarifs, billetterie, plan de salle) [\u2026]<a class=\"image\" href=\"https:\/\/www.jds.fr\/nancy\/spectacles\/humour\/sarah-anna-sale-tournee-812706_A\" target=\"_blank\" rel=\"noopener\"><img decoding=\"async\" loading=\"lazy\" src=\"https:\/\/www.europesays.com\/fr\/wp-content\/uploads\/2026\/01\/1768479868_956_.jpeg\" width=\"180\" height=\"180\" alt=\"Sarah-Anna - Sal\u00e9 - Tourn\u00e9e\"\/><\/a><\/li>\n<li class=\"li_gp_div\">\n<\/li>\n<li class=\"col-12 pt-4\" data-view-id-type=\"1\" data-view-id=\"1152091\" data-view-bc=\"0\"><a class=\"d-block titre text-black mb-1 mb-md-2\" href=\"https:\/\/www.jds.fr\/nancy\/spectacles\/humour\/berengere-krief-sexe-tournee-1152091_A\" target=\"_blank\" rel=\"noopener\">B\u00e9reng\u00e8re Krief &#8211; Sexe (tourn\u00e9e)<\/a>Le 17\/01\/2026<a href=\"https:\/\/www.jds.fr\/nancy\/neuves-maisons\/salle-de-concert-spectacle\/centre-culturel-jean-l-hote-13193_L\" class=\"lieu font-size-14 text-gray-700 d-block lh-sm my-1\" target=\"_blank\" rel=\"noopener\"> Centre Culturel Jean L&rsquo;H\u00f4te &#8211; Neuves-Maisons<\/a>B\u00e9reng\u00e8re Krief &#8211; Sexe (tourn\u00e9e), un spectacle \u00e0 voir \u00e0 Nancy (Centre Culturel Jean L&rsquo;H\u00f4te Neuves-Maisons), le 17 janvier 2026. Toutes les informations pratiques (tarifs, [\u2026]<a class=\"image\" href=\"https:\/\/www.jds.fr\/nancy\/spectacles\/humour\/berengere-krief-sexe-tournee-1152091_A\" target=\"_blank\" rel=\"noopener\"><img decoding=\"async\" loading=\"lazy\" src=\"https:\/\/www.europesays.com\/fr\/wp-content\/uploads\/2026\/01\/1768479868_184_.jpeg\" width=\"180\" height=\"180\" alt=\"B\u00e9reng\u00e8re Krief - Sexe (tourn\u00e9e)\"\/><\/a><\/li>\n<li class=\"col-12 pt-4\" data-view-id-type=\"1\" data-view-id=\"1306534\" data-view-bc=\"0\"><a class=\"d-block titre text-black mb-1 mb-md-2\" href=\"https:\/\/www.jds.fr\/nancy\/spectacles\/humour\/malik-bentalha-1306534_A\" target=\"_blank\" rel=\"noopener\"> &#8211; ANNUL\u00c9 &#8211; Malik Bentalha<\/a>Le 22\/01\/2026<a href=\"https:\/\/www.jds.fr\/nancy\/ludres\/salle-de-concert-spectacle\/chaudeau-13195_L\" class=\"lieu font-size-14 text-gray-700 d-block lh-sm my-1\" target=\"_blank\" rel=\"noopener\"> Chaudeau &#8211; Ludres<\/a>Malik Bentalha\u00a0\u2014 Nouveau Monde<br \/>\nAvec Nouveau Monde, Malik Bentalha signe son retour sur sc\u00e8ne dans un one-man-show \u00e0 la fois dr\u00f4le, touchant et engag\u00e9. Dans ce troisi\u00e8me [\u2026]<a class=\"image\" href=\"https:\/\/www.jds.fr\/nancy\/spectacles\/humour\/malik-bentalha-1306534_A\" target=\"_blank\" rel=\"noopener\"><img decoding=\"async\" loading=\"lazy\" src=\"https:\/\/www.europesays.com\/fr\/wp-content\/uploads\/2026\/01\/malik-bentalha-810898-180-180.webp.webp\" width=\"180\" height=\"180\" alt=\"Malik Bentalha\" class=\"border\"\/><\/a><\/li>\n<li class=\"col-12 pt-4\" data-view-id-type=\"1\" data-view-id=\"1161259\" data-view-bc=\"0\"><a class=\"d-block titre text-black mb-1 mb-md-2\" href=\"https:\/\/www.jds.fr\/nancy\/spectacles\/humour\/les-mangeurs-de-lapins-1161259_A\" target=\"_blank\" rel=\"noopener\">Les Mangeurs de Lapins<\/a>Le 23\/01\/2026<a href=\"https:\/\/www.jds.fr\/nancy\/neuves-maisons\/salle-de-concert-spectacle\/centre-culturel-jean-l-hote-13193_L\" class=\"lieu font-size-14 text-gray-700 d-block lh-sm my-1\" target=\"_blank\" rel=\"noopener\"> Centre Culturel Jean L&rsquo;H\u00f4te &#8211; Neuves-Maisons<\/a>Les Mangeurs de Lapins, un spectacle \u00e0 voir \u00e0 Nancy (Centre Culturel Jean L&rsquo;H\u00f4te Neuves-Maisons), le 23 janvier 2026. Toutes les informations pratiques (tarifs, billetterie, [\u2026]<a class=\"image\" href=\"https:\/\/www.jds.fr\/nancy\/spectacles\/humour\/les-mangeurs-de-lapins-1161259_A\" target=\"_blank\" rel=\"noopener\"><img decoding=\"async\" loading=\"lazy\" src=\"https:\/\/www.europesays.com\/fr\/wp-content\/uploads\/2026\/01\/1768479869_510_.jpeg\" width=\"180\" height=\"180\" alt=\"Les Mangeurs de Lapins\"\/><\/a><\/li>\n<li class=\"li_gp_div li_gp_div_infeed\"\/>\n<li class=\"col-12 pt-4\" data-view-id-type=\"1\" data-view-id=\"759939\" data-view-bc=\"0\"><a class=\"d-block titre text-black mb-1 mb-md-2\" href=\"https:\/\/www.jds.fr\/nancy\/spectacles\/humour\/sophia-aram-le-monde-d-apres-759939_A\" target=\"_blank\" rel=\"noopener\">Sophia Aram &#8211; Le monde d&rsquo;apr\u00e8s<\/a>Le 24\/01\/2026<a href=\"https:\/\/www.jds.fr\/nancy\/salle-de-concert-spectacle\/salle-poirel-13206_L\" class=\"lieu font-size-14 text-gray-700 d-block lh-sm my-1\" target=\"_blank\" rel=\"noopener\"> Salle Poirel &#8211; Nancy<\/a>Pour mon 5\u00e8me spectacle, j&rsquo;ai choisi de m&rsquo;amuser avec la dinguerie d&rsquo;une \u00e9poque r\u00e9ussissant l&rsquo;exploit de ressusciter les timbr\u00e9s que l&rsquo;on croyait [\u2026]<a class=\"image\" href=\"https:\/\/www.jds.fr\/nancy\/spectacles\/humour\/sophia-aram-le-monde-d-apres-759939_A\" target=\"_blank\" rel=\"noopener\"><img decoding=\"async\" loading=\"lazy\" src=\"https:\/\/www.europesays.com\/fr\/wp-content\/uploads\/2026\/01\/0-01206400-1734514577-495151-180-180.webp.webp\" width=\"180\" height=\"180\" alt=\"Sophia Aram - Le monde d'apr\u00e8s\" class=\"border\"\/><\/a><\/li>\n<li class=\"col-12 pt-4\" data-view-id-type=\"1\" data-view-id=\"991690\" data-view-bc=\"0\"><a class=\"d-block titre text-black mb-1 mb-md-2\" href=\"https:\/\/www.jds.fr\/nancy\/spectacles\/humour\/panique-a-la-maison-de-retraite-tournee-991690_A\" target=\"_blank\" rel=\"noopener\">Panique \u00e0 la Maison de Retraite\u00a0! Tourn\u00e9e<\/a>Le 24\/01\/2026<a href=\"https:\/\/www.jds.fr\/nancy\/salle-de-concert-spectacle\/salle-raugraff-17223_L\" class=\"lieu font-size-14 text-gray-700 d-block lh-sm my-1\" target=\"_blank\" rel=\"noopener\"> Salle Raugraff &#8211; Nancy<\/a>Panique \u00e0 la Maison de Retraite\u00a0! Tourn\u00e9e, un spectacle \u00e0 voir \u00e0 Nancy (Salle Raugraff ), le 24 janvier 2026. Toutes les informations pratiques (tarifs, billetterie, plan [\u2026]<a class=\"image\" href=\"https:\/\/www.jds.fr\/nancy\/spectacles\/humour\/panique-a-la-maison-de-retraite-tournee-991690_A\" target=\"_blank\" rel=\"noopener\"><img decoding=\"async\" loading=\"lazy\" src=\"https:\/\/www.europesays.com\/fr\/wp-content\/uploads\/2026\/01\/1768479870_760_.jpeg\" width=\"180\" height=\"180\" alt=\"Panique \u00e0 la Maison de Retraite ! Tourn\u00e9e\"\/><\/a><\/li>\n<li class=\"col-12 pt-4\" data-view-id-type=\"1\" data-view-id=\"993982\" data-view-bc=\"0\"><a class=\"d-block titre text-black mb-1 mb-md-2\" href=\"https:\/\/www.jds.fr\/nancy\/spectacles\/humour\/on-est-tous-le-con-d-un-autre-enfin-y-993982_A\" target=\"_blank\" rel=\"noopener\">On Est Tous le Con d&rsquo;Un Autre&#8230; Enfin\u00a0Y<\/a>Le 24\/01\/2026<a href=\"https:\/\/www.jds.fr\/nancy\/salle-de-concert-spectacle\/salle-raugraff-17223_L\" class=\"lieu font-size-14 text-gray-700 d-block lh-sm my-1\" target=\"_blank\" rel=\"noopener\"> Salle Raugraff &#8211; Nancy<\/a>On Est Tous le Con d&rsquo;Un Autre&#8230; Enfin Y, un spectacle \u00e0 voir \u00e0 Nancy (Salle Raugraff ), le 24 janvier 2026. Toutes les informations pratiques (tarifs, billetterie, plan de [\u2026]<a class=\"image\" href=\"https:\/\/www.jds.fr\/nancy\/spectacles\/humour\/on-est-tous-le-con-d-un-autre-enfin-y-993982_A\" target=\"_blank\" rel=\"noopener\"><img decoding=\"async\" loading=\"lazy\" src=\"https:\/\/www.europesays.com\/fr\/wp-content\/uploads\/2026\/01\/1768479871_635_.jpeg\" width=\"180\" height=\"180\" alt=\"On Est Tous le Con d'Un Autre... Enfin Y\"\/><\/a><\/li>\n<li class=\"col-12 pt-4\" data-view-id-type=\"1\" data-view-id=\"994034\" data-view-bc=\"0\"><a class=\"d-block titre text-black mb-1 mb-md-2\" href=\"https:\/\/www.jds.fr\/nancy\/spectacles\/humour\/super-connasse-je-suis-une-connasse-et-j-assume-994034_A\" target=\"_blank\" rel=\"noopener\">Super Connasse\u00a0! Je Suis Une Connasse et J&rsquo;Assume<\/a>Le 24\/01\/2026<a href=\"https:\/\/www.jds.fr\/nancy\/salle-de-concert-spectacle\/salle-raugraff-17223_L\" class=\"lieu font-size-14 text-gray-700 d-block lh-sm my-1\" target=\"_blank\" rel=\"noopener\"> Salle Raugraff &#8211; Nancy<\/a>Super Connasse\u00a0! Je Suis Une Connasse et J&rsquo;Assume, un spectacle \u00e0 voir \u00e0 Nancy (Salle Raugraff ), le 24 janvier 2026. Toutes les informations pratiques (tarifs, billetterie, [\u2026]<a class=\"image\" href=\"https:\/\/www.jds.fr\/nancy\/spectacles\/humour\/super-connasse-je-suis-une-connasse-et-j-assume-994034_A\" target=\"_blank\" rel=\"noopener\"><img decoding=\"async\" loading=\"lazy\" src=\"https:\/\/www.europesays.com\/fr\/wp-content\/uploads\/2026\/01\/1768479871_996_.jpeg\" width=\"180\" height=\"180\" alt=\"Super Connasse ! Je Suis Une Connasse et J'Assume\"\/><\/a><\/li>\n<li class=\"li_gp_div li_gp_div_infeed\"\/>\n<li class=\"col-12 pt-4\" data-view-id-type=\"1\" data-view-id=\"1061178\" data-view-bc=\"0\"><a class=\"d-block titre text-black mb-1 mb-md-2\" href=\"https:\/\/www.jds.fr\/nancy\/spectacles\/humour\/yann-guillarme-libre-1061178_A\" target=\"_blank\" rel=\"noopener\">Yann Guillarme \u00ab\u00a0Libre\u00a0!\u00a0\u00bb<\/a>Le 24\/01\/2026<a href=\"https:\/\/www.jds.fr\/nancy\/parc-expo\/centre-des-congres-prouve-13124_L\" class=\"lieu font-size-14 text-gray-700 d-block lh-sm my-1\" target=\"_blank\" rel=\"noopener\"> Centre des Congr\u00e8s Prouv\u00e9 &#8211; Nancy<\/a>Libre *. Adjectif. Se dit d\u2019une personne qui a le pouvoir, le droit de d\u00e9cider, d\u2019agir par soi-m\u00eame, quitte \u00e0 faire du reggae en \u00e9tant blanc [\u2026]<a class=\"image\" href=\"https:\/\/www.jds.fr\/nancy\/spectacles\/humour\/yann-guillarme-libre-1061178_A\" target=\"_blank\" rel=\"noopener\"><img decoding=\"async\" loading=\"lazy\" src=\"https:\/\/www.europesays.com\/fr\/wp-content\/uploads\/2026\/01\/0-18695700-1751029008-660244-180-180.webp.webp\" width=\"180\" height=\"180\" alt=\"Yann Guillarme Libre !\" class=\"border\"\/><\/a><\/li>\n<li class=\"col-12 pt-4\" data-view-id-type=\"1\" data-view-id=\"857690\" data-view-bc=\"0\"><a class=\"d-block titre text-black mb-1 mb-md-2\" href=\"https:\/\/www.jds.fr\/nancy\/spectacles\/humour\/antoine-donneaux-imitateur-mais-pas-que-857690_A\" target=\"_blank\" rel=\"noopener\">Antoine Donneaux \u00ab\u00a0Imitateur mais pas que\u00a0!\u00a0\u00bb<\/a>Le 28\/01\/2026<a href=\"https:\/\/www.jds.fr\/nancy\/salle-de-concert-spectacle\/salle-poirel-13206_L\" class=\"lieu font-size-14 text-gray-700 d-block lh-sm my-1\" target=\"_blank\" rel=\"noopener\"> Salle Poirel &#8211; Nancy<\/a>L&rsquo;ARTISTE&#8230;. \u00a0. Nous sommes le 31 mai 2019. Antoine Donneaux remporte le Prix du Public au Tremplin du Rire organis\u00e9 par le Festival de Rochefort. Il a alors 31 [\u2026]<a class=\"image\" href=\"https:\/\/www.jds.fr\/nancy\/spectacles\/humour\/antoine-donneaux-imitateur-mais-pas-que-857690_A\" target=\"_blank\" rel=\"noopener\"><img decoding=\"async\" loading=\"lazy\" src=\"https:\/\/www.europesays.com\/fr\/wp-content\/uploads\/2026\/01\/0-73567100-1741267593-548934-180-180.webp.webp\" width=\"180\" height=\"180\" alt=\"Antoine Donneaux Imitateur mais pas que !\" class=\"border\"\/><\/a><\/li>\n<li class=\"col-12 pt-4\" data-view-id-type=\"1\" data-view-id=\"861850\" data-view-bc=\"0\"><a class=\"d-block titre text-black mb-1 mb-md-2\" href=\"https:\/\/www.jds.fr\/nancy\/spectacles\/humour\/nicolas-lacroix-trop-gentil-861850_A\" target=\"_blank\" rel=\"noopener\">Nicolas Lacroix \u00ab\u00a0Trop Gentil\u00a0\u00bb<\/a>Le 30\/01\/2026<a href=\"https:\/\/www.jds.fr\/nancy\/salle-de-concert-spectacle\/salle-poirel-13206_L\" class=\"lieu font-size-14 text-gray-700 d-block lh-sm my-1\" target=\"_blank\" rel=\"noopener\"> Salle Poirel &#8211; Nancy<\/a>Nicolas Lacroix est trop gentil et il le reconnait volontiers.\u00a0&#13;<br \/>\nIl aime aussi rendre les gens heureux et les faire rire, \u00e7a a toujours \u00e9t\u00e9 le [\u2026]<a class=\"image\" href=\"https:\/\/www.jds.fr\/nancy\/spectacles\/humour\/nicolas-lacroix-trop-gentil-861850_A\" target=\"_blank\" rel=\"noopener\"><img decoding=\"async\" loading=\"lazy\" src=\"https:\/\/www.europesays.com\/fr\/wp-content\/uploads\/2026\/01\/0-84787400-1741354323-552058-180-180.webp.webp\" width=\"180\" height=\"180\" alt=\"Nicolas Lacroix Trop Gentil\" class=\"border\"\/><\/a><\/li>\n<li class=\"col-12 pt-4\" data-view-id-type=\"1\" data-view-id=\"862288\" data-view-bc=\"0\"><a class=\"d-block titre text-black mb-1 mb-md-2\" href=\"https:\/\/www.jds.fr\/nancy\/spectacles\/humour\/nicolas-lacroix-trop-gentil-tournee-862288_A\" target=\"_blank\" rel=\"noopener\">Nicolas Lacroix &#8211; Trop Gentil, Tourn\u00e9e<\/a>Le 30\/01\/2026<a href=\"https:\/\/www.jds.fr\/nancy\/salle-de-concert-spectacle\/salle-poirel-13206_L\" class=\"lieu font-size-14 text-gray-700 d-block lh-sm my-1\" target=\"_blank\" rel=\"noopener\"> Salle Poirel &#8211; Nancy<\/a>Nicolas Lacroix &#8211; Trop Gentil, Tourn\u00e9e, un spectacle \u00e0 voir \u00e0 Nancy (Salle Poirel ), le 30 janvier 2026. Toutes les informations pratiques (tarifs, billetterie, plan de salle) [\u2026]<a class=\"image\" href=\"https:\/\/www.jds.fr\/nancy\/spectacles\/humour\/nicolas-lacroix-trop-gentil-tournee-862288_A\" target=\"_blank\" rel=\"noopener\"><img decoding=\"async\" loading=\"lazy\" src=\"https:\/\/www.europesays.com\/fr\/wp-content\/uploads\/2026\/01\/1768479874_471_.jpeg\" width=\"180\" height=\"180\" alt=\"Nicolas Lacroix - Trop Gentil, Tourn\u00e9e\"\/><\/a><\/li>\n<li class=\"li_gp_div li_gp_div_infeed\"\/>\n<li class=\"col-12 pt-4\" data-view-id-type=\"1\" data-view-id=\"1261787\" data-view-bc=\"0\"><a class=\"d-block titre text-black mb-1 mb-md-2\" href=\"https:\/\/www.jds.fr\/nancy\/spectacles\/humour\/le-connard-parfait-n-existe-pas-1261787_A\" target=\"_blank\" rel=\"noopener\">Le Connard Parfait n&rsquo;Existe Pas<\/a>Le 30\/01\/2026<a href=\"https:\/\/www.jds.fr\/nancy\/salle-de-concert-spectacle\/theatre-de-la-foucotte-17315_L\" class=\"lieu font-size-14 text-gray-700 d-block lh-sm my-1\" target=\"_blank\" rel=\"noopener\"> Th\u00e9\u00e2tre de la Foucotte &#8211; Nancy<\/a>\n<p>Le Th\u00e9\u00e2tre de la Foucotte \u00e0 Nancy accueille le spectacle\u00a0\u00ab\u00a0Le Connard Parfait n&rsquo;Existe Pas\u00a0\u00bb le vendredi 30 janvier 2026 \u00e0 21h. Cette com\u00e9die met en sc\u00e8ne Rapha\u00ebl Di [\u2026]<a class=\"image\" href=\"https:\/\/www.jds.fr\/nancy\/spectacles\/humour\/le-connard-parfait-n-existe-pas-1261787_A\" target=\"_blank\" rel=\"noopener\"><img decoding=\"async\" loading=\"lazy\" src=\"https:\/\/www.europesays.com\/fr\/wp-content\/uploads\/2026\/01\/1768479874_913_.jpeg\" width=\"180\" height=\"180\" alt=\"Le Connard Parfait n'Existe Pas\"\/><\/a><\/li>\n<li class=\"col-12 pt-4\" data-view-id-type=\"1\" data-view-id=\"1211820\" data-view-bc=\"0\"><a class=\"d-block titre text-black mb-1 mb-md-2\" href=\"https:\/\/www.jds.fr\/nancy\/spectacles\/humour\/nino-arial-pas-comme-eux-tournee-1211820_A\" target=\"_blank\" rel=\"noopener\">Nino Arial &#8211; Pas Comme Eux &#8211; Tourn\u00e9e<\/a>Le 31\/01\/2026<a href=\"https:\/\/www.jds.fr\/nancy\/maxeville\/salle-de-concert-spectacle\/zenith-de-nancy-13014_L\" class=\"lieu font-size-14 text-gray-700 d-block lh-sm my-1\" target=\"_blank\" rel=\"noopener\"> Z\u00e9nith de Nancy &#8211; Max\u00e9ville<\/a>\n<p>Nino Arial pr\u00e9sente son premier spectacle\u00a0\u00ab\u00a0Pas Comme Eux\u00a0\u00bb au Z\u00e9nith de Nancy le samedi 31 janvier 2026 \u00e0 20h30. L&rsquo;humoriste fran\u00e7ais, devenu c\u00e9l\u00e8bre sur YouTube avec [\u2026]<a class=\"image\" href=\"https:\/\/www.jds.fr\/nancy\/spectacles\/humour\/nino-arial-pas-comme-eux-tournee-1211820_A\" target=\"_blank\" rel=\"noopener\"><img decoding=\"async\" loading=\"lazy\" src=\"https:\/\/www.europesays.com\/fr\/wp-content\/uploads\/2026\/01\/1768479875_458_.jpeg\" width=\"180\" height=\"180\" alt=\"Nino Arial - Pas Comme Eux - Tourn\u00e9e\"\/><\/a><\/li>\n<li class=\"col-12 pt-4\" data-view-id-type=\"1\" data-view-id=\"347507\" data-view-bc=\"0\"><a class=\"d-block titre text-black mb-1 mb-md-2\" href=\"https:\/\/www.jds.fr\/nancy\/spectacles\/humour\/anne-roumanoff-l-experience-de-la-vie-tournee-347507_A\" target=\"_blank\" rel=\"noopener\">Anne Roumanoff &#8211; l&rsquo;Exp\u00e9rience de la Vie &#8211; Tourn\u00e9e<\/a>Le 31\/01\/2026<a href=\"https:\/\/www.jds.fr\/nancy\/ludres\/salle-de-concert-spectacle\/chaudeau-13195_L\" class=\"lieu font-size-14 text-gray-700 d-block lh-sm my-1\" target=\"_blank\" rel=\"noopener\"> Chaudeau &#8211; Ludres<\/a>Anne Roumanoff &#8211; l&rsquo;Exp\u00e9rience de la Vie &#8211; Tourn\u00e9e, un spectacle \u00e0 voir \u00e0 Nancy (Chaudeau Ludres), le 31 janvier 2026. Toutes les informations pratiques (tarifs, billetterie, [\u2026]<a class=\"image\" href=\"https:\/\/www.jds.fr\/nancy\/spectacles\/humour\/anne-roumanoff-l-experience-de-la-vie-tournee-347507_A\" target=\"_blank\" rel=\"noopener\"><img decoding=\"async\" loading=\"lazy\" src=\"https:\/\/www.europesays.com\/fr\/wp-content\/uploads\/2026\/01\/1768479875_412_.jpeg\" width=\"180\" height=\"180\" alt=\"Anne Roumanoff - l'Exp\u00e9rience de la Vie - Tourn\u00e9e\"\/><\/a><\/li>\n<li class=\"col-12 pt-4\" data-view-id-type=\"1\" data-view-id=\"314025\" data-view-bc=\"0\"><a class=\"d-block titre text-black mb-1 mb-md-2\" href=\"https:\/\/www.jds.fr\/nancy\/spectacles\/humour\/guihome-vous-detend-tournee-314025_A\" target=\"_blank\" rel=\"noopener\">Guihome Vous D\u00e9tend (tourn\u00e9e)<\/a>Le 07\/02\/2026<a href=\"https:\/\/www.jds.fr\/nancy\/ludres\/salle-de-concert-spectacle\/chaudeau-13195_L\" class=\"lieu font-size-14 text-gray-700 d-block lh-sm my-1\" target=\"_blank\" rel=\"noopener\"> Chaudeau &#8211; Ludres<\/a>Guihome Vous D\u00e9tend (tourn\u00e9e), un spectacle \u00e0 voir \u00e0 Nancy (Chaudeau Ludres), le 7 f\u00e9vrier 2026. Toutes les informations pratiques (tarifs, billetterie, plan de salle) pour ce [\u2026]<a class=\"image\" href=\"https:\/\/www.jds.fr\/nancy\/spectacles\/humour\/guihome-vous-detend-tournee-314025_A\" target=\"_blank\" rel=\"noopener\"><img decoding=\"async\" loading=\"lazy\" src=\"https:\/\/www.europesays.com\/fr\/wp-content\/uploads\/2026\/01\/1768479876_489_.jpeg\" width=\"180\" height=\"180\" alt=\"Guihome Vous D\u00e9tend (tourn\u00e9e)\"\/><\/a><\/li>\n<li class=\"li_gp_div li_gp_div_infeed\"\/>\n<li class=\"col-12 pt-4\" data-view-id-type=\"1\" data-view-id=\"965494\" data-view-bc=\"0\"><a class=\"d-block titre text-black mb-1 mb-md-2\" href=\"https:\/\/www.jds.fr\/nancy\/spectacles\/humour\/lily-et-lily-tournee-965494_A\" target=\"_blank\" rel=\"noopener\">Lily et Lily &#8211; Tourn\u00e9e<\/a>Le 02\/04\/2026<a href=\"https:\/\/www.jds.fr\/nancy\/toul\/salle-de-concert-spectacle\/salle-de-l-arsenal-17114_L\" class=\"lieu font-size-14 text-gray-700 d-block lh-sm my-1\" target=\"_blank\" rel=\"noopener\"> Salle de l&rsquo;Arsenal &#8211; Toul<\/a>Lily et Lily &#8211; Tourn\u00e9e, un spectacle \u00e0 voir \u00e0 Nancy (Salle de l&rsquo;Arsenal Toul), le 2 avril 2026. Toutes les informations pratiques (tarifs, billetterie, plan de salle) pour ce [\u2026]<a class=\"image\" href=\"https:\/\/www.jds.fr\/nancy\/spectacles\/humour\/lily-et-lily-tournee-965494_A\" target=\"_blank\" rel=\"noopener\"><img decoding=\"async\" loading=\"lazy\" src=\"https:\/\/www.europesays.com\/fr\/wp-content\/uploads\/2026\/01\/1768479876_393_.jpeg\" width=\"180\" height=\"180\" alt=\"Lily et Lily - Tourn\u00e9e\"\/><\/a><\/li>\n<\/ul>\n<p>Les actualit\u00e9s \u00e0 Nancy<\/p>\n<ul class=\"mt-3 list-unstyled list-articles-v2\" id=\"liste-dates-6968dc7982cfb\">\n<li class=\"col-12 pt-4\" data-view-id-type=\"1\" data-view-id=\"1322502\" data-view-bc=\"0\"><a class=\"image\" href=\"https:\/\/www.jds.fr\/nancy\/magazine\/sorties-du-week-end\/sorties-que-faire-a-nancy-ce-week-end-16-18-janvier-2026-1322502_A\" target=\"_blank\" rel=\"noopener\"><img decoding=\"async\" loading=\"lazy\" src=\"https:\/\/www.europesays.com\/fr\/wp-content\/uploads\/2026\/01\/0-80181500-1764322128-820786-180-180.webp.webp\" width=\"180\" height=\"180\" alt=\"Sorties : que faire \u00e0 Nancy ce week-end ? (16-18 janvier 2026)\" class=\"border\"\/><\/a><\/li>\n<\/ul>\n<p><a href=\"https:\/\/www.jds.fr\/nancy\/magazine\/\" class=\"btn btn-outline-primary py-2 px-4\" target=\"_blank\" rel=\"noopener\">Voir toutes les actualit\u00e9s \u00e0 Nancy<\/a><\/p>\n<p class=\"mt-0 mb-3 h2\">Newsletter JDS Nancy<\/p>\n<p class=\"font-size-18 fw-normal lh-sm\">Pr\u00eat pour un week-end de folie\u00a0? Chaque jeudi tous les bons plans sorties<\/p>\n","protected":false},"excerpt":{"rendered":"Le 29\/03\/2026 1 rue de Quimper | Liverdun Tarif de base &#8211; plein tarif L\u2019OMA fait revenir l\u2019humoriste&hellip;\n","protected":false},"author":2,"featured_media":40537,"comment_status":"","ping_status":"","sticky":false,"template":"","format":"standard","meta":{"footnotes":""},"categories":[9635],"tags":[1111,11,1777,674,1011,27,775,1702,12,25],"class_list":{"0":"post-665300","1":"post","2":"type-post","3":"status-publish","4":"format-standard","5":"has-post-thumbnail","7":"category-nancy","8":"tag-actu","9":"tag-actualites","10":"tag-eu","11":"tag-europe","12":"tag-fr","13":"tag-france","14":"tag-grand-est","15":"tag-nancy","16":"tag-news","17":"tag-republique-francaise"},"share_on_mastodon":{"url":"https:\/\/pubeurope.com\/@fr\/115899103740730160","error":""},"_links":{"self":[{"href":"https:\/\/www.europesays.com\/fr\/wp-json\/wp\/v2\/posts\/665300","targetHints":{"allow":["GET"]}}],"collection":[{"href":"https:\/\/www.europesays.com\/fr\/wp-json\/wp\/v2\/posts"}],"about":[{"href":"https:\/\/www.europesays.com\/fr\/wp-json\/wp\/v2\/types\/post"}],"author":[{"embeddable":true,"href":"https:\/\/www.europesays.com\/fr\/wp-json\/wp\/v2\/users\/2"}],"replies":[{"embeddable":true,"href":"https:\/\/www.europesays.com\/fr\/wp-json\/wp\/v2\/comments?post=665300"}],"version-history":[{"count":0,"href":"https:\/\/www.europesays.com\/fr\/wp-json\/wp\/v2\/posts\/665300\/revisions"}],"wp:featuredmedia":[{"embeddable":true,"href":"https:\/\/www.europesays.com\/fr\/wp-json\/wp\/v2\/media\/40537"}],"wp:attachment":[{"href":"https:\/\/www.europesays.com\/fr\/wp-json\/wp\/v2\/media?parent=665300"}],"wp:term":[{"taxonomy":"category","embeddable":true,"href":"https:\/\/www.europesays.com\/fr\/wp-json\/wp\/v2\/categories?post=665300"},{"taxonomy":"post_tag","embeddable":true,"href":"https:\/\/www.europesays.com\/fr\/wp-json\/wp\/v2\/tags?post=665300"}],"curies":[{"name":"wp","href":"https:\/\/api.w.org\/{rel}","templated":true}]}}