{"id":665301,"date":"2026-01-15T12:26:36","date_gmt":"2026-01-15T12:26:36","guid":{"rendered":"https:\/\/www.europesays.com\/fr\/665301\/"},"modified":"2026-01-15T12:26:36","modified_gmt":"2026-01-15T12:26:36","slug":"dans-le-var-les-ambitions-de-laure-lavalette-et-du-rassemblement-national-pour-les-municipales","status":"publish","type":"post","link":"https:\/\/www.europesays.com\/fr\/665301\/","title":{"rendered":"dans le Var, les ambitions de Laure Lavalette et du Rassemblement national pour les municipales"},"content":{"rendered":"<p>M\u00e9diatique d\u00e9put\u00e9e du Var depuis 2022, l&rsquo;\u00e9lue d&rsquo;extr\u00eame droite se pr\u00e9sente aux municipales de mars prochain \u00e0 Toulon. Elle pourrait b\u00e9n\u00e9ficier des tr\u00e8s bons r\u00e9sultats de sa formation dans le d\u00e9partement et d&rsquo;un contexte politique favorable.<\/p>\n<p>Le Rassemblement national place beaucoup d&rsquo;espoirs dans sa candidature: \u00e0 Toulon, la d\u00e9put\u00e9e <a href=\"https:\/\/www.bfmtv.com\/var\/la-deputee-rn-laure-lavalette-annonce-sa-candidature-a-la-mairie-de-toulon_AN-202601060142.html\" title=\"La d\u00e9put\u00e9e RN Laure Lavalette annonce sa candidature \u00e0 la mairie de Toulon\" class=\"internal_link\" target=\"_blank\" rel=\"noopener\">Laure Lavalette<\/a>, en lice pour les municipales des 15 et 22 mars prochains, repr\u00e9sente <a href=\"https:\/\/www.bfmtv.com\/politique\/front-national\/figures-nationales-multiplication-des-candidatures-la-strategie-du-rn-pour-progresser-aux-municipales_AN-202512050037.html\" title=\"Figures nationales, multiplication des candidatures... La strat\u00e9gie du RN pour progresser aux \u00e9lections municipales de 2026\" class=\"internal_link\" target=\"_blank\" rel=\"noopener\">l&rsquo;une des meilleures opportunit\u00e9s de succ\u00e8s<\/a> pour le parti d&rsquo;extr\u00eame droite.<\/p>\n<p>Dans cette ville de quelque 180.000 habitants &#8211; soit davantage que dans la dizaine de mairies d\u00e9tenues par le RN &#8211; \u00ab\u00a0on peut avoir une belle surprise\u00a0\u00bb, pr\u00e9disait Philippe Olivier, conseiller sp\u00e9cial de Marine Le Pen, aupr\u00e8s de BFMTV en d\u00e9cembre.<\/p>\n<p>En l&#8217;emportant, le RN prendrait la pr\u00e9fecture du Var pour la deuxi\u00e8me fois de son histoire, apr\u00e8s l&rsquo;avoir ravie \u00e0 la droite en 1995 sous l&rsquo;\u00e9gide de Jean-Marie Le Chevallier, qui a laiss\u00e9 le souvenir vivace d&rsquo;une gestion calamiteuse.<\/p>\n<blockquote class=\"embed embed_quote\"><p>\u00ab\u00a0Gagner Toulon est tr\u00e8s symbolique pour nous parce que \u00e7a montrerait que plus grand-monde ne se rappelle de ce qui s&rsquo;est pass\u00e9 et qu&rsquo;on nous per\u00e7oit comme un parti relativement neuf\u00a0\u00bb, observait aupr\u00e8s de BFM un vieux routier du RN il y a quelques semaines, tandis que l&rsquo;entourage d&rsquo;un d\u00e9put\u00e9 salivait d&rsquo;avance:<\/p><\/blockquote>\n<p>\u00ab\u00a0M\u00eame si \u00e0 la fin on ne gagne pas beaucoup de villes, avec quelques grosses communes comme Toulon, les gens retiendront qu&rsquo;on aura gagn\u00e9 les municipales\u00a0\u00bb.<\/p>\n<p>En tout cas, pas question de cacher ces ambitions pour le parti \u00e0 la flamme. Laure Lavalette a affich\u00e9 publiquement la couleur r\u00e9cemment aupr\u00e8s de l&rsquo;AFP, affirmant: \u00ab\u00a0On a des grandes chances de victoires. Le Var est patriote.\u00a0\u00bb<\/p>\n<p>Contexte politique et \u00e9lectoral favorable<\/p>\n<p>L&rsquo;\u00e9lue de 49 ans, qui s&rsquo;est officiellement lanc\u00e9e dans la course la semaine derni\u00e8re, tiendra son premier meeting ce mercredi 14 janvier \u00e0 Toulon.<\/p>\n<p>Pour elle, comme pour le parti frontiste, les raisons d&rsquo;y croire sont nombreuses. D&rsquo;abord, le RN a le vent en poupe dans le 83. Sept des huit d\u00e9put\u00e9s du d\u00e9partement arborent ses couleurs.<\/p>\n<p>Finalement, seule la circonscription regroupant la majeure partie de Toulon, a \u00e9chapp\u00e9 \u00e0 l&rsquo;extr\u00eame droite, m\u00eame si Marine Le Pen a r\u00e9alis\u00e9 des bons scores dans la ville lors de la pr\u00e9sidentielle 2022, obtenant 49,57% des voix au deuxi\u00e8me tour face \u00e0 Emmanuel Macron (50,43%). Soit 5,5 points de plus qu&rsquo;en 2017.<\/p>\n<p>Autre \u00e9l\u00e9ment favorable pour le RN: non seulement, le presque inamovible <a href=\"https:\/\/www.bfmtv.com\/var\/l-ex-maire-de-toulon-hubert-falco-definitivement-condamne-son-ineligibilite-confirmee_AN-202505280513.html\" title=\"Hubert Falco d\u00e9finitivement condamn\u00e9, l&#039;ex-maire de Toulon reste in\u00e9ligible\" class=\"internal_link\" target=\"_blank\" rel=\"noopener\">Hubert Falco<\/a>, maire de la ville pendant 22 ans, a \u00e9t\u00e9 d\u00e9chu apr\u00e8s sa condamnation en 2023 \u00e0 une peine d&rsquo;in\u00e9ligibilit\u00e9 avec ex\u00e9cution imm\u00e9diate pour recel de d\u00e9tournement de fonds publics.<\/p>\n<p>Mais en plus de cela, sa succession s&rsquo;av\u00e8re tr\u00e8s d\u00e9licate, entre la candidature d\u00e9clar\u00e9e du s\u00e9nateur LR Michel Bonnus, qu&rsquo;il soutient, et celle possiblement de la maire actuelle, Jos\u00e9e Massi, qui laisse planer le doute sur ses intentions.<\/p>\n<p>Autant dire que la r\u00e9election d&rsquo;Hubert Falco en 2020 d\u00e8s le premier tour avec plus de 61% des voix est un lointain souvenir pour la majorit\u00e9 sortante.<\/p>\n<p>Figure connue des plateaux t\u00e9l\u00e9<\/p>\n<p>Pour faire la diff\u00e9rence, Laure Lavalette compte aussi sur son ascension r\u00e9alis\u00e9e ces derni\u00e8res ann\u00e9es. Personnalit\u00e9 volubile, reconnaissable \u00e0 son carr\u00e9 brun et son blazer blanc qu&rsquo;elle porte r\u00e9guli\u00e8rement, la porte-parole de Marine Le Pen lors de la pr\u00e9sidentielle de 2022 s&rsquo;est impos\u00e9e.<\/p>\n<p>Cela, que ce soit sur les plateaux t\u00e9l\u00e9 &#8211; qu&rsquo;elle encha\u00eene r\u00e9guli\u00e8rement avec son d\u00e9bit fleuve- ou dans les urnes. \u00c0 Toulon, sa victoire de 2022 dans la 2e circonscription s&rsquo;est largement confirm\u00e9e aux \u00e9lections anticip\u00e9es de 2024 o\u00f9 elle a \u00e9t\u00e9 \u00e9lue d\u00e8s le premier tour avec 50,81% des suffrages.<\/p>\n<p>Cette m\u00e8re de cinq enfants, catholique pratiquante qui assite \u00e0 la messe en latin et assume d&rsquo;\u00eatre oppos\u00e9e au mariage pour tous, est connue pour pr\u00f4ner une ligne tr\u00e8s conservatrice.<\/p>\n<p>\u00ab\u00a0Elle ne repr\u00e9sente pas le courant de Marine Le Pen, plut\u00f4t celui de Jean-Marie, bien du Sud, ou de Marion Mar\u00e9chal quand elle \u00e9tait au FN\u00a0\u00bb, disait son adversaire aux l\u00e9gislatives de 2022, la macroniste C\u00e9cile Muschotti <a href=\"https:\/\/www.lemonde.fr\/m-le-mag\/article\/2022\/05\/03\/qui-est-laure-lavalette-candidate-rn-aux-legislatives-de-juin_6124550_4500055.html\" target=\"_blank\" class=\"external_link\" rel=\"noopener\">dans Le Monde<\/a>, tandis que la principale int\u00e9ress\u00e9e r\u00e9pondait: \u00ab\u00a0Je n\u2019ai aucune difficult\u00e9 avec la ligne soci\u00e9tale de Marine Le Pen.\u00a0\u00bb<\/p>\n<p>Entr\u00e9e au FN en 1997<\/p>\n<p>Originaire de la r\u00e9gion bordelaise, Laure Lavalette n&rsquo;aime pas qu&rsquo;on lui rappelle le pass\u00e9 militant de son p\u00e8re au groupuscule nationaliste Ordre Nouveau. \u00ab\u00a0J&rsquo;ai le droit d&rsquo;avoir une pens\u00e9e propre&#8230; j&rsquo;\u00e9tais d\u00e9j\u00e0 d\u00e9l\u00e9gu\u00e9e de classe en 4e, j&rsquo;aimais la ramener, d\u00e9fendre la veuve et l&rsquo;orphelin\u00a0\u00bb, se d\u00e9fend-elle aupr\u00e8s de l&rsquo;AFP.<\/p>\n<p>La d\u00e9put\u00e9e est une militante de longue date. Elle a rejoint le Front national (devenu RN en 2018, NDLR) , dont son p\u00e8re a \u00e9galement \u00e9t\u00e9 membre, d\u00e8s 1997, apr\u00e8s avoir fait ses armes \u00e0 l&rsquo;universit\u00e9 de droit de Bordeaux dans un milieu \u00e9tudiant violent comme le racontait un article de <a href=\"https:\/\/www.lexpress.fr\/politique\/rn\/laure-lavalette-le-passe-trouble-de-la-deputee-rn-entre-barres-de-metal-et-commandos-SEXFKV7WYBFNJMOX4G6WCO4ICY\/\" target=\"_blank\" class=\"external_link\" rel=\"noopener\">L&rsquo;Express<\/a> datant de mars 2023.<\/p>\n<p>La jeune frontiste s&rsquo;est pr\u00e9sent\u00e9e l&rsquo;ann\u00e9e suivante aux cantonales \u00e0 B\u00e8gles, \u00e9chouant \u00e0 l&#8217;emporter dans le fief de l&rsquo;\u00e9cologiste No\u00ebl Mam\u00e8re. Par la suite, cette derni\u00e8re s&rsquo;est mari\u00e9e \u00e0 un Toulonnais en 1999, se consacrant \u00e0 la vie familiale. La m\u00eame ann\u00e9e, elle a suivi l&rsquo;ex-num\u00e9ro deux du FN Bruno M\u00e9gret, rejoignant pour quelques mois son parti, le Mouvement national r\u00e9publicain (MNR), avant de finalement revenir au parti au d\u00e9but des ann\u00e9es 2010.<\/p>\n<p>\u00c0 cette p\u00e9riode, Laure Lavalette a obtenu ses premiers mandats de conseill\u00e8re r\u00e9gionale et municipale, avant de gagner la d\u00e9putation dix ans plus tard.<\/p>\n<p>Pour poursuivre sa progression, la parlementaire veut mettre toutes les chances de son c\u00f4t\u00e9. Elle s&rsquo;est \u00e9pargn\u00e9e l&rsquo;\u00e9tiquette de son parti pour les municipales en assurant en janvier sur <a href=\"https:\/\/www.franceinfo.fr\/elections\/municipales\/municipales-a-toulon-la-deputee-rn-laure-lavalette-presente-une-candidature-sans-etiquette-mais-soutenue-par-le-rn_7723609.html\" target=\"_blank\" class=\"external_link\" rel=\"noopener\">ICI Provence<\/a> que \u00ab\u00a0des gens\u00a0\u00bb lui disent: \u00ab\u00a0On n&rsquo;est pas RN, mais on a envie de voter pour vous\u00a0\u00bb.<\/p>\n<p>Cette prise de distance suffira-t-elle pour l&#8217;emporter?<\/p>\n","protected":false},"excerpt":{"rendered":"M\u00e9diatique d\u00e9put\u00e9e du Var depuis 2022, l&rsquo;\u00e9lue d&rsquo;extr\u00eame droite se pr\u00e9sente aux municipales de mars prochain \u00e0 Toulon.&hellip;\n","protected":false},"author":2,"featured_media":665302,"comment_status":"","ping_status":"","sticky":false,"template":"","format":"standard","meta":{"footnotes":""},"categories":[9619],"tags":[1111,11,1777,674,1011,27,12,882,25,2310],"class_list":{"0":"post-665301","1":"post","2":"type-post","3":"status-publish","4":"format-standard","5":"has-post-thumbnail","7":"category-toulon","8":"tag-actu","9":"tag-actualites","10":"tag-eu","11":"tag-europe","12":"tag-fr","13":"tag-france","14":"tag-news","15":"tag-provence-alpes-cote-dazur","16":"tag-republique-francaise","17":"tag-toulon"},"share_on_mastodon":{"url":"https:\/\/pubeurope.com\/@fr\/115899110773199861","error":""},"_links":{"self":[{"href":"https:\/\/www.europesays.com\/fr\/wp-json\/wp\/v2\/posts\/665301","targetHints":{"allow":["GET"]}}],"collection":[{"href":"https:\/\/www.europesays.com\/fr\/wp-json\/wp\/v2\/posts"}],"about":[{"href":"https:\/\/www.europesays.com\/fr\/wp-json\/wp\/v2\/types\/post"}],"author":[{"embeddable":true,"href":"https:\/\/www.europesays.com\/fr\/wp-json\/wp\/v2\/users\/2"}],"replies":[{"embeddable":true,"href":"https:\/\/www.europesays.com\/fr\/wp-json\/wp\/v2\/comments?post=665301"}],"version-history":[{"count":0,"href":"https:\/\/www.europesays.com\/fr\/wp-json\/wp\/v2\/posts\/665301\/revisions"}],"wp:featuredmedia":[{"embeddable":true,"href":"https:\/\/www.europesays.com\/fr\/wp-json\/wp\/v2\/media\/665302"}],"wp:attachment":[{"href":"https:\/\/www.europesays.com\/fr\/wp-json\/wp\/v2\/media?parent=665301"}],"wp:term":[{"taxonomy":"category","embeddable":true,"href":"https:\/\/www.europesays.com\/fr\/wp-json\/wp\/v2\/categories?post=665301"},{"taxonomy":"post_tag","embeddable":true,"href":"https:\/\/www.europesays.com\/fr\/wp-json\/wp\/v2\/tags?post=665301"}],"curies":[{"name":"wp","href":"https:\/\/api.w.org\/{rel}","templated":true}]}}