{"id":665303,"date":"2026-01-15T12:27:18","date_gmt":"2026-01-15T12:27:18","guid":{"rendered":"https:\/\/www.europesays.com\/fr\/665303\/"},"modified":"2026-01-15T12:27:18","modified_gmt":"2026-01-15T12:27:18","slug":"uxco-group-lance-le-fonds-de-dotation-wise","status":"publish","type":"post","link":"https:\/\/www.europesays.com\/fr\/665303\/","title":{"rendered":"UXCO Group lance le Fonds de dotation WISE"},"content":{"rendered":"<p><strong>UXCO Group, fonci\u00e8re-op\u00e9rateur sp\u00e9cialis\u00e9e dans le logement des \u00e9tudiants et jeunes actifs, annonce le lancement du Fonds de dotation WISE, destin\u00e9 \u00e0 accompagner la r\u00e9ussite des jeunes et \u00e0 encourager un immobilier plus durable.<\/strong><\/p>\n<p>Structur\u00e9 autour de quatre piliers \u2014 Well-being, Innovation, Sustainability, Education \u2014 le Fonds agit via du m\u00e9c\u00e9nat financier, en nature (mise \u00e0 disposition d\u2019espaces) et de comp\u00e9tences, en lien avec des associations, laboratoires et startups. WISE revendique d\u00e9j\u00e0 des premi\u00e8res actions : pr\u00e8s d\u2019une vingtaine d\u2019\u00e9tudiants log\u00e9s \u00e0 prix r\u00e9duit dans les maisons Ecla, un local pr\u00eat\u00e9 \u00e0 l\u2019association Vaincre le cancer, 3 000 \u20ac vers\u00e9s \u00e0 1 Cabas pour 1 \u00c9tudiant et des collaborateurs engag\u00e9s.<\/p>\n<p>\u00ab\u00a0Lorsque nous avons imagin\u00e9 la cr\u00e9ation du Fonds de dotation WISE, notre ambition \u00e9tait claire : cr\u00e9er un levier capable de soutenir les jeunes et de d\u00e9velopper des lieux de vie durables, en mobilisant nos ressources et nos partenaires.\u00a0\u00ab\u00a0, d\u00e9clare Marion H\u00e9risson, directrice RSE d\u2019UXCO Group et directrice du Fonds WISE.<\/p>\n","protected":false},"excerpt":{"rendered":"UXCO Group, fonci\u00e8re-op\u00e9rateur sp\u00e9cialis\u00e9e dans le logement des \u00e9tudiants et jeunes actifs, annonce le lancement du Fonds de&hellip;\n","protected":false},"author":2,"featured_media":665304,"comment_status":"","ping_status":"","sticky":false,"template":"","format":"standard","meta":{"footnotes":""},"categories":[9599],"tags":[1111,11,1777,674,1011,27,2208,12,2680,25],"class_list":{"0":"post-665303","1":"post","2":"type-post","3":"status-publish","4":"format-standard","5":"has-post-thumbnail","7":"category-montpellier","8":"tag-actu","9":"tag-actualites","10":"tag-eu","11":"tag-europe","12":"tag-fr","13":"tag-france","14":"tag-montpellier","15":"tag-news","16":"tag-occitanie","17":"tag-republique-francaise"},"share_on_mastodon":{"url":"https:\/\/pubeurope.com\/@fr\/115899114724281908","error":""},"_links":{"self":[{"href":"https:\/\/www.europesays.com\/fr\/wp-json\/wp\/v2\/posts\/665303","targetHints":{"allow":["GET"]}}],"collection":[{"href":"https:\/\/www.europesays.com\/fr\/wp-json\/wp\/v2\/posts"}],"about":[{"href":"https:\/\/www.europesays.com\/fr\/wp-json\/wp\/v2\/types\/post"}],"author":[{"embeddable":true,"href":"https:\/\/www.europesays.com\/fr\/wp-json\/wp\/v2\/users\/2"}],"replies":[{"embeddable":true,"href":"https:\/\/www.europesays.com\/fr\/wp-json\/wp\/v2\/comments?post=665303"}],"version-history":[{"count":0,"href":"https:\/\/www.europesays.com\/fr\/wp-json\/wp\/v2\/posts\/665303\/revisions"}],"wp:featuredmedia":[{"embeddable":true,"href":"https:\/\/www.europesays.com\/fr\/wp-json\/wp\/v2\/media\/665304"}],"wp:attachment":[{"href":"https:\/\/www.europesays.com\/fr\/wp-json\/wp\/v2\/media?parent=665303"}],"wp:term":[{"taxonomy":"category","embeddable":true,"href":"https:\/\/www.europesays.com\/fr\/wp-json\/wp\/v2\/categories?post=665303"},{"taxonomy":"post_tag","embeddable":true,"href":"https:\/\/www.europesays.com\/fr\/wp-json\/wp\/v2\/tags?post=665303"}],"curies":[{"name":"wp","href":"https:\/\/api.w.org\/{rel}","templated":true}]}}