{"id":665305,"date":"2026-01-15T12:28:14","date_gmt":"2026-01-15T12:28:14","guid":{"rendered":"https:\/\/www.europesays.com\/fr\/665305\/"},"modified":"2026-01-15T12:28:14","modified_gmt":"2026-01-15T12:28:14","slug":"football-lasse-aura-encore-droit-au-prime-time-face-a-montpellier","status":"publish","type":"post","link":"https:\/\/www.europesays.com\/fr\/665305\/","title":{"rendered":"Football. L\u2019ASSE aura encore droit au prime time face \u00e0 Montpellier"},"content":{"rendered":"<p>Sans surprise, les hommes d\u2019<a href=\"https:\/\/www.leprogres.fr\/p\/eirik-horneland\" target=\"_blank\" rel=\"noopener\">Eirik Horneland<\/a> poursuivent leur carton plein sur les antennes de beIN Sports. En plus d\u2019\u00eatre diffus\u00e9s par la cha\u00eene qatarienne lors de leurs trois tours de Coupe de France, les St\u00e9phanois sont aussi pl\u00e9biscit\u00e9s en championnat.<\/p>\n<p>Avec un point de retard sur la deuxi\u00e8me place qui offre la mont\u00e9e directe, l\u2019ASSE reste la principale valeur s\u00fbre du championnat en termes d\u2019audience avant un mois de comp\u00e9tition qui s\u2019annonce d\u00e9terminant (Clermont, Reims, Boulogne, Montpellier, Guingamp). Apr\u00e8s avoir valid\u00e9 hier la programmation des 8e de Coupe de France, pour lesquels Montpellier est encore engag\u00e9 et affrontera Nice le 4 f\u00e9vrier (20 h 30), beIN Sports a pu se consacrer dans la foul\u00e9e \u00e0 la 22e journ\u00e9e de Ligue 2.<\/p>\n<p>  Tous les ingr\u00e9dients pour une belle affiche<\/p>\n<p>Et c\u2019est tout naturellement que ses dirigeants ont mis\u00e9, une fois de plus, sur l\u2019ASSE pou remplir le cr\u00e9neau du samedi 7 f\u00e9vrier \u00e0 20 heures sur beIN Sports 1. D\u2019autant qu\u2019avec les H\u00e9raultais, les Verts feront face \u00e0 un autre nom historique de la Ligue 1 et un concurrent direct \u00e0 la mont\u00e9e.<\/p>\n<p>Tous les ingr\u00e9dients seront donc r\u00e9unis pour une belle affiche.<\/p>\n","protected":false},"excerpt":{"rendered":"Sans surprise, les hommes d\u2019Eirik Horneland poursuivent leur carton plein sur les antennes de beIN Sports. En plus&hellip;\n","protected":false},"author":2,"featured_media":665306,"comment_status":"","ping_status":"","sticky":false,"template":"","format":"standard","meta":{"footnotes":""},"categories":[9599],"tags":[1111,11,4000,7539,1777,674,107,63,1011,27,4002,3367,2208,12,2680,25,4001,7538,517],"class_list":{"0":"post-665305","1":"post","2":"type-post","3":"status-publish","4":"format-standard","5":"has-post-thumbnail","7":"category-montpellier","8":"tag-actu","9":"tag-actualites","10":"tag-asse-as-saint-etienne-football","11":"tag-edition-loire-sud","12":"tag-eu","13":"tag-europe","14":"tag-fil-info","15":"tag-football","16":"tag-fr","17":"tag-france","18":"tag-haute-loire","19":"tag-loire","20":"tag-montpellier","21":"tag-news","22":"tag-occitanie","23":"tag-republique-francaise","24":"tag-saint-etienne","25":"tag-saint-etienne-ville","26":"tag-sport"},"share_on_mastodon":{"url":"https:\/\/pubeurope.com\/@fr\/115899118593285176","error":""},"_links":{"self":[{"href":"https:\/\/www.europesays.com\/fr\/wp-json\/wp\/v2\/posts\/665305","targetHints":{"allow":["GET"]}}],"collection":[{"href":"https:\/\/www.europesays.com\/fr\/wp-json\/wp\/v2\/posts"}],"about":[{"href":"https:\/\/www.europesays.com\/fr\/wp-json\/wp\/v2\/types\/post"}],"author":[{"embeddable":true,"href":"https:\/\/www.europesays.com\/fr\/wp-json\/wp\/v2\/users\/2"}],"replies":[{"embeddable":true,"href":"https:\/\/www.europesays.com\/fr\/wp-json\/wp\/v2\/comments?post=665305"}],"version-history":[{"count":0,"href":"https:\/\/www.europesays.com\/fr\/wp-json\/wp\/v2\/posts\/665305\/revisions"}],"wp:featuredmedia":[{"embeddable":true,"href":"https:\/\/www.europesays.com\/fr\/wp-json\/wp\/v2\/media\/665306"}],"wp:attachment":[{"href":"https:\/\/www.europesays.com\/fr\/wp-json\/wp\/v2\/media?parent=665305"}],"wp:term":[{"taxonomy":"category","embeddable":true,"href":"https:\/\/www.europesays.com\/fr\/wp-json\/wp\/v2\/categories?post=665305"},{"taxonomy":"post_tag","embeddable":true,"href":"https:\/\/www.europesays.com\/fr\/wp-json\/wp\/v2\/tags?post=665305"}],"curies":[{"name":"wp","href":"https:\/\/api.w.org\/{rel}","templated":true}]}}