{"id":66531,"date":"2025-05-01T09:07:09","date_gmt":"2025-05-01T09:07:09","guid":{"rendered":"https:\/\/www.europesays.com\/fr\/66531\/"},"modified":"2025-05-01T09:07:09","modified_gmt":"2025-05-01T09:07:09","slug":"somkiat-chantra-a-ete-opere-avant-le-gp-de-france","status":"publish","type":"post","link":"https:\/\/www.europesays.com\/fr\/66531\/","title":{"rendered":"Somkiat Chantra a \u00e9t\u00e9 op\u00e9r\u00e9 avant le GP de France"},"content":{"rendered":"<p><a href=\"https:\/\/fr.motorsport.com\/motogp\/news\/pedro-acosta-operation-arm-pump\/10718007\/\" target=\"_self\" rel=\"noopener\">\u00c0 l&rsquo;instar de Pedro Acosta chez KTM<\/a>, <a href=\"https:\/\/fr.motorsport.com\/driver\/somkiat-chantra\/823104\/\" target=\"_blank\" rel=\"noopener\">Somkiat Chantra<\/a> a lui aussi profit\u00e9 de la pause de deux semaines entre deux Grands Prix pour passer sur la table d&rsquo;op\u00e9ration. Le rookie de l&rsquo;\u00e9quipe LCR Honda, co\u00e9quipier cette ann\u00e9e de <a href=\"https:\/\/fr.motorsport.com\/driver\/johann-zarco\/96107\/\" target=\"_blank\" rel=\"noopener\">Johann Zarco<\/a>, a subi une intervention mercredi 30 avril pour traiter un arm-pump.<\/p>\n<p>Aussi appel\u00e9 syndrome des loges, il s&rsquo;agit d&rsquo;un mal r\u00e9current pour les pilotes moto, et tr\u00e8s souvent en d\u00e9but de saison, quand leur organisme doit se r\u00e9habituer aux forces engendr\u00e9es sur les avant-bras. Une accumulation de sang peut \u00eatre provoqu\u00e9e autour du muscle, au point de t\u00e9taniser le bras et de g\u00e9n\u00e9rer des douleurs n\u00e9cessitant d&rsquo;\u00eatre op\u00e9r\u00e9.<\/p>\n<p>Somkiat Chantra a \u00e9t\u00e9 op\u00e9r\u00e9 par le Docteur Xavier Mir \u00e0 l&rsquo;h\u00f4pital universitaire Dexeus de Barcelone et son \u00e9quipe a pr\u00e9cis\u00e9 que tout s&rsquo;\u00e9tait bien d\u00e9roul\u00e9.\u00a0<\/p>\n<p>\u00ab\u00a0Somkiat entame d\u00e9sormais son processus de r\u00e9cup\u00e9ration\u00a0\u00bb, a fait savoir le <a href=\"https:\/\/fr.motorsport.com\/team\/team-lcr\/922\/\" target=\"_blank\" rel=\"noopener\">team LCR<\/a> jeudi matin. \u00ab\u00a0Il a d\u00e9j\u00e0 quitt\u00e9 l&rsquo;h\u00f4pital et poursuit sa r\u00e9\u00e9ducation \u00e0 Barcelone. Mardi prochain, il passera un examen m\u00e9dical pour \u00e9valuer son \u00e9tat de sant\u00e9, en attendant d&rsquo;obtenir le feu vert pour \u00eatre d\u00e9clar\u00e9 apte \u00e0 reprendre la piste. Son objectif est d\u00e9sormais de se r\u00e9tablir compl\u00e8tement en vue du prochain Grand Prix, au Mans.\u00a0\u00bb<\/p>\n<p>Si tout se passe comme pr\u00e9vu, le pilote tha\u00eflandais sera donc de retour au guidon de la Honda d\u00e8s le Grand Prix de France. Apr\u00e8s ses cinq premiers Grands Prix disput\u00e9s cette ann\u00e9e, Somkiat Chantra est encore en qu\u00eate de ses premiers points dans le championnat. Son meilleur r\u00e9sultat le dimanche \u00e0 ce jour est une 16e place obtenue lors du Grand Prix des Am\u00e9riques, \u00e0 Austin.<\/p>\n<p>Lire aussi :<\/p>\n<p>Dans cet article<\/p>\n<p>    Basile Davoine\n<\/p>\n<p>    MotoGP\n<\/p>\n<p>    Somkiat Chantra\n<\/p>\n<p>    Team LCR\n<\/p>\n<p>Soyez le premier inform\u00e9 et souscrivez aux alertes mails pour recevoir les infos en temps r\u00e9el<\/p>\n<p>    S&rsquo;abonner aux alertes de news<\/p>\n","protected":false},"excerpt":{"rendered":"\u00c0 l&rsquo;instar de Pedro Acosta chez KTM, Somkiat Chantra a lui aussi profit\u00e9 de la pause de deux&hellip;\n","protected":false},"author":2,"featured_media":66532,"comment_status":"","ping_status":"","sticky":false,"template":"","format":"standard","meta":{"footnotes":""},"categories":[1413],"tags":[1011,27,1457,1456,1458,16689,60,3771],"class_list":{"0":"post-66531","1":"post","2":"type-post","3":"status-publish","4":"format-standard","5":"has-post-thumbnail","7":"category-moto","8":"tag-fr","9":"tag-france","10":"tag-moto","11":"tag-motocycle","12":"tag-motogp","13":"tag-somkiat-chantra","14":"tag-sports","15":"tag-team-lcr"},"share_on_mastodon":{"url":"https:\/\/pubeurope.com\/@fr\/114431789853523493","error":""},"_links":{"self":[{"href":"https:\/\/www.europesays.com\/fr\/wp-json\/wp\/v2\/posts\/66531","targetHints":{"allow":["GET"]}}],"collection":[{"href":"https:\/\/www.europesays.com\/fr\/wp-json\/wp\/v2\/posts"}],"about":[{"href":"https:\/\/www.europesays.com\/fr\/wp-json\/wp\/v2\/types\/post"}],"author":[{"embeddable":true,"href":"https:\/\/www.europesays.com\/fr\/wp-json\/wp\/v2\/users\/2"}],"replies":[{"embeddable":true,"href":"https:\/\/www.europesays.com\/fr\/wp-json\/wp\/v2\/comments?post=66531"}],"version-history":[{"count":0,"href":"https:\/\/www.europesays.com\/fr\/wp-json\/wp\/v2\/posts\/66531\/revisions"}],"wp:featuredmedia":[{"embeddable":true,"href":"https:\/\/www.europesays.com\/fr\/wp-json\/wp\/v2\/media\/66532"}],"wp:attachment":[{"href":"https:\/\/www.europesays.com\/fr\/wp-json\/wp\/v2\/media?parent=66531"}],"wp:term":[{"taxonomy":"category","embeddable":true,"href":"https:\/\/www.europesays.com\/fr\/wp-json\/wp\/v2\/categories?post=66531"},{"taxonomy":"post_tag","embeddable":true,"href":"https:\/\/www.europesays.com\/fr\/wp-json\/wp\/v2\/tags?post=66531"}],"curies":[{"name":"wp","href":"https:\/\/api.w.org\/{rel}","templated":true}]}}