{"id":665312,"date":"2026-01-15T12:32:10","date_gmt":"2026-01-15T12:32:10","guid":{"rendered":"https:\/\/www.europesays.com\/fr\/665312\/"},"modified":"2026-01-15T12:32:10","modified_gmt":"2026-01-15T12:32:10","slug":"pres-de-grenoble-lexercice-grandeur-nature-des-pompiers-pour-sauver-des-oeuvres-dart","status":"publish","type":"post","link":"https:\/\/www.europesays.com\/fr\/665312\/","title":{"rendered":"Pr\u00e8s de Grenoble. L&rsquo;exercice grandeur nature des pompiers pour sauver des \u0153uvres d&rsquo;art"},"content":{"rendered":"<p>                    Par<br \/>\n        <strong><br \/>\n            <a href=\"https:\/\/actu.fr\/auteur\/lisa-rodrigues\" title=\"Consulter tous les articles de Lisa Rodrigues\" target=\"_blank\" rel=\"noopener\">Lisa Rodrigues<\/a><br \/>\n                    <\/strong><\/p>\n<p>        Publi\u00e9 le<\/p>\n<p>            15 janv. 2026 \u00e0 12h18        <\/p>\n<p>La toiture du <a href=\"https:\/\/actu.fr\/auvergne-rhone-alpes\/vizille_38562\/pres-de-grenoble-ce-site-sublime-est-le-plus-visite-du-departement_61008726.html\" target=\"_blank\" rel=\"noopener\">ch\u00e2teau de Vizille<\/a>, l\u2019un des monuments les plus visit\u00e9s de l\u2019Is\u00e8re, a pris feu suite \u00e0 un violent orage. Les sapeurs-pompiers is\u00e9rois sont d\u00e9p\u00each\u00e9s en urgence sur les lieux pour contenir le sinistre et mettre \u00e0 l\u2019abri les \u0153uvres et objets patrimoniaux remarquables du lieu.<\/p>\n<p>    <a href=\"https:\/\/www.google.com\/maps\/embed?pb=!1m18!1m12!1m3!1d30083.767978799835!2d5.758233820251119!3d45.082343352248714!2m3!1f0!2f0!3f0!3m2!1i1024!2i768!4f13.1!3m3!1m2!1s0x478a89fcfc0dcb49%3A0x3e5a0a6a8288b873!2sDomaine%20de%20Vizille%20-%20Mus%C3%A9e%20de%20la%20R%C3%A9volution%20fran%C3%A7aise!5e0!3m2!1sfr!2sfr!4v1768471650951!5m2!1sfr!2sfr\" title=\"Ouvrie le lien\" target=\"_blank\" rel=\"noopener\">Cliquez ici pour visualiser le contenu<\/a><\/p>\n<p class=\" wall-content\">Pas de panique, rien de tout cela n\u2019est vraiment arriv\u00e9\u2009: il s\u2019agit du sc\u00e9nario retenu pour un <strong>exercice grandeur nature<\/strong> des soldats du feu is\u00e9rois, organis\u00e9 au domaine situ\u00e9 au sud de <a href=\"https:\/\/actu.fr\/auvergne-rhone-alpes\/grenoble_38185\" target=\"_blank\" rel=\"noopener\">Grenoble<\/a>, mardi 13\u00a0janvier.<\/p>\n<p>Les images de l\u2019intervention<\/p>\n<p class=\" wall-content\">Sur les images de l\u2019exercice d\u00e9voil\u00e9es par les pompiers, les tableaux, bustes, sculptures jusqu\u2019aux archives sont mis sous cloche, \u00e9vacu\u00e9s ou prot\u00e9g\u00e9s des potentielles d\u00e9gradations.<\/p>\n<p>    <a href=\"https:\/\/www.facebook.com\/plugins\/post.php?href=https%3A%2F%2Fwww.facebook.com%2Fsdis38%2Fposts%2Fpfbid02gpjCsN37MZuBAUQjZpMNBqFpP9EPpKk6m5h6hhf6TMPvHxKzswCroaHcHH9AXVGcl&amp;show_text=true&amp;width=350\" title=\"Ouvrie le lien\" target=\"_blank\" rel=\"noopener\">Cliquez ici pour visualiser le contenu<\/a><\/p>\n<p class=\" wall-content\">Ces proc\u00e9dures de mises en s\u00e9curit\u00e9, strictement encadr\u00e9es, ont \u00e9t\u00e9 approuv\u00e9es en partenariat avec le D\u00e9partement de l\u2019<a href=\"https:\/\/actu.fr\/auvergne-rhone-alpes\/isere_38\" target=\"_blank\" rel=\"noopener\">Is\u00e8re<\/a>, propri\u00e9taire du domaine de Vizille.<\/p>\n<p class=\" wall-content\">Cet exercice a n\u00e9cessit\u00e9 la mobilisation de <strong>23 sapeurs-pompiers<\/strong>, en plus des \u00e9quipes du monument et du mus\u00e9e de la R\u00e9volution fran\u00e7aise, h\u00e9berg\u00e9 au sein du ch\u00e2teau.<\/p>\n<p class=\" wall-content\">Personnalisez votre actualit\u00e9 en ajoutant vos villes et m\u00e9dias en favori avec <a href=\"https:\/\/moncompte.actu.fr\" title=\"D\u00e9couvez Mon Actu\" rel=\"nofollow noopener\" data-trk=\"{&quot;cta&quot;:{&quot;action&quot;:&quot;https:\\\/\\\/moncompte.actu.fr&quot;,&quot;category&quot;:&quot;mon compte&quot;,&quot;from&quot;:&quot;article footer&quot;,&quot;name&quot;:&quot;Mon actu&quot;,&quot;type&quot;:&quot;cta&quot;}}\" target=\"_blank\">Mon Actu<\/a>.<\/p>\n","protected":false},"excerpt":{"rendered":"Par Lisa Rodrigues Publi\u00e9 le 15 janv. 2026 \u00e0 12h18 La toiture du ch\u00e2teau de Vizille, l\u2019un des&hellip;\n","protected":false},"author":2,"featured_media":665313,"comment_status":"","ping_status":"","sticky":false,"template":"","format":"standard","meta":{"footnotes":""},"categories":[9566],"tags":[1111,11,2430,1777,674,1011,27,2731,58904,21922,12,2551,1311,25],"class_list":{"0":"post-665312","1":"post","2":"type-post","3":"status-publish","4":"format-standard","5":"has-post-thumbnail","7":"category-grenoble","8":"tag-actu","9":"tag-actualites","10":"tag-auvergne-rhone-alpes","11":"tag-eu","12":"tag-europe","13":"tag-fr","14":"tag-france","15":"tag-grenoble","16":"tag-histoire-patrimoine","17":"tag-monuments","18":"tag-news","19":"tag-patrimoine","20":"tag-pompiers","21":"tag-republique-francaise"},"share_on_mastodon":{"url":"https:\/\/pubeurope.com\/@fr\/115899134268740334","error":""},"_links":{"self":[{"href":"https:\/\/www.europesays.com\/fr\/wp-json\/wp\/v2\/posts\/665312","targetHints":{"allow":["GET"]}}],"collection":[{"href":"https:\/\/www.europesays.com\/fr\/wp-json\/wp\/v2\/posts"}],"about":[{"href":"https:\/\/www.europesays.com\/fr\/wp-json\/wp\/v2\/types\/post"}],"author":[{"embeddable":true,"href":"https:\/\/www.europesays.com\/fr\/wp-json\/wp\/v2\/users\/2"}],"replies":[{"embeddable":true,"href":"https:\/\/www.europesays.com\/fr\/wp-json\/wp\/v2\/comments?post=665312"}],"version-history":[{"count":0,"href":"https:\/\/www.europesays.com\/fr\/wp-json\/wp\/v2\/posts\/665312\/revisions"}],"wp:featuredmedia":[{"embeddable":true,"href":"https:\/\/www.europesays.com\/fr\/wp-json\/wp\/v2\/media\/665313"}],"wp:attachment":[{"href":"https:\/\/www.europesays.com\/fr\/wp-json\/wp\/v2\/media?parent=665312"}],"wp:term":[{"taxonomy":"category","embeddable":true,"href":"https:\/\/www.europesays.com\/fr\/wp-json\/wp\/v2\/categories?post=665312"},{"taxonomy":"post_tag","embeddable":true,"href":"https:\/\/www.europesays.com\/fr\/wp-json\/wp\/v2\/tags?post=665312"}],"curies":[{"name":"wp","href":"https:\/\/api.w.org\/{rel}","templated":true}]}}