{"id":665314,"date":"2026-01-15T12:34:10","date_gmt":"2026-01-15T12:34:10","guid":{"rendered":"https:\/\/www.europesays.com\/fr\/665314\/"},"modified":"2026-01-15T12:34:10","modified_gmt":"2026-01-15T12:34:10","slug":"resthotel-le-salon-des-metiers-de-la-bouche-revient-a-rennes","status":"publish","type":"post","link":"https:\/\/www.europesays.com\/fr\/665314\/","title":{"rendered":"Rest\u2019Hotel, le salon des m\u00e9tiers de la bouche revient \u00e0 Rennes"},"content":{"rendered":"<p>Du 1er au 2 f\u00e9vrier 2026, le salon Rest\u2019Hotel revient \u00e0 Rennes. Un rendez-vous incontournable pour les professionnels de la restauration et du Tourisme.<\/p>\n<p>            <a id=\"c2087061\"\/><\/p>\n<p><strong>Du 1er au 2 f\u00e9vrier 2026, le salon Rest\u2019Hotel revient au Parc des Expositions de Rennes. Rendez-vous r\u00e9gional incontournable, cet \u00e9v\u00e9nement s\u2019adresse aux professionnels des M\u00e9tiers de Bouche, de la Restauration Collective, de l\u2019H\u00f4tellerie et des M\u00e9tiers du Tourisme, pour s\u2019informer, \u00e9changer et d\u00e9couvrir les tendances du secteur.<\/strong><\/p>\n<p>            <a id=\"c2087064\"\/><\/p>\n<p>                Un march\u00e9 de producteurs bretons au c\u0153ur du salon<\/p>\n<p>Vrai temps fort du salon Rest\u2019Hotel, l\u2019espace \u00ab march\u00e9 de producteurs \u00bb vous offrira une<strong> immersion au c\u0153ur des fili\u00e8res agricoles bretonnes<\/strong>. Con\u00e7u comme un lieu de rencontres et d\u2019\u00e9changes, cet espace r\u00e9unira vingt-six producteurs repr\u00e9sentant la diversit\u00e9 des productions r\u00e9gionales : animales, v\u00e9g\u00e9tales ou cidricoles. <strong>Venez d\u00e9couvrir des produits<\/strong> issus de circuits courts, porteurs de valeurs fortes telles que la qualit\u00e9, la tra\u00e7abilit\u00e9 et l\u2019ancrage territorial.<\/p>\n<p>            <a id=\"c2087067\"\/><\/p>\n<p>                Explorez une large gamme de produits locaux <\/p>\n<p>Diff\u00e9rentes huiles, caf\u00e9 d\u2019orge, miels, viandes de porc, de lapin, de volaille et de bovin, produits laitiers ainsi que des cidres et autres produits cidricoles embl\u00e9matiques de la Bretagne seront pr\u00e9sent\u00e9s. Les producteurs eux-m\u00eames animeront chaque stand, l&rsquo;occasion d&rsquo;un <strong>dialogue authentique autour des m\u00e9thodes de production, des sp\u00e9cificit\u00e9s des produits et des d\u00e9bouch\u00e9s possibles en restauration commerciale ou collective<\/strong>.<\/p>\n<p>Ce salon professionnel se veut \u00e9galement un outil concret pour accompagner les restaurateurs, chefs de cuisine collective et acheteurs publics ou priv\u00e9s dans leur recherche de fournisseurs locaux. <strong>Il r\u00e9pond \u00e0 vos enjeux actuels d\u2019approvisionnement de proximit\u00e9, de relocalisation de l\u2019alimentation et de valorisation des produits r\u00e9gionaux<\/strong> dans les menus. Rest\u2019H\u00f4tel vous facilitera la mise en relation avec les agriculteurs et acteurs de la restauration. Venez contribuer \u00e0 renforcer les synergies avec les fili\u00e8res agricoles bretonnes.<\/p>\n<p>            <a id=\"c2087070\"\/><\/p>\n<p>                D\u00e9gustations, \u00e9changes et partenariats<\/p>\n<p>Pendant ces deux journ\u00e9es, des temps de d\u00e9gustation vous seront propos\u00e9s pour go\u00fbter les produits pr\u00e9sent\u00e9s et d\u2019en appr\u00e9cier les qualit\u00e9s. Les producteurs seront aussi disponibles pour \u00e9changer sur leurs pratiques, leurs modes de production et leurs engagements, notamment en mati\u00e8re de durabilit\u00e9 et d\u2019approvisionnement local.\u00a0<\/p>\n<p>Restaurateurs, chefs de cuisines collectives et gestionnaires d\u2019\u00e9tablissements venez identifier de nouveaux partenaires et renforcer vos approvisionnements en produits bretons.<\/p>\n<p><strong>En r\u00e9unissant agriculture et restauration autour d\u2019un m\u00eame espace, Rest\u2019Hotel 2026 confirme son r\u00f4le de carrefour professionnel et des fili\u00e8res alimentaires r\u00e9gionales.<\/strong><\/p>\n<p>            <a id=\"c2087077\"\/><\/p>\n<p>                La Chambre d\u2019agriculture mobilis\u00e9e pour ces fili\u00e8res<\/p>\n<p>Partenaire historique du salon, la Chambre d\u2019Agriculture de Bretagne sera pleinement mobilis\u00e9e pour mettre en lumi\u00e8re les fili\u00e8res agricoles bretonnes. \u00c0 cette occasion, nous animerons un espace d\u00e9di\u00e9 rassemblant 26 producteurs locaux, issus de fili\u00e8res animales, v\u00e9g\u00e9tales et cidricoles. L&rsquo;opportunit\u00e9 de valoriser la diversit\u00e9, la qualit\u00e9 et le savoir-faire des agricultures bretonnes aupr\u00e8s des professionnels de la restauration et de l\u2019alimentation.<\/p>\n<p>            <a id=\"c2087085\"\/><\/p>\n","protected":false},"excerpt":{"rendered":"Du 1er au 2 f\u00e9vrier 2026, le salon Rest\u2019Hotel revient \u00e0 Rennes. Un rendez-vous incontournable pour les professionnels&hellip;\n","protected":false},"author":2,"featured_media":665315,"comment_status":"","ping_status":"","sticky":false,"template":"","format":"standard","meta":{"footnotes":""},"categories":[2821],"tags":[1111,11,829,1777,674,1011,27,12,584,25],"class_list":{"0":"post-665314","1":"post","2":"type-post","3":"status-publish","4":"format-standard","5":"has-post-thumbnail","7":"category-rennes","8":"tag-actu","9":"tag-actualites","10":"tag-bretagne","11":"tag-eu","12":"tag-europe","13":"tag-fr","14":"tag-france","15":"tag-news","16":"tag-rennes","17":"tag-republique-francaise"},"share_on_mastodon":{"url":"https:\/\/pubeurope.com\/@fr\/115899142398328487","error":""},"_links":{"self":[{"href":"https:\/\/www.europesays.com\/fr\/wp-json\/wp\/v2\/posts\/665314","targetHints":{"allow":["GET"]}}],"collection":[{"href":"https:\/\/www.europesays.com\/fr\/wp-json\/wp\/v2\/posts"}],"about":[{"href":"https:\/\/www.europesays.com\/fr\/wp-json\/wp\/v2\/types\/post"}],"author":[{"embeddable":true,"href":"https:\/\/www.europesays.com\/fr\/wp-json\/wp\/v2\/users\/2"}],"replies":[{"embeddable":true,"href":"https:\/\/www.europesays.com\/fr\/wp-json\/wp\/v2\/comments?post=665314"}],"version-history":[{"count":0,"href":"https:\/\/www.europesays.com\/fr\/wp-json\/wp\/v2\/posts\/665314\/revisions"}],"wp:featuredmedia":[{"embeddable":true,"href":"https:\/\/www.europesays.com\/fr\/wp-json\/wp\/v2\/media\/665315"}],"wp:attachment":[{"href":"https:\/\/www.europesays.com\/fr\/wp-json\/wp\/v2\/media?parent=665314"}],"wp:term":[{"taxonomy":"category","embeddable":true,"href":"https:\/\/www.europesays.com\/fr\/wp-json\/wp\/v2\/categories?post=665314"},{"taxonomy":"post_tag","embeddable":true,"href":"https:\/\/www.europesays.com\/fr\/wp-json\/wp\/v2\/tags?post=665314"}],"curies":[{"name":"wp","href":"https:\/\/api.w.org\/{rel}","templated":true}]}}