{"id":665323,"date":"2026-01-15T12:39:15","date_gmt":"2026-01-15T12:39:15","guid":{"rendered":"https:\/\/www.europesays.com\/fr\/665323\/"},"modified":"2026-01-15T12:39:15","modified_gmt":"2026-01-15T12:39:15","slug":"le-point-dans-la-cire-des-ducs","status":"publish","type":"post","link":"https:\/\/www.europesays.com\/fr\/665323\/","title":{"rendered":"Le point dans la Cir\u00e9 des Ducs"},"content":{"rendered":"<p>                            <strong>Les \u00e9lections municipales se d\u00e9rouleront les 15 et 22 mars 2026. A Nantes, 69 si\u00e8ges sont \u00e0 pourvoir, 35 seront obtenus par la liste gagnante, les autres si\u00e8ges seront attribu\u00e9s \u00e0 la proportionnelle. Qui sont les candidats en 2026 ? Tour d\u2019horizon.<\/strong><br \/>\n<b>Johanna Rolland<\/b><\/p>\n<p>La maire sortante PS brigue un 3e mandat. <strong><a href=\"https:\/\/hellogazettenantes.fr\/candidature-de-johanna-rolland-une-campagne-inauguree-sur-la-peniche-lola\/\" target=\"_blank\" rel=\"noopener\">Johanna Rolland<\/a><\/strong> vient de d\u00e9voiler les noms des candidats figurant sur sa liste \u00ab La Gauche unie pour Nantes \u00bb comportant 19 personnes de la soci\u00e9t\u00e9 civile. Une liste d\u00e9crite comme \u00ab largement renouvel\u00e9e et exp\u00e9riment\u00e9e \u00bb rassemblant la gauche et les \u00e9cologistes. 11 partis y sont r\u00e9unis : le Parti socialiste, les Ecologistes, le Parti communiste Fran\u00e7ais, l\u2019Union D\u00e9mocratique Bretonne, Debout !, L\u2019Apr\u00e8s, Territoires 44, Place Publique, Parti Radical de gauche, G\u00e9n\u00e9ration Ecologie et le Parti Animaliste.<\/p>\n<p><b>Foulques Chombart de Lauwe<\/b><\/p>\n<p>Conseiller municipal depuis 2020, Foulques Chombart de Lauwe est parti en campagne d\u00e8s 2023. Apr\u00e8s une <strong><a href=\"https:\/\/hellogazettenantes.fr\/municipales-nantes-foulques-chombart-de-lauwe-remporte-la-primaire-lr\/\" target=\"_blank\" rel=\"noopener\">primaire<\/a> <\/strong>remport\u00e9e face \u00e0 Julien Bainvel en ao\u00fbt 2025, il est devenu le chef de file Les R\u00e9publicains- Nouvelle Energie. Parmi ses soutiens, Sarah El Ha\u00efry (Modem) en duo avec lui sur l\u2019affiche de campagne, Val\u00e9rie Oppelt (Renaissance), Laurence Garnier (LR), Guillaume Richard (Horizons). Le candidat a tenu un meeting \u00e0 la Cit\u00e9 des Congr\u00e8s de Nantes hier ayant rassembl\u00e9 un peu plus de 1000 personnes.<\/p>\n<p><b>Mounir Belhamiti \/ Julien Bainvel <\/b><\/p>\n<p>Apr\u00e8s sa d\u00e9faite \u00e0 la primaire LR, Julien Bainvel, \u00e9lu nantais et conseiller r\u00e9gional, qui devait soutenir Foulques Chombart de Lauwe est rest\u00e9 tr\u00e8s discret jusqu\u2019\u00e0 pr\u00e9sent. En raison du ralliement au candidat LR, Mounir Belhamiti, ancien d\u00e9put\u00e9 et Pr\u00e9sident Renaissance 44 a quitt\u00e9 avec Erwan Huchet le groupe \u00ab D\u00e9mocrates et progressistes \u00bb compos\u00e9 d\u2019\u00e9lus Renaissance et Modem. Reste \u00e0 savoir quels r\u00f4les Julien Bainvel et Mounir Belhamiti vont jouer dans cette campagne.<\/p>\n<p><b>William Aucant et Erika Cadersah<\/b><\/p>\n<p>La France Insoumise pr\u00e9sente sa liste \u00ab\u00a0La Nouvelle Nantes\u00a0\u00bb. Les chefs de file sont William Aucant, conseiller r\u00e9gional et Erika Cadersah. Une campagne qui se voit en quelque sorte chamboul\u00e9e par l\u2019arriv\u00e9e d\u2019un autre mouvement sur une ligne de gauche de rupture.<\/p>\n<p><b>Margot Medkour<\/b><\/p>\n<p>En 2020, Margot Medkour se pr\u00e9sentait aux \u00e9lections municipales avec \u00ab Nantes en commun \u00bb et \u00e9tait soutenue par LFI. Cette fois-ci, elle s\u2019\u00e9loigne des Insoumis et lance \u00ab Nantes populaire \u00bb.<\/p>\n<p><b>Jean-Claude Hulot<\/b><\/p>\n<p>Le Rassemblement National a d\u00e9sign\u00e9 en septembre 2025 <strong><a href=\"https:\/\/hellogazettenantes.fr\/municipales-nantes-le-rn-revele-sa-tete-de-liste\/\" target=\"_blank\" rel=\"noopener\">Jean-Claude Hulot<\/a><\/strong> comme chef de file nantais.<\/p>\n<p><b>Nicolas Bazille et H\u00e9l\u00e8ne Defrance<\/b><\/p>\n<p>Lutte ouvri\u00e8re sera \u00e9galement en lice lors de ces \u00e9lections. Une liste \u00ab\u00a0Faire entendre le camp des travailleurs\u00a0\u00bb men\u00e9e par <strong><a href=\"https:\/\/hellogazettenantes.fr\/municipales-nantes-2026-lutte-ouvriere-constitue-sa-liste\/\" target=\"_blank\" rel=\"noopener\">Nicolas Bazille et H\u00e9l\u00e8ne Defrance<\/a><\/strong>.<\/p>\n<p><b>Alexandre Gauvin et Sarah Ferron<\/b><\/p>\n<p>Le NPA-R\u00e9volutionnaire se pr\u00e9sente \u00e9galement avec \u00ab\u00a0Nantes ouvri\u00e8re et r\u00e9volutionnaire\u00a0\u00bb dont les chefs de file sont Alexandre Gauvin, \u00e9tudiant et Sarah Ferron, enseignante.<\/p>\n<p>Johanna Rolland voit donc plusieurs listes de gauche pr\u00eates \u00e0 l\u2019affronter. Concernant Foulques Chombart de Lauwe, les voix pourraient se disperser si d\u2019autres adversaires se d\u00e9voilent. Un match LFI-\u00ab\u00a0Nantes populaire\u00a0\u00bb est \u00e9galement en cours.            <\/p>\n<p><img decoding=\"async\" alt=\"Advertisement\" src=\"data:image\/svg+xml,%3Csvg%20xmlns=\" http:=\"\" data-lazy-src=\"https:\/\/www.europesays.com\/fr\/wp-content\/uploads\/2025\/04\/Application-mobile-hello-gazette-nantes.gif\"\/><\/p>\n","protected":false},"excerpt":{"rendered":"Les \u00e9lections municipales se d\u00e9rouleront les 15 et 22 mars 2026. A Nantes, 69 si\u00e8ges sont \u00e0 pourvoir,&hellip;\n","protected":false},"author":2,"featured_media":665324,"comment_status":"","ping_status":"","sticky":false,"template":"","format":"standard","meta":{"footnotes":""},"categories":[2818],"tags":[1111,11,1777,674,1011,27,766,12,2636,25],"class_list":{"0":"post-665323","1":"post","2":"type-post","3":"status-publish","4":"format-standard","5":"has-post-thumbnail","7":"category-nantes","8":"tag-actu","9":"tag-actualites","10":"tag-eu","11":"tag-europe","12":"tag-fr","13":"tag-france","14":"tag-nantes","15":"tag-news","16":"tag-pays-de-la-loire","17":"tag-republique-francaise"},"share_on_mastodon":{"url":"https:\/\/pubeurope.com\/@fr\/115899161983236756","error":""},"_links":{"self":[{"href":"https:\/\/www.europesays.com\/fr\/wp-json\/wp\/v2\/posts\/665323","targetHints":{"allow":["GET"]}}],"collection":[{"href":"https:\/\/www.europesays.com\/fr\/wp-json\/wp\/v2\/posts"}],"about":[{"href":"https:\/\/www.europesays.com\/fr\/wp-json\/wp\/v2\/types\/post"}],"author":[{"embeddable":true,"href":"https:\/\/www.europesays.com\/fr\/wp-json\/wp\/v2\/users\/2"}],"replies":[{"embeddable":true,"href":"https:\/\/www.europesays.com\/fr\/wp-json\/wp\/v2\/comments?post=665323"}],"version-history":[{"count":0,"href":"https:\/\/www.europesays.com\/fr\/wp-json\/wp\/v2\/posts\/665323\/revisions"}],"wp:featuredmedia":[{"embeddable":true,"href":"https:\/\/www.europesays.com\/fr\/wp-json\/wp\/v2\/media\/665324"}],"wp:attachment":[{"href":"https:\/\/www.europesays.com\/fr\/wp-json\/wp\/v2\/media?parent=665323"}],"wp:term":[{"taxonomy":"category","embeddable":true,"href":"https:\/\/www.europesays.com\/fr\/wp-json\/wp\/v2\/categories?post=665323"},{"taxonomy":"post_tag","embeddable":true,"href":"https:\/\/www.europesays.com\/fr\/wp-json\/wp\/v2\/tags?post=665323"}],"curies":[{"name":"wp","href":"https:\/\/api.w.org\/{rel}","templated":true}]}}