{"id":665325,"date":"2026-01-15T12:40:12","date_gmt":"2026-01-15T12:40:12","guid":{"rendered":"https:\/\/www.europesays.com\/fr\/665325\/"},"modified":"2026-01-15T12:40:12","modified_gmt":"2026-01-15T12:40:12","slug":"mort-daboubacar-fofana-a-nantes-jattends-juste-la-verite-clame-le-frere-de-la-victime","status":"publish","type":"post","link":"https:\/\/www.europesays.com\/fr\/665325\/","title":{"rendered":"Mort d&rsquo;Aboubacar Fofana \u00e0 Nantes. \u00ab\u00a0J&rsquo;attends juste la v\u00e9rit\u00e9\u00a0\u00bb, clame le fr\u00e8re de la victime"},"content":{"rendered":"<p class=\"article__intro\">Au quatri\u00e8me jour du proc\u00e8s, les 5 CRS pr\u00e9sents sur les lieux du drame sont entendus. Une audience qui devrait venir mettre la lumi\u00e8re sur les diff\u00e9rentes versions tenues par l&rsquo;accus\u00e9 \u00ab\u00a0Tout ce qu&rsquo;on demande c&rsquo;est que justice soit faite\u00a0\u00bb a implor\u00e9 le fr\u00e8re d&rsquo;Aboubacar Fofana.<\/p>\n<p>\n      La Quotidienne Soci\u00e9t\u00e9\n    <\/p>\n<p>\n      De la vie quotidienne aux grands enjeux, recevez tous les jours les sujets qui font la soci\u00e9t\u00e9 locale, comme la justice, l\u2019\u00e9ducation, la sant\u00e9 et la famille.\n    <\/p>\n<p>    France T\u00e9l\u00e9visions utilise votre adresse e-mail afin de vous envoyer la newsletter \u00ab\u00a0La Quotidienne Soci\u00e9t\u00e9\u00a0\u00bb. Vous pouvez vous d\u00e9sinscrire \u00e0 tout moment via le lien en bas de cette newsletter. <a target=\"_blank\" href=\"https:\/\/www.francetelevisions.fr\/groupe\/confidentialite\/politique-de-confidentialite\/politique-de-confidentialite-de-france-televisions-6503\" rel=\"noopener\">Notre politique de confidentialit\u00e9<\/a><\/p>\n<p>Ils ne sont que tous les deux. Le reste de la famille n&rsquo;a pas eu la force d&rsquo;assister au proc\u00e8s. Le fr\u00e8re et le cousin d&rsquo;Aboubacar Fofana sont pr\u00e9sents depuis le premier jour. Ils n&rsquo;ont rien manqu\u00e9 des d\u00e9bats. Ceux qu&rsquo;ils attendent ? Des r\u00e9ponses&#8230;<\/p>\n<p>Depuis huit ans leur vie a bascul\u00e9.<\/p>\n<p>Une question hante le fr\u00e8re d&rsquo;Aboubakkar depuis ce 3 juillet 2018. \u00ab\u00a0Qui nous prot\u00e8ge des gardiens de la paix ? \u00ab\u00a0, l\u00e2che-t-il. Le ton n&rsquo;est pas v\u00e9h\u00e9ment. Il p\u00e8se calmement chacun de ses mots. Ces mots qu&rsquo;il a prononc\u00e9s avec dignit\u00e9 et sans haine devant la cour criminelle de Nantes.<\/p>\n<p>\u00ab\u00a0C&rsquo;est pas une question pol\u00e9mique pour le coup, c&rsquo;est vraiment une question sinistre que je me pose, dans le sens o\u00f9 je consid\u00e8re qu&rsquo;un agent, que \u00e7a soit CRS, policier ou un agent de la PAC, pour le coup, il est portant et garant de la s\u00e9curit\u00e9 des concitoyens, souligne-t-il.<\/p>\n<p>\u00ab\u00a0Je n&rsquo;ai pas l&rsquo;impression, en fait, que le policier en question ainsi que ses coll\u00e8gues, parce que je vais les englober tous dans le m\u00eame panier, dans la mesure o\u00f9 ils \u00e9taient en groupe, disent tout. Il y a eu une premi\u00e8re version, ensuite une seconde version qui \u00e9tait diff\u00e9rente de la premi\u00e8re.\u00a0\u00bb<\/p>\n<blockquote class=\"ftvi_content_quote\">\n<p class=\"ftvi_citation_quote\">Ca me pose un certain souci dans le sens o\u00f9, si c&rsquo;\u00e9tait une personne lambda, sans uniforme, qui avait donn\u00e9 2, 3 versions diff\u00e9rentes, est-ce que ces 3 diff\u00e9rentes versions auraient \u00e9t\u00e9 cr\u00e9dibles ? Comment les diff\u00e9rencier ? Comment savoir si la premi\u00e8re d\u00e9claration, la deuxi\u00e8me, est la plus vraisemblable ?<\/p>\n<\/blockquote>\n<p>Son fr\u00e8re s&rsquo;\u00e9loigne de Paris \u00e0 l&rsquo;\u00e2ge de 16-17 ans. Entour\u00e9 de mauvaises fr\u00e9quentations, il n&rsquo;a pour autant jamais \u00e9t\u00e9 condamn\u00e9. Son nom appara\u00eet dans un dossier \u00ab\u00a0suite \u00e0 une affaire o\u00f9 on avait retrouv\u00e9 sa pi\u00e8ce d&rsquo;identit\u00e9. Ce jour-l\u00e0, il a quitt\u00e9 le domicile familial, \u00e0 ce moment-l\u00e0, ma m\u00e8re \u00e9tait au pays. C&rsquo;est la derni\u00e8re fois que je l&rsquo;ai vu, que j&rsquo;ai eu une discussion avec lui, que je l&rsquo;ai crois\u00e9\u00a0\u00bb, se souvient-il.<\/p>\n<blockquote class=\"ftvi_content_quote\">\n<p class=\"ftvi_citation_quote\">Je l&rsquo;ai retrouv\u00e9 \u00e0 la morgue. j&rsquo;ai eu un manque, on m&rsquo;a arrach\u00e9 les derniers moments avec mon fr\u00e8re<\/p>\n<\/blockquote>\n<p>\u00ab\u00a0En fait, je pense que c&rsquo;\u00e9tait l&rsquo;environnement et l&rsquo;entourage auquel il \u00e9tait associ\u00e9 \u00e0 cette p\u00e9riode-l\u00e0 qui n&rsquo;allait pas. Ces informations, je les ai eues de ma s\u0153ur qui m&rsquo;a expliqu\u00e9 un peu plus tard, au moment des faits, la situation.\u00a0\u00bb<\/p>\n<p>\u00ab\u00a0Je n&rsquo;avais pas de contacts lors de ces derniers moments, j&rsquo;ai d\u00e9couvert tout sur le tas suite \u00e0 sa disparition\u00a0\u00bb, poursuit le fr\u00e8re d&rsquo;Aboubacar Fofana.<\/p>\n<p>\u00ab\u00a0Abou, c&rsquo;\u00e9tait quelqu&rsquo;un de tr\u00e8s craintif. C&rsquo;est ma vision des choses. Moi, je n&rsquo;\u00e9tais pas pr\u00e9sent, donc je ne peux pas me permettre de dresser un portrait qui n&rsquo;est pas, comment dire, proche de la r\u00e9alit\u00e9\u00a0\u00bb.<\/p>\n<p>\u00ab\u00a0Il ne voulait pas cr\u00e9er de probl\u00e8mes ext\u00e9rieurs, qui pouvaient se r\u00e9percuter sur la famille ou remettre en question l&rsquo;\u00e9ducation que ma m\u00e8re nous avait inculqu\u00e9e. Je pense que dans ce contexte-l\u00e0, il \u00e9tait \u00e0 Nantes depuis deux ans, Entre l&rsquo;\u00e2ge de 17 ans et 22 ans, on est \u00e0 la fin de l&rsquo;adolescence, au d\u00e9but de la vie adulte. Lui, il \u00e9tait dans sa phase o\u00f9 il devait devenir un jeune adulte, en fait, qui est conscient de ses erreurs peut-\u00eatre pass\u00e9es et conscient surtout qu&rsquo;il y avait toujours moyen de pouvoir se racheter aupr\u00e8s de la soci\u00e9t\u00e9, pour le coup, changer de direction, de voie\u00a0\u00bb.<\/p>\n<blockquote class=\"ftvi_content_quote\">\n<p class=\"ftvi_citation_quote\"> C&rsquo;\u00e9tait un petit peu une deuxi\u00e8me chance qui se donnait ici \u00e0 Nantes<\/p>\n<\/blockquote>\n<p>\u00ab\u00a0Il a \u00e9t\u00e9 accept\u00e9 par tout le monde, par les jeunes, les enfants. En fait, il \u00e9tait hypersociable Il faisait partie des associations, notamment Breil Jeunes Solidarit\u00e9s\u00a0\u00bb, confirme le cousin d&rsquo;Aboubacar.<\/p>\n<p>\u00ab\u00a0Ma m\u00e8re essaie de tenir le coup, tant bien que mal. L\u00e0, elle travaille elle travaille dans le secteur m\u00e9dical, en fait, \u00e0 l&rsquo;h\u00f4pital de Gonesse, pour le coup, o\u00f9 elle a pu gravir les \u00e9chelons et devenir responsable.\u00a0\u00bb<\/p>\n<p>Depuis le d\u00e9c\u00e8s de mon fr\u00e8re, je vois vraiment que \u00e7a l&rsquo;atteint, que ce soit psychologiquement, physiquement, mentalement. Il y a un avant et un apr\u00e8s, clairement.\u00a0\u00bb<\/p>\n<blockquote class=\"ftvi_content_quote\">\n<p class=\"ftvi_citation_quote\">J&rsquo;attends une r\u00e9ponse claire, vendredi, pour pouvoir avancer clairement. Parce que moi,pendant ces 8 ans, j&rsquo;ai mis ma vie de c\u00f4t\u00e9 et j&rsquo;ai mis ma famille en avant<\/p>\n<\/blockquote>\n<p>\u00ab\u00a0On attend juste que la v\u00e9rit\u00e9 puisse sortir aux lumi\u00e8res du jour. On veut juste la v\u00e9rit\u00e9 telle qu&rsquo;elle est, qu&rsquo;elle soit b\u00e9n\u00e9fique ou p\u00e9jorative pour mon fr\u00e8re, qu&rsquo;elle soit juste r\u00e9aliste, en se basant simplement sur les faits r\u00e9els et pas sur des faits fantaisistes\u00a0\u00bb.<\/p>\n<p>\u00ab\u00a0Ce verdict devrait me permettre de me recentrer sur moi et pouvoir un peu \u00e9voluer, puisque le temps passe\u00a0\u00bb, souffle le fr\u00e8re d&rsquo;Aboubacar Fofana.<\/p>\n<p><strong>Retrouvez-nous\u00a0sur nos r\u00e9seaux sociaux et sur<\/strong><a href=\"https:\/\/www.france.tv\/france-3\/pays-de-la-loire\/\" target=\"_blank\" rel=\"noopener noreferrer nofollow\" data-tooltip-url=\"https:\/\/www.france.tv\/france-3\/pays-de-la-loire\/\"><strong>\u00a0france.tv<\/strong><\/a><\/p>\n","protected":false},"excerpt":{"rendered":"Au quatri\u00e8me jour du proc\u00e8s, les 5 CRS pr\u00e9sents sur les lieux du drame sont entendus. Une audience&hellip;\n","protected":false},"author":2,"featured_media":665326,"comment_status":"","ping_status":"","sticky":false,"template":"","format":"standard","meta":{"footnotes":""},"categories":[2818],"tags":[1111,11,1777,674,1011,27,766,12,2636,25],"class_list":{"0":"post-665325","1":"post","2":"type-post","3":"status-publish","4":"format-standard","5":"has-post-thumbnail","7":"category-nantes","8":"tag-actu","9":"tag-actualites","10":"tag-eu","11":"tag-europe","12":"tag-fr","13":"tag-france","14":"tag-nantes","15":"tag-news","16":"tag-pays-de-la-loire","17":"tag-republique-francaise"},"share_on_mastodon":{"url":"https:\/\/pubeurope.com\/@fr\/115899165820263052","error":""},"_links":{"self":[{"href":"https:\/\/www.europesays.com\/fr\/wp-json\/wp\/v2\/posts\/665325","targetHints":{"allow":["GET"]}}],"collection":[{"href":"https:\/\/www.europesays.com\/fr\/wp-json\/wp\/v2\/posts"}],"about":[{"href":"https:\/\/www.europesays.com\/fr\/wp-json\/wp\/v2\/types\/post"}],"author":[{"embeddable":true,"href":"https:\/\/www.europesays.com\/fr\/wp-json\/wp\/v2\/users\/2"}],"replies":[{"embeddable":true,"href":"https:\/\/www.europesays.com\/fr\/wp-json\/wp\/v2\/comments?post=665325"}],"version-history":[{"count":0,"href":"https:\/\/www.europesays.com\/fr\/wp-json\/wp\/v2\/posts\/665325\/revisions"}],"wp:featuredmedia":[{"embeddable":true,"href":"https:\/\/www.europesays.com\/fr\/wp-json\/wp\/v2\/media\/665326"}],"wp:attachment":[{"href":"https:\/\/www.europesays.com\/fr\/wp-json\/wp\/v2\/media?parent=665325"}],"wp:term":[{"taxonomy":"category","embeddable":true,"href":"https:\/\/www.europesays.com\/fr\/wp-json\/wp\/v2\/categories?post=665325"},{"taxonomy":"post_tag","embeddable":true,"href":"https:\/\/www.europesays.com\/fr\/wp-json\/wp\/v2\/tags?post=665325"}],"curies":[{"name":"wp","href":"https:\/\/api.w.org\/{rel}","templated":true}]}}