{"id":665327,"date":"2026-01-15T12:41:13","date_gmt":"2026-01-15T12:41:13","guid":{"rendered":"https:\/\/www.europesays.com\/fr\/665327\/"},"modified":"2026-01-15T12:41:13","modified_gmt":"2026-01-15T12:41:13","slug":"enervivo-concretise-ses-ambitions-agrivoltaiques-en-gironde","status":"publish","type":"post","link":"https:\/\/www.europesays.com\/fr\/665327\/","title":{"rendered":"EnerVivo concr\u00e9tise ses ambitions agrivolta\u00efques en Gironde"},"content":{"rendered":"<p>L\u2019entreprise bordelaise <strong>EnerVivo<\/strong> franchit une \u00e9tape majeure dans son d\u00e9veloppement avec le d\u00e9ploiement de ses <strong>six premiers projets agrivolta\u00efques<\/strong>. Un an apr\u00e8s une lev\u00e9e de fonds importante, la soci\u00e9t\u00e9 d\u00e9montre sa capacit\u00e9 \u00e0 passer rapidement de la phase de conception \u00e0 la mise en \u0153uvre concr\u00e8te sur le terrain.<\/p>\n<p>L\u2019agrivolta\u00efsme, une alliance entre \u00e9nergie et agriculture<\/p>\n<p><img fetchpriority=\"high\" decoding=\"async\" width=\"1024\" height=\"616\" src=\"https:\/\/www.europesays.com\/fr\/wp-content\/uploads\/2026\/01\/enervivo-1024x616.png\" alt=\"\" class=\"wp-image-88913\"  \/>L\u2019entreprise bordelaise EnerVivo innove avec ses serres agrivolta\u00efques, conciliant \u00e9nergie renouvelable, rendement agricole et d\u00e9veloppement rural responsable.<\/p>\n<p>Ce mod\u00e8le novateur repose sur une id\u00e9e simple : produire de l\u2019\u00e9lectricit\u00e9 solaire tout en maintenant, voire en am\u00e9liorant, l\u2019activit\u00e9 agricole. Les structures photovolta\u00efques install\u00e9es au-dessus ou \u00e0 proximit\u00e9 des cultures permettent de prot\u00e9ger les sols, r\u00e9guler les temp\u00e9ratures et optimiser l\u2019irrigation.<br \/>EnerVivo s\u2019inscrit dans cette d\u00e9marche vertueuse en cherchant \u00e0 <strong>r\u00e9concilier production \u00e9nerg\u00e9tique et performance agricole<\/strong>, dans un contexte de transition \u00e9cologique et de tension sur l\u2019usage des terres.<\/p>\n<p>Des serres solaires pour une double valorisation des terrains<\/p>\n<p>Les premiers projets mis en service par la soci\u00e9t\u00e9 comprennent plusieurs <strong>serres agrivolta\u00efques<\/strong>. Ces installations abritent des cultures sous des panneaux solaires semi-transparents, g\u00e9n\u00e9rant simultan\u00e9ment une production \u00e9lectrique et une protection pour les plantes.<br \/>Ce double usage des terrains agricoles constitue une r\u00e9ponse concr\u00e8te aux d\u00e9fis climatiques et \u00e9conomiques actuels : il permet de <strong>diversifier les revenus des exploitants<\/strong> tout en r\u00e9duisant leur d\u00e9pendance aux variations m\u00e9t\u00e9orologiques.<\/p>\n<p>Une jeune entreprise d\u00e9j\u00e0 bien structur\u00e9e<\/p>\n<p><img loading=\"lazy\" decoding=\"async\" width=\"1024\" height=\"768\" src=\"https:\/\/www.europesays.com\/fr\/wp-content\/uploads\/2026\/01\/enervivo-2-1024x768.jpeg\" alt=\"\" class=\"wp-image-88914\"  \/>EnerVivo d\u00e9ploie ses premiers projets agrivolta\u00efques \u00e0 Bordeaux, alliant production solaire et agriculture durable pour une transition \u00e9nerg\u00e9tique concr\u00e8te.<\/p>\n<p>Fond\u00e9e en 2022 par des experts issus des \u00e9nergies renouvelables et du monde agricole, EnerVivo s\u2019est rapidement impos\u00e9e comme un acteur cl\u00e9 du secteur. Sa r\u00e9cente <strong>lev\u00e9e de fonds<\/strong> a permis de renforcer les \u00e9quipes, de s\u00e9curiser de nouveaux sites et d\u2019acc\u00e9l\u00e9rer le d\u00e9veloppement d\u2019un portefeuille de projets \u00e0 travers plusieurs r\u00e9gions fran\u00e7aises.<br \/>L\u2019entreprise s\u2019appuie sur une approche collaborative, travaillant main dans la main avec les agriculteurs, les collectivit\u00e9s et les partenaires techniques pour garantir la viabilit\u00e9 \u00e0 long terme de ses installations.<\/p>\n<p>Une ambition nationale pour un mod\u00e8le durable<\/p>\n<p>Les six premiers sites ne sont qu\u2019un d\u00e9but. EnerVivo pr\u00e9voit d\u2019\u00e9tendre son maillage \u00e0 l\u2019\u00e9chelle nationale afin de contribuer plus largement \u00e0 la <strong>production d\u2019\u00e9nergie renouvelable fran\u00e7aise<\/strong>. \u00c0 travers cette strat\u00e9gie, l\u2019entreprise ambitionne de devenir une r\u00e9f\u00e9rence dans l\u2019agrivolta\u00efsme, symbole d\u2019un \u00e9quilibre r\u00e9ussi entre innovation technologique, d\u00e9veloppement rural et souverainet\u00e9 \u00e9nerg\u00e9tique.<\/p>\n<p>A lire aussi : <a href=\"https:\/\/www.bougerabordeaux.com\/actu\/news\/les-grands-crus-de-bordeaux-senvolent-pour-leur-tournee-nord-americaine\/\" target=\"_blank\" rel=\"noopener\">Les Grands Crus de Bordeaux s\u2019envolent pour leur tourn\u00e9e nord-am\u00e9ricaine<\/a><\/p>\n","protected":false},"excerpt":{"rendered":"L\u2019entreprise bordelaise EnerVivo franchit une \u00e9tape majeure dans son d\u00e9veloppement avec le d\u00e9ploiement de ses six premiers projets&hellip;\n","protected":false},"author":2,"featured_media":665328,"comment_status":"","ping_status":"","sticky":false,"template":"","format":"standard","meta":{"footnotes":""},"categories":[2817],"tags":[1111,11,1997,1777,674,1011,27,12,2219,25],"class_list":{"0":"post-665327","1":"post","2":"type-post","3":"status-publish","4":"format-standard","5":"has-post-thumbnail","7":"category-bordeaux","8":"tag-actu","9":"tag-actualites","10":"tag-bordeaux","11":"tag-eu","12":"tag-europe","13":"tag-fr","14":"tag-france","15":"tag-news","16":"tag-nouvelle-aquitaine","17":"tag-republique-francaise"},"share_on_mastodon":{"url":"https:\/\/pubeurope.com\/@fr\/115899169883883778","error":""},"_links":{"self":[{"href":"https:\/\/www.europesays.com\/fr\/wp-json\/wp\/v2\/posts\/665327","targetHints":{"allow":["GET"]}}],"collection":[{"href":"https:\/\/www.europesays.com\/fr\/wp-json\/wp\/v2\/posts"}],"about":[{"href":"https:\/\/www.europesays.com\/fr\/wp-json\/wp\/v2\/types\/post"}],"author":[{"embeddable":true,"href":"https:\/\/www.europesays.com\/fr\/wp-json\/wp\/v2\/users\/2"}],"replies":[{"embeddable":true,"href":"https:\/\/www.europesays.com\/fr\/wp-json\/wp\/v2\/comments?post=665327"}],"version-history":[{"count":0,"href":"https:\/\/www.europesays.com\/fr\/wp-json\/wp\/v2\/posts\/665327\/revisions"}],"wp:featuredmedia":[{"embeddable":true,"href":"https:\/\/www.europesays.com\/fr\/wp-json\/wp\/v2\/media\/665328"}],"wp:attachment":[{"href":"https:\/\/www.europesays.com\/fr\/wp-json\/wp\/v2\/media?parent=665327"}],"wp:term":[{"taxonomy":"category","embeddable":true,"href":"https:\/\/www.europesays.com\/fr\/wp-json\/wp\/v2\/categories?post=665327"},{"taxonomy":"post_tag","embeddable":true,"href":"https:\/\/www.europesays.com\/fr\/wp-json\/wp\/v2\/tags?post=665327"}],"curies":[{"name":"wp","href":"https:\/\/api.w.org\/{rel}","templated":true}]}}