{"id":665329,"date":"2026-01-15T12:42:09","date_gmt":"2026-01-15T12:42:09","guid":{"rendered":"https:\/\/www.europesays.com\/fr\/665329\/"},"modified":"2026-01-15T12:42:09","modified_gmt":"2026-01-15T12:42:09","slug":"pourquoi-un-professeur-de-bordeaux-expert-reconnu-est-soupconne-dingerence-au-profit-de-la-chine","status":"publish","type":"post","link":"https:\/\/www.europesays.com\/fr\/665329\/","title":{"rendered":"Pourquoi un professeur de Bordeaux, \u00ab\u00a0expert reconnu\u00a0\u00bb, est soup\u00e7onn\u00e9 d&rsquo;ing\u00e9rence au profit de la Chine"},"content":{"rendered":"<p>                    Par<br \/>\n        <strong><br \/>\n            <a href=\"https:\/\/actu.fr\/auteur\/redaction-bordeaux\" title=\"Consulter tous les articles de R\u00e9daction Bordeaux\" target=\"_blank\" rel=\"noopener\">R\u00e9daction Bordeaux<\/a><br \/>\n                    <\/strong><\/p>\n<p>        Publi\u00e9 le<\/p>\n<p>            15 janv. 2026 \u00e0 13h32        <\/p>\n<p>Un enseignant-chercheur \u00e0 l\u2019institut d\u2019ing\u00e9nierie et de m\u00e9canique <a href=\"https:\/\/actu.fr\/bordeaux\/\" target=\"_blank\" rel=\"noopener\">de Bordeaux<\/a> a \u00e9t\u00e9 mis en examen, <strong>soup\u00e7onn\u00e9 d\u2019ing\u00e9rence au profit de la Chine,<\/strong> en ayant fait p\u00e9n\u00e9trer une d\u00e9l\u00e9gation chinoise dans des zones sensibles interdites.\u00a0Le scientifique a \u00e9t\u00e9 <strong>mis en examen<\/strong> le 16 d\u00e9cembre, mais laiss\u00e9 libre sous contr\u00f4le judiciaire, a indiqu\u00e9 mercredi \u00e0 l\u2019AFP le parquet de Paris, confirmant une information <a href=\"https:\/\/www.intelligenceonline.fr\/asie-pacifique\/2026\/01\/14\/mise-en-examen-d-un-mathematicien-bordelais-pour-intelligence-avec-la-chine,110600268-art\" target=\"_blank\" rel=\"noopener\">d\u2019Intelligence Online.<\/a><\/p>\n<p class=\" wall-content\">Ce professeur est poursuivi pour <strong>\u00ab\u00a0livraison d\u2019information<\/strong> \u00e0 une puissance \u00e9trang\u00e8re\u00a0\u00bb, crime faisant encourir une peine de 15 ans de r\u00e9clusion et 225 000 euros d\u2019amende, <strong>\u00ab\u00a0intelligence avec une puissance \u00e9trang\u00e8re\u00a0\u00bb,<\/strong> d\u00e9lit faisant encourir 10 ans d\u2019emprisonnement et 150 000 euros d\u2019amende, et<strong> \u00ab\u00a0complicit\u00e9 d\u2019intrusion<\/strong> dans un local ou terrain clos int\u00e9ressant la d\u00e9fense nationale\u00a0\u00bb, un d\u00e9lit faisant encourir six mois de prison et 7 500 euros d\u2019amende.<\/p>\n<p class=\" wall-content\">\u00ab\u00a0Ce fonctionnaire est notamment soup\u00e7onn\u00e9 d\u2019avoir fait p\u00e9n\u00e9trer des membres d\u2019une <a href=\"https:\/\/actu.fr\/tag\/chine\" target=\"_blank\" rel=\"noopener\">d\u00e9l\u00e9gation chinoise<\/a> (dans) <strong>des zones interdites,<\/strong> dont la sensibilit\u00e9 avait \u00e9t\u00e9 mentionn\u00e9e comme tr\u00e8s importante\u00a0\u00bb, a expliqu\u00e9 le minist\u00e8re public.<\/p>\n<p class=\" wall-content\">Contact\u00e9 par l\u2019AFP, son avocat, Me G\u00e9rard Danglade, <strong>n\u2019a pas souhait\u00e9 s\u2019exprimer,<\/strong> r\u00e9servant ses d\u00e9clarations \u00e0 l\u2019instruction.<\/p>\n<p class=\" wall-content\">L\u2019enqu\u00eate avait \u00e9t\u00e9 ouverte en janvier 2024 par la section protection des libert\u00e9s fondamentales du parquet de Paris, saisie par le SGDSN (Secr\u00e9tariat g\u00e9n\u00e9ral de la D\u00e9fense et de la S\u00e9curit\u00e9 nationale) \u00ab\u00a0\u00e0 la suite d\u2019un <strong>rapport d\u2019incident<\/strong> de la D\u00e9fense nationale sur l\u2019universit\u00e9 de Bordeaux\u00a0\u00bb, a expliqu\u00e9 le parquet de Paris.\u00a0Celui-ci a ouvert une information judiciaire <strong>en mai 2024.<\/strong> Les investigations se d\u00e9roulent depuis sous la direction du juge d\u2019instruction.<\/p>\n<p>\u00ab\u00a0Gravit\u00e9 des charges\u00a0\u00bb<\/p>\n<p class=\" wall-content\">\u00ab\u00a0C\u2019est dans ce cadre que des personnes ont \u00e9t\u00e9 entendues en garde \u00e0 vue en f\u00e9vrier 2025. L\u2019exploitation des <strong>supports saisis en perquisition<\/strong> a conduit \u00e0 ce que cet enseignant soit de nouveau plac\u00e9 en garde \u00e0 vue puis mis en examen\u00a0\u00bb, a pr\u00e9cis\u00e9 le parquet.<\/p>\n<p class=\" wall-content\">Contact\u00e9 par l\u2019AFP, Vincent Martin, \u00e9lu du syndicat de l\u2019enseignement sup\u00e9rieur CGT Ferc sup, a indiqu\u00e9 que son organisation n\u2019avait <strong>\u00ab\u00a0pas d\u2019avis<\/strong> sur la proc\u00e9dure judiciaire en cours\u00a0\u00bb.<\/p>\n<p>Votre r\u00e9gion, votre actu !<\/p>\n<p>Recevez chaque jour les infos qui comptent pour vous.<\/p>\n<p>\t<a href=\"https:\/\/actu.fr\/newsletter\" class=\"ac-btn ac-btn--corner ac-btn--medium ac-btn--blue800\" target=\"_blank\" rel=\"noopener\">S&rsquo;incrire<\/a><\/p>\n<p class=\" wall-content\">\u00ab\u00a0Nous sommes juste tr\u00e8s \u00e9tonn\u00e9s du <strong>niveau de gravit\u00e9 des charges<\/strong> dont est accus\u00e9 le coll\u00e8gue et nous redisons que nos missions de service public, qui sont formalis\u00e9es dans le Code de l\u2019\u00e9ducation, consistent \u00e0 produire et diffuser des connaissances, ainsi qu\u2019\u00e0 la <strong>coop\u00e9ration internationale\u00a0\u00bb,<\/strong> a-t-il ajout\u00e9, en pr\u00e9cisant que les professeurs sont ainsi \u00ab\u00a0encourag\u00e9s par (les) institutions \u00e0 collaborer avec des partenaires \u00e9trangers pour la recherche\u00a0\u00bb.<\/p>\n<p class=\" wall-content\">Le scientifique mis en examen est professeur de classe exceptionnelle en math\u00e9matiques appliqu\u00e9es \u00e0 <strong>l\u2019institut polytechnique de Bordeaux,<\/strong> qui est l\u2019une des tutelles de <a href=\"https:\/\/sin.u-bordeaux.fr\/les-unites-de-recherche\/i2m\" target=\"_blank\" rel=\"noopener\">l\u2019institut de m\u00e9canique et d\u2019ing\u00e9nierie de Bordeaux (I2M),<\/a> partiellement class\u00e9 en zone \u00e0 r\u00e9gime restrictif par trois arr\u00eat\u00e9s d\u2019avril 2019.<\/p>\n<p>Projet commun<\/p>\n<p class=\" wall-content\">Selon le code p\u00e9nal, dans les \u00ab\u00a0zones \u00e0 r\u00e9gime restrictif\u00a0\u00bb, le besoin de protection vise \u00e0 emp\u00eacher que des \u00e9l\u00e9ments essentiels du potentiel scientifique ou technique de la Nation \u00ab\u00a0fassent l\u2019objet d\u2019une captation de nature \u00e0 affaiblir ses moyens de d\u00e9fense, \u00e0 <strong>compromettre sa s\u00e9curit\u00e9\u00a0\u00bb<\/strong> ou \u00ab\u00a0soient <strong>d\u00e9tourn\u00e9s \u00e0 des fins de terrorisme,<\/strong> de prolif\u00e9ration d\u2019armes de destruction massive (\u2026) ou de contribution \u00e0 l\u2019accroissement d\u2019arsenaux militaires\u00a0\u00bb.<\/p>\n<p class=\" wall-content\">D\u2019apr\u00e8s Intelligence Online, <strong>cet \u00ab\u00a0expert reconnu,<\/strong> en fin de carri\u00e8re, coop\u00e8re depuis ses \u00e9tudes avec des coll\u00e8gues chinois, en pointe dans le domaine\u00a0\u00bb et \u00ab\u00a0passe m\u00eame depuis la fin des ann\u00e9es 2010 <strong>deux mois par an \u00e0 la Xiamen University,<\/strong> dont l\u2019\u00e9cole de sciences math\u00e9matiques est l\u2019une des plus prestigieuses du pays\u00a0\u00bb.<\/p>\n<p class=\" wall-content\">Toujours d\u2019apr\u00e8s ce m\u00e9dia, <strong>deux autres math\u00e9maticiens fran\u00e7ais<\/strong> des universit\u00e9s de Compi\u00e8gne et Haute-Alsace faisaient partie des personnes plac\u00e9es en garde \u00e0 vue en f\u00e9vrier 2025.<\/p>\n<p class=\" wall-content\">L\u2019expert bordelais travaille en lien avec le scientifique de Compi\u00e8gne et des chercheurs de Xiamen sur un projet \u00ab\u00a0men\u00e9 en partenariat avec Roxel, une filiale de l\u2019industriel a\u00e9rospatial MBDA <strong>sp\u00e9cialis\u00e9e dans la propulsion\u00a0\u00bb,<\/strong> affirme Intelligence Online.<\/p>\n<p class=\" wall-content\"><strong>Avec AFP<\/strong><\/p>\n<p class=\" wall-content\">Personnalisez votre actualit\u00e9 en ajoutant vos villes et m\u00e9dias en favori avec <a href=\"https:\/\/moncompte.actu.fr\" title=\"D\u00e9couvez Mon Actu\" rel=\"nofollow noopener\" data-trk=\"{&quot;cta&quot;:{&quot;action&quot;:&quot;https:\\\/\\\/moncompte.actu.fr&quot;,&quot;category&quot;:&quot;mon compte&quot;,&quot;from&quot;:&quot;article footer&quot;,&quot;name&quot;:&quot;Mon actu&quot;,&quot;type&quot;:&quot;cta&quot;}}\" target=\"_blank\">Mon Actu<\/a>.<\/p>\n","protected":false},"excerpt":{"rendered":"Par R\u00e9daction Bordeaux Publi\u00e9 le 15 janv. 2026 \u00e0 13h32 Un enseignant-chercheur \u00e0 l\u2019institut d\u2019ing\u00e9nierie et de m\u00e9canique&hellip;\n","protected":false},"author":2,"featured_media":665330,"comment_status":"","ping_status":"","sticky":false,"template":"","format":"standard","meta":{"footnotes":""},"categories":[2817],"tags":[1111,11,1997,309,1777,674,1011,27,12,2219,25,104,28002],"class_list":{"0":"post-665329","1":"post","2":"type-post","3":"status-publish","4":"format-standard","5":"has-post-thumbnail","7":"category-bordeaux","8":"tag-actu","9":"tag-actualites","10":"tag-bordeaux","11":"tag-chine","12":"tag-eu","13":"tag-europe","14":"tag-fr","15":"tag-france","16":"tag-news","17":"tag-nouvelle-aquitaine","18":"tag-republique-francaise","19":"tag-societe","20":"tag-universite-de-bordeaux"},"share_on_mastodon":{"url":"https:\/\/pubeurope.com\/@fr\/115899173702250015","error":""},"_links":{"self":[{"href":"https:\/\/www.europesays.com\/fr\/wp-json\/wp\/v2\/posts\/665329","targetHints":{"allow":["GET"]}}],"collection":[{"href":"https:\/\/www.europesays.com\/fr\/wp-json\/wp\/v2\/posts"}],"about":[{"href":"https:\/\/www.europesays.com\/fr\/wp-json\/wp\/v2\/types\/post"}],"author":[{"embeddable":true,"href":"https:\/\/www.europesays.com\/fr\/wp-json\/wp\/v2\/users\/2"}],"replies":[{"embeddable":true,"href":"https:\/\/www.europesays.com\/fr\/wp-json\/wp\/v2\/comments?post=665329"}],"version-history":[{"count":0,"href":"https:\/\/www.europesays.com\/fr\/wp-json\/wp\/v2\/posts\/665329\/revisions"}],"wp:featuredmedia":[{"embeddable":true,"href":"https:\/\/www.europesays.com\/fr\/wp-json\/wp\/v2\/media\/665330"}],"wp:attachment":[{"href":"https:\/\/www.europesays.com\/fr\/wp-json\/wp\/v2\/media?parent=665329"}],"wp:term":[{"taxonomy":"category","embeddable":true,"href":"https:\/\/www.europesays.com\/fr\/wp-json\/wp\/v2\/categories?post=665329"},{"taxonomy":"post_tag","embeddable":true,"href":"https:\/\/www.europesays.com\/fr\/wp-json\/wp\/v2\/tags?post=665329"}],"curies":[{"name":"wp","href":"https:\/\/api.w.org\/{rel}","templated":true}]}}