{"id":665365,"date":"2026-01-15T13:01:11","date_gmt":"2026-01-15T13:01:11","guid":{"rendered":"https:\/\/www.europesays.com\/fr\/665365\/"},"modified":"2026-01-15T13:01:11","modified_gmt":"2026-01-15T13:01:11","slug":"en-allemagne-lindustrie-de-defense-attire-de-plus-en-plus-les-salaries-de-lautomobile-sinistree","status":"publish","type":"post","link":"https:\/\/www.europesays.com\/fr\/665365\/","title":{"rendered":"En Allemagne, l\u2019industrie de d\u00e9fense attire de plus en plus les salari\u00e9s de l\u2019automobile sinistr\u00e9e"},"content":{"rendered":"<p>\n    <strong>D\u00c9CRYPTAGE <\/strong>&#8211; La r\u00e9ticence historique des Allemands \u00e0 travailler pour produire de l\u2019armement s\u2019efface au moment o\u00f9 les recrutements chez Rheinmetall, des constructeurs de drones et des centaines de sous-traitants sont en forte hausse.<\/p>\n<p class=\"fig-paragraph\">\u00c0 27\u00a0ans, Tim M\u00fcller* se dit \u00ab\u00a0r\u00e9sign\u00e9\u00a0\u00bb. Le jeune homme a grandi dans le Bade-Wurtemberg, fief de Mercedes. Passionn\u00e9 d\u2019automobile, il terminera dans quelques mois son master en g\u00e9nie m\u00e9canique, apr\u00e8s de longues \u00e9tudes commenc\u00e9es en 2019. Mais malgr\u00e9 un CV bien fourni, des stages chez Mercedes et BMW, des \u00e9tudes entre Stuttgart et Munich, les capitales de l\u2019automobile, il appr\u00e9hende la recherche d\u2019emploi. La raison\u00a0? La mauvaise sant\u00e9 du secteur de l\u2019automobile. Rien qu\u2019en 2025,\u00a0<a href=\"http:\/\/www.lefigaro.fr\/societes\/renault-solide-volkswagen-dans-le-rouge-stellantis-temporise-un-troisieme-trimestre-mitige-pour-les-constructeurs-automobiles-20251030\" data-fig-type=\"Article\" data-gtm-custom-categorie=\"navigation\" data-gtm-custom-action=\"crossclick\" data-gtm-custom-label=\"Contextuel\" data-gtm-event=\"customEventSPE\" data-fig-domain=\"LEFIGARO\" target=\"_blank\" rel=\"noopener\">Volkswagen\u00a0<\/a>a annonc\u00e9 la disparition de 35\u00a0000 emplois et des pertes de plus de 1 milliard d\u2019euros de chiffre d\u2019affaires\u00a0;<a href=\"http:\/\/www.lefigaro.fr\/societes\/demande-en-berne-fin-des-deductions-fiscales-pourquoi-ford-tire-un-trait-sur-ses-reves-grandioses-dans-la-voiture-electrique-20251216\" data-fig-type=\"Article\" data-gtm-custom-categorie=\"navigation\" data-gtm-custom-action=\"crossclick\" data-gtm-custom-label=\"Contextuel\" data-gtm-event=\"customEventSPE\" data-fig-domain=\"LEFIGARO\" target=\"_blank\" rel=\"noopener\">\u00a0Ford<\/a>, la fermeture de son usine de Sarrelouis\u00a0; et le sous-traitant Bosch, la suppression de 22\u00a0000 postes d\u2019ici 2030\u2026<\/p>\n<p class=\"fig-paragraph\">\u00ab\u00a0Certains de mes camarades ont d\u00fb chercher tr\u00e8s longtemps un emploi et n\u2019ont finalement pas trouv\u00e9 de poste dans le secteur voulu. Beaucoup sont frustr\u00e9s d\u2019avoir b\u00e9n\u00e9fici\u00e9 d\u2019une tr\u00e8s bonne formation, d\u2019avoir obtenu d\u2019excellentes notes, de s\u2019\u00eatre distingu\u00e9s par leur\u2026<\/p>\n<p class=\"fig-premium-paywall__infos\">\n        Cet article est r\u00e9serv\u00e9 aux abonn\u00e9s.        Il vous reste 83% \u00e0 d\u00e9couvrir.\n    <\/p>\n<p>                <img  data- alt=\"Le Figaro\" class=\"fig-img--complete fig-img\"\/><\/p>\n<p class=\"fig-premium-paywall__title\">Le Figaro c\u00e9l\u00e8bre ses 200 ans<\/p>\n<p class=\"fig-premium-paywall__subtitle\">Offre anniversaire : 2\u20ac\/mois pendant 200 semaines<\/p>\n<p class=\"fig-premium-paywall__connect\">\n                D\u00e9j\u00e0 abonn\u00e9\u00a0?                <a class=\"fig-premium-paywall__connect-link\" href=\"https:\/\/connect.lefigaro.fr\/login?client=horizon_web&amp;type=main&amp;redirect_uri=https%3A%2F%2Fwww.lefigaro.fr%2Fconjoncture%2Fen-allemagne-l-industrie-de-defense-attire-de-plus-en-plus-les-salaries-de-l-automobile-sinistree-20260115\" data-js-gtm=\"{&quot;customCategorie&quot;: &quot;conversion&quot;, &quot;customAction&quot;: &quot;before_Landing_Connexion_paywall_auto&quot;, &quot;customLabel&quot;: &quot;bGVmaWdhcm8uZnJfXzFmMGU1N2ZmLTI1YjItNjlkNi1iZGIyLTY5NWFkOTI2NGUxY19fQXJ0aWNsZQ==_En Allemagne, l\u2019industrie de d\u00e9fense attire de plus en plus les salari\u00e9s de l\u2019automobile sinistr\u00e9e_265&quot;, &quot;customIDSPE&quot;: &quot;bGVmaWdhcm8uZnJfXzFmMGU1N2ZmLTI1YjItNjlkNi1iZGIyLTY5NWFkOTI2NGUxY19fQXJ0aWNsZQ==&quot;, &quot;event&quot;: &quot;customEventSPE&quot;}\" target=\"_blank\" rel=\"noopener\"><br \/>\n                    Connectez-vous<br \/>\n                <\/a>\n            <\/p>\n","protected":false},"excerpt":{"rendered":"D\u00c9CRYPTAGE &#8211; La r\u00e9ticence historique des Allemands \u00e0 travailler pour produire de l\u2019armement s\u2019efface au moment o\u00f9 les&hellip;\n","protected":false},"author":2,"featured_media":665366,"comment_status":"","ping_status":"","sticky":false,"template":"","format":"standard","meta":{"footnotes":""},"categories":[1587],"tags":[11,672,1924,1804,1805,554,1803,1777,674,1801,12,1802],"class_list":{"0":"post-665365","1":"post","2":"type-post","3":"status-publish","4":"format-standard","5":"has-post-thumbnail","7":"category-allemagne","8":"tag-actualites","9":"tag-allemagne","10":"tag-armement","11":"tag-bundesrepublik-deutschland","12":"tag-de","13":"tag-defense","14":"tag-deutschland","15":"tag-eu","16":"tag-europe","17":"tag-germany","18":"tag-news","19":"tag-republique-federale-dallemagne"},"share_on_mastodon":{"url":"https:\/\/pubeurope.com\/@fr\/115899248488317867","error":""},"_links":{"self":[{"href":"https:\/\/www.europesays.com\/fr\/wp-json\/wp\/v2\/posts\/665365","targetHints":{"allow":["GET"]}}],"collection":[{"href":"https:\/\/www.europesays.com\/fr\/wp-json\/wp\/v2\/posts"}],"about":[{"href":"https:\/\/www.europesays.com\/fr\/wp-json\/wp\/v2\/types\/post"}],"author":[{"embeddable":true,"href":"https:\/\/www.europesays.com\/fr\/wp-json\/wp\/v2\/users\/2"}],"replies":[{"embeddable":true,"href":"https:\/\/www.europesays.com\/fr\/wp-json\/wp\/v2\/comments?post=665365"}],"version-history":[{"count":0,"href":"https:\/\/www.europesays.com\/fr\/wp-json\/wp\/v2\/posts\/665365\/revisions"}],"wp:featuredmedia":[{"embeddable":true,"href":"https:\/\/www.europesays.com\/fr\/wp-json\/wp\/v2\/media\/665366"}],"wp:attachment":[{"href":"https:\/\/www.europesays.com\/fr\/wp-json\/wp\/v2\/media?parent=665365"}],"wp:term":[{"taxonomy":"category","embeddable":true,"href":"https:\/\/www.europesays.com\/fr\/wp-json\/wp\/v2\/categories?post=665365"},{"taxonomy":"post_tag","embeddable":true,"href":"https:\/\/www.europesays.com\/fr\/wp-json\/wp\/v2\/tags?post=665365"}],"curies":[{"name":"wp","href":"https:\/\/api.w.org\/{rel}","templated":true}]}}