{"id":665369,"date":"2026-01-15T13:03:10","date_gmt":"2026-01-15T13:03:10","guid":{"rendered":"https:\/\/www.europesays.com\/fr\/665369\/"},"modified":"2026-01-15T13:03:10","modified_gmt":"2026-01-15T13:03:10","slug":"laccord-commercial-ue-usa-est-distinct-du-conflit-sur-le-groenland-explique-david-mcallister-2","status":"publish","type":"post","link":"https:\/\/www.europesays.com\/fr\/665369\/","title":{"rendered":"\u00ab\u00a0L\u2019accord commercial UE &#8211; USA est distinct du conflit sur le Groenland\u00a0\u00bb, explique David McAllister"},"content":{"rendered":"<p class=\"mb-4 text-lg md:leading-8 break-words\">David McAllister, eurod\u00e9put\u00e9 et pr\u00e9sident de la Commission des affaires \u00e9trang\u00e8res du Parlement europ\u00e9en, a mis en garde contre un blocage de la ratification de l&rsquo;accord commercial sign\u00e9 par l&rsquo;UE et les \u00c9tats-Unis en repr\u00e9sailles aux propos belliqueux de l&rsquo;administration Trump \u00e0 propos du Groenland.<\/p>\n<p class=\"mb-4 text-lg md:leading-8 break-words\"><b class=\"c-widget-related__title__text\">Related<\/b><\/p>\n<p class=\"mb-4 text-lg md:leading-8 break-words\">\u00ab\u00a0Il faut dissocier les deux sujets : l&rsquo;accord commercial UE-\u00c9tats-Unis et le soutien au Groenland\u00a0\u00bb, a d\u00e9clar\u00e9 jeudi David McAllister, du Parti populaire europ\u00e9en, dans l&rsquo;\u00e9mission matinale phare d&rsquo;Euronews, Europe Today. \u00ab\u00a0Nous devons finaliser les discussions commerciales avec les \u00c9tats-Unis, car les entreprises ont besoin de pr\u00e9visibilit\u00e9\u00a0\u00bb, a-t-il ajout\u00e9.<\/p>\n<p class=\"mb-4 text-lg md:leading-8 break-words\">Le Parlement europ\u00e9en doit ratifier l&rsquo;accord conclu par Donald Trump et la pr\u00e9sidente de la Commission Ursula von der Leyen en ao\u00fbt dernier en \u00c9cosse, qui a tripl\u00e9 les droits de douane sur les produits europ\u00e9ens tout en les ramenant \u00e0 z\u00e9ro pour les biens industriels en provenance des \u00c9tats-Unis.<\/p>\n<p class=\"mb-4 text-lg md:leading-8 break-words\">Les \u00c9tats-Unis poussent \u00e0 une ratification compl\u00e8te de l&rsquo;accord, mais plusieurs d\u00e9put\u00e9s europ\u00e9ens envisagent de bloquer la proc\u00e9dure d&rsquo;approbation pour protester contre les exigences de propri\u00e9t\u00e9 de Trump sur ce territoire danois, qu&rsquo;il affirme vouloir obtenir \u00ab\u00a0d&rsquo;une mani\u00e8re ou d&rsquo;une autre\u00a0\u00bb.<\/p>\n<p class=\"mb-4 text-lg md:leading-8 break-words\">David McAllister, a d\u00e9clar\u00e9 que \u00ab\u00a0les points de vue divergent au sein des groupes politiques\u00a0\u00bb du Parlement europ\u00e9en, mais il a insist\u00e9 pour que l&rsquo;on traite ces deux sujets s\u00e9par\u00e9ment. \u00ab\u00a0Le PPE et les Conservateurs europ\u00e9ens sont favorables \u00e0 aller de l&rsquo;avant [\u00e0 l&rsquo;approbation de l&rsquo;accord]\u00a0\u00bb, a-t-il dit. \u00ab\u00a0Les socialistes, les lib\u00e9raux et les verts souhaitent peut-\u00eatre reporter le vote.\u00a0\u00bb<\/p>\n<p class=\"mb-4 text-lg md:leading-8 break-words\">Mercredi, le Parlement europ\u00e9en a publi\u00e9 une d\u00e9claration conjointe des chefs de groupes politiques exprimant leur \u00ab\u00a0soutien sans \u00e9quivoque au Groenland et au Danemark\u00a0\u00bb et condamnant le langage belliqueux employ\u00e9 par les \u00c9tats-Unis, qui n&rsquo;ont pas exclu l&#8217;emploi de moyens militaires pour prendre possession du territoire semi-autonome, riche en terres rares. \u00ab\u00a0Nous avons \u00e9t\u00e9 tr\u00e8s clairs quant \u00e0 notre engagement envers le Groenland. L&rsquo;Union europ\u00e9enne va renforcer son action au Groenland : son soutien financier sera doubl\u00e9 dans le prochain cadre financier pluriannuel\u00a0\u00bb, peut-on lire dans la d\u00e9claration.<\/p>\n","protected":false},"excerpt":{"rendered":"David McAllister, eurod\u00e9put\u00e9 et pr\u00e9sident de la Commission des affaires \u00e9trang\u00e8res du Parlement europ\u00e9en, a mis en garde&hellip;\n","protected":false},"author":2,"featured_media":665370,"comment_status":"","ping_status":"","sticky":false,"template":"","format":"standard","meta":{"footnotes":""},"categories":[1586],"tags":[11,260,10349,76600,73,1777,674,1779,1011,27,12,8552,25,467,1778,364],"class_list":{"0":"post-665369","1":"post","2":"type-post","3":"status-publish","4":"format-standard","5":"has-post-thumbnail","7":"category-europe","8":"tag-actualites","9":"tag-affaires-etrangeres","10":"tag-commission","11":"tag-david-mcallister","12":"tag-etats-unis","13":"tag-eu","14":"tag-europe","15":"tag-european-union","16":"tag-fr","17":"tag-france","18":"tag-news","19":"tag-parlement-europeen","20":"tag-republique-francaise","21":"tag-trump","22":"tag-ue","23":"tag-union-europeenne"},"share_on_mastodon":{"url":"https:\/\/pubeurope.com\/@fr\/115899256333103748","error":""},"_links":{"self":[{"href":"https:\/\/www.europesays.com\/fr\/wp-json\/wp\/v2\/posts\/665369","targetHints":{"allow":["GET"]}}],"collection":[{"href":"https:\/\/www.europesays.com\/fr\/wp-json\/wp\/v2\/posts"}],"about":[{"href":"https:\/\/www.europesays.com\/fr\/wp-json\/wp\/v2\/types\/post"}],"author":[{"embeddable":true,"href":"https:\/\/www.europesays.com\/fr\/wp-json\/wp\/v2\/users\/2"}],"replies":[{"embeddable":true,"href":"https:\/\/www.europesays.com\/fr\/wp-json\/wp\/v2\/comments?post=665369"}],"version-history":[{"count":0,"href":"https:\/\/www.europesays.com\/fr\/wp-json\/wp\/v2\/posts\/665369\/revisions"}],"wp:featuredmedia":[{"embeddable":true,"href":"https:\/\/www.europesays.com\/fr\/wp-json\/wp\/v2\/media\/665370"}],"wp:attachment":[{"href":"https:\/\/www.europesays.com\/fr\/wp-json\/wp\/v2\/media?parent=665369"}],"wp:term":[{"taxonomy":"category","embeddable":true,"href":"https:\/\/www.europesays.com\/fr\/wp-json\/wp\/v2\/categories?post=665369"},{"taxonomy":"post_tag","embeddable":true,"href":"https:\/\/www.europesays.com\/fr\/wp-json\/wp\/v2\/tags?post=665369"}],"curies":[{"name":"wp","href":"https:\/\/api.w.org\/{rel}","templated":true}]}}