{"id":665373,"date":"2026-01-15T13:05:17","date_gmt":"2026-01-15T13:05:17","guid":{"rendered":"https:\/\/www.europesays.com\/fr\/665373\/"},"modified":"2026-01-15T13:05:17","modified_gmt":"2026-01-15T13:05:17","slug":"la-france-va-envoyer-dautres-moyens-terrestres-aeriens-et-maritimes-dans-les-prochains-jours","status":"publish","type":"post","link":"https:\/\/www.europesays.com\/fr\/665373\/","title":{"rendered":"La France va envoyer d&rsquo;autres \u00ab moyens terrestres, a\u00e9riens et maritimes \u00bb dans les \u00ab prochains jours \u00bb&#8230;"},"content":{"rendered":"<p>La France va envoyer d&rsquo;autres \u00ab moyens terrestres, a\u00e9riens et maritimes \u00bb dans les \u00ab prochains jours \u00bb<\/p>\n<p>La France a d\u00e9j\u00e0 d\u00e9ploy\u00e9 \u00ab une premi\u00e8re \u00e9quipe de militaires \u00bb au Groenland dans le cadre d&rsquo;une mission militaire europ\u00e9enne, et va d\u00e9p\u00eacher \u00ab dans les prochains jours \u00bb de nouveaux \u00ab moyens terrestres, a\u00e9riens et maritimes \u00bb dans le territoire autonome danois convoit\u00e9 par les Etats-Unis, a annonc\u00e9 jeudi Emmanuel Macron.<\/p>\n<p>\u00ab La France et les Europ\u00e9ens doivent continuer partout o\u00f9 leurs int\u00e9r\u00eats sont menac\u00e9s d&rsquo;\u00eatre l\u00e0, sans escalade, mais intraitables sur le respect de la souverainet\u00e9 territoriale \u00bb, a dit le pr\u00e9sident fran\u00e7ais lors de ses voeux aux Arm\u00e9es sur la base a\u00e9rienne d&rsquo;Istres, pr\u00e8s de Marseille. Il a jug\u00e9 que c&rsquo;\u00e9tait \u00ab le r\u00f4le \u00bb de la France \u00ab d&rsquo;\u00eatre aux c\u00f4t\u00e9s d&rsquo;un Etat souverain pour prot\u00e9ger son territoire \u00bb.<\/p>\n<p>La mission militaire europ\u00e9enne au Groenland a \u00e9t\u00e9 d\u00e9cid\u00e9e face aux \u00ab\u00a0menaces russes et chinoises\u00a0\u00bb, affirme l&rsquo;Allemagne <\/p>\n<p>La mission de reconnaissance de pays europ\u00e9ens de l&rsquo;Otan au Groenland a \u00e9t\u00e9 ordonn\u00e9e en raison des \u00ab menaces russes et chinoises \u00bb dans l&rsquo;Arctique, a indiqu\u00e9 le minist\u00e8re allemand de la D\u00e9fense dans un communqiu\u00e9 qui n&rsquo;\u00e9voque pas les ambitions territoriales am\u00e9ricaines.<\/p>\n<p>\u00ab L&rsquo;Allemagne, en collaboration avec d&rsquo;autres partenaires de l&rsquo;OTAN, va envoyer une \u00e9quipe de reconnaissance au Groenland. L&rsquo;objectif est d&rsquo;\u00e9valuer les moyens d&rsquo;assurer la s\u00e9curit\u00e9 face aux menaces russes et chinoises dans l&rsquo;Arctique \u00bb, a indiqu\u00e9 le minist\u00e8re.<\/p>\n<p>La Premi\u00e8re ministre danoise acte un \u00ab\u00a0d\u00e9saccord fondamental\u00a0\u00bb et constate que l&rsquo;ambition am\u00e9ricaine \u00ab\u00a0est intacte\u00a0\u00bb<\/p>\n<p>La Premi\u00e8re ministre danoise Mette Frederiksen a act\u00e9 jeudi l&rsquo;existence d&rsquo;un \u00ab d\u00e9saccord fondamental \u00bb avec les Etats-Unis sur l&rsquo;avenir du Groenland convoit\u00e9 par Donald Trump, au lendemain d&rsquo;une rencontre entre des dirigeants des deux pays.<\/p>\n<p>Les deux pays ont convenu de mettre en place un groupe de travail mais \u00ab cela ne change rien au fait qu&rsquo;il existe un d\u00e9saccord fondamental, car l&rsquo;ambition am\u00e9ricaine de prendre le contr\u00f4le du Groenland reste intacte \u00bb, dit-elle dans un commentaire \u00e9crit transmis \u00e0 l&rsquo;AFP. \u00ab Il s&rsquo;agit bien s\u00fbr d&rsquo;une situation grave et nous poursuivons donc nos efforts pour emp\u00eacher que ce sc\u00e9nario ne se r\u00e9alise \u00bb, a-t-elle ajout\u00e9.<\/p>\n<p>La Russie se dit \u00ab\u00a0s\u00e9rieusement inqui\u00e8te\u00a0\u00bb de l&rsquo;envoi de troupes de l&rsquo;Otan au Groenland<\/p>\n<p>La diplomatie russe a fait part jeudi de sa \u00ab s\u00e9rieuse inqui\u00e9tude \u00bb concernant l&rsquo;annonce de l&rsquo;envoi de troupes suppl\u00e9mentaires de l&rsquo;Otan au Groenland, apr\u00e8s une rencontre \u00e0 la Maison Blanche entre dirigeants danois, groenlandais et am\u00e9ricains.<\/p>\n<p>\u00ab Au lieu de mener un travail constructif dans le cadre d&rsquo;institutions existantes, en particulier le Conseil de l&rsquo;Arctique, l&rsquo;Otan a choisi la voie d&rsquo;une militarisation acc\u00e9l\u00e9r\u00e9e du Nord et renforce l\u00e0-bas sa pr\u00e9sence militaire sous le pr\u00e9texte imaginaire d&rsquo;une menace croissante de Moscou et de P\u00e9kin \u00bb, a d\u00e9nonc\u00e9 dans un communiqu\u00e9 l&rsquo;ambassade russe \u00e0 Bruxelles, o\u00f9 se trouve le si\u00e8ge de l&rsquo;Alliance atlantique.<\/p>\n<p>Mais pourquoi la France installera en f\u00e9vrier un consulat \u00e0 Nuuk, la capitale du Groenland ?<\/p>\n<p>D\u2019ici \u00e0 d\u00e9but f\u00e9vrier, la France enverra un fonctionnaire des Affaires \u00e9trang\u00e8res en tant que consul \u00e0 Nuuk, au Groenland. Et ce n\u2019est pas en raison du nombre croissant de ressortissants fran\u00e7ais sur ce territoire danois.<\/p>\n<p>On vous en dit bien plus dans cert article :<\/p>\n<p><img decoding=\"async\" class=\"c-img c-read-also__visual\" alt=\"Groenland\u00a0: Mais que va bien pouvoir faire la France en installant un consul sur place d\u00e9but f\u00e9vrier\u00a0?\" loading=\"eager\" width=\"110\" height=\"70\"  src=\"https:\/\/img.20mn.fr\/DuqHxvrfQaKxJSSuGC_LDSk\/110x70\" \/>Des militaires fran\u00e7ais sont bien pr\u00e9sents au sein de la mission europ\u00e9enne<\/p>\n<p>Cette \u00ab exploration du Groenland \u00bb aura lieu de jeudi \u00e0 samedi, a pr\u00e9cis\u00e9 Emmanuel Macron, ajoutant qu&rsquo;une \u00ab \u00e9quipe de reconnaissance \u00bb compos\u00e9e de 13 membres de la Bundeswehr y participerait.<\/p>\n<p>Et ce \u00ab en vue d&rsquo;\u00e9ventuelles contributions militaires destin\u00e9es \u00e0 soutenir le Danemark dans la garantie de la s\u00e9curit\u00e9 dans la r\u00e9gion, par exemple dans le domaine des capacit\u00e9s de surveillance maritime \u00bb, a expliqu\u00e9 le minist\u00e8re allemand de la D\u00e9fense.<\/p>\n<p>Une mission militaire europ\u00e9enne envoy\u00e9e sur le sol du Groenland<\/p>\n<p>Une mission militaire europ\u00e9enne d\u00e9marre jeudi au Groenland, territoire arctique sous souverainet\u00e9 danoise convoit\u00e9 par le pr\u00e9sident Donald Trump, au lendemain d&rsquo;une rencontre \u00e0 Washington entre responsables am\u00e9ricains, danois et groenlandais qui a d\u00e9bouch\u00e9 sur un constat de \u00ab d\u00e9saccord fondamental \u00bb.<\/p>\n<p>La France, la Su\u00e8de, l&rsquo;Allemagne et la Norv\u00e8ge ont annonc\u00e9 mercredi qu&rsquo;elles allaient d\u00e9ployer du personnel militaire sur l&rsquo;\u00eele pour une mission de reconnaissance qui, a pr\u00e9cis\u00e9 une source au sein du minist\u00e8re fran\u00e7ais des Arm\u00e9es, s&rsquo;inscrit dans le cadre de l&rsquo;exercice danois \u00ab Arctic Endurance \u00bb.<\/p>\n<p>Donald Trump se dit convaincu qu&rsquo;une \u00ab\u00a0solution sera trouv\u00e9e\u00a0\u00bb avec le Danemark, m\u00eame si celui-ci a r\u00e9exprim\u00e9 son d\u00e9saccord<\/p>\n<p>Donald Trump a dit mercredi \u00ab penser qu&rsquo;une solution serait trouv\u00e9e \u00bb sur le Groenland, qu&rsquo;il convoite pour des raisons de s\u00e9curit\u00e9 nationale, m\u00eame si le Danemark a exprim\u00e9 son \u00ab d\u00e9saccord fondamental \u00bb avec le pr\u00e9sident am\u00e9ricain au sujet du territoire arctique autonome. \u00ab J&rsquo;ai de tr\u00e8s bonnes relations avec le Danemark, et nous verrons comment tout cela \u00e9voluera. Je pense qu&rsquo;une solution sera trouv\u00e9e \u00bb, a-t-il d\u00e9clar\u00e9 \u00e0 des journalistes \u00e0 la Maison Blanche.<\/p>\n<p>Peu auparavant, le ministre danois des Affaires \u00e9trang\u00e8res Lars L\u00f8kke Rasmussen avait d\u00e9nonc\u00e9 sa volont\u00e9 de \u00ab conqu\u00e9rir \u00bb le Groenland, \u00e0 l&rsquo;issue d&rsquo;une rencontre \u00e0 la Maison Blanche avec des responsables am\u00e9ricains. \u00ab Le pr\u00e9sident (am\u00e9ricain) a clairement exprim\u00e9 son point de vue, et nous avons une position diff\u00e9rente \u00bb, a-t-il dit \u00e0 des journalistes.<\/p>\n<p>Bonjour et bienvenue dans ce nouveau live<\/p>\n<p>Apr\u00e8s avoir r\u00e9p\u00e9t\u00e9 pendant plusieurs semaines qu&rsquo;il souhaitait que les Etats-Unis puissent prendre le contr\u00f4le du Groenland pour des raisons de s\u00e9curit\u00e9 face \u00e0 la Russie et \u00e0 la Chine, Donald Trump se montre plus pressant depuis le d\u00e9but de la semaine. Les Groenlandais s&rsquo;inqui\u00e8tent, tout comme le Danemark, auquel est rattach\u00e9 le territoire arctique autonome. La situation est telle que les Europ\u00e9ens montent au cr\u00e9neau pour le d\u00e9fendre.<\/p>\n","protected":false},"excerpt":{"rendered":"La France va envoyer d&rsquo;autres \u00ab moyens terrestres, a\u00e9riens et maritimes \u00bb dans les \u00ab prochains jours \u00bb&hellip;\n","protected":false},"author":2,"featured_media":665374,"comment_status":"","ping_status":"","sticky":false,"template":"","format":"standard","meta":{"footnotes":""},"categories":[2],"tags":[47,11,672,145,75,73,1011,27,146,3579,74,12,25,7199,555],"class_list":{"0":"post-665373","1":"post","2":"type-post","3":"status-publish","4":"format-standard","5":"has-post-thumbnail","7":"category-actualites","8":"tag-actualite","9":"tag-actualites","10":"tag-allemagne","11":"tag-danemark","12":"tag-donald-trump","13":"tag-etats-unis","14":"tag-fr","15":"tag-france","16":"tag-groenland","17":"tag-militaire","18":"tag-monde","19":"tag-news","20":"tag-republique-francaise","21":"tag-suede","22":"tag-union-europeenne-ue"},"share_on_mastodon":{"url":"https:\/\/pubeurope.com\/@fr\/115899264196063494","error":""},"_links":{"self":[{"href":"https:\/\/www.europesays.com\/fr\/wp-json\/wp\/v2\/posts\/665373","targetHints":{"allow":["GET"]}}],"collection":[{"href":"https:\/\/www.europesays.com\/fr\/wp-json\/wp\/v2\/posts"}],"about":[{"href":"https:\/\/www.europesays.com\/fr\/wp-json\/wp\/v2\/types\/post"}],"author":[{"embeddable":true,"href":"https:\/\/www.europesays.com\/fr\/wp-json\/wp\/v2\/users\/2"}],"replies":[{"embeddable":true,"href":"https:\/\/www.europesays.com\/fr\/wp-json\/wp\/v2\/comments?post=665373"}],"version-history":[{"count":0,"href":"https:\/\/www.europesays.com\/fr\/wp-json\/wp\/v2\/posts\/665373\/revisions"}],"wp:featuredmedia":[{"embeddable":true,"href":"https:\/\/www.europesays.com\/fr\/wp-json\/wp\/v2\/media\/665374"}],"wp:attachment":[{"href":"https:\/\/www.europesays.com\/fr\/wp-json\/wp\/v2\/media?parent=665373"}],"wp:term":[{"taxonomy":"category","embeddable":true,"href":"https:\/\/www.europesays.com\/fr\/wp-json\/wp\/v2\/categories?post=665373"},{"taxonomy":"post_tag","embeddable":true,"href":"https:\/\/www.europesays.com\/fr\/wp-json\/wp\/v2\/tags?post=665373"}],"curies":[{"name":"wp","href":"https:\/\/api.w.org\/{rel}","templated":true}]}}