{"id":665389,"date":"2026-01-15T13:19:11","date_gmt":"2026-01-15T13:19:11","guid":{"rendered":"https:\/\/www.europesays.com\/fr\/665389\/"},"modified":"2026-01-15T13:19:11","modified_gmt":"2026-01-15T13:19:11","slug":"lea-salame-mechamment-taclee-par-matthieu-delormeau-je-trouve-que-cest-une","status":"publish","type":"post","link":"https:\/\/www.europesays.com\/fr\/665389\/","title":{"rendered":"L\u00e9a Salam\u00e9 m\u00e9chamment tacl\u00e9e par Matthieu Delormeau, \u201cJe trouve que c\u2019est une\u2026\u201d"},"content":{"rendered":"<p>Par <a class=\"author_recette\" id=\"author_name\" href=\"https:\/\/www.nextplz.fr\/auteur\/francis-uliel\" target=\"_blank\" rel=\"noopener\">Francis<br \/>\nUliel<\/a> &#8211;<br \/>\nPubli\u00e9 le 15 Jan 2026 \u00e0<br \/>\n13:30<\/p>\n<p class=\"article-intro excerpt\">L\u00e9a Salam\u00e9 est la cible de<br \/>\ncritiques virulentes depuis qu\u2019elle a repris les r\u00eanes du JT de 20<br \/>\nh sur France 2. Matthieu Delormeau donne un avis cru la concernant<br \/>\ndans TBT9.<\/p>\n<p>Apr\u00e8s l\u00a0\u00bb\u00e9viction d&rsquo;Anne-Sophie Lapix, France 2 a mis\u00e9 sur une<br \/>\nfigure bien connue des t\u00e9l\u00e9spectateurs pour prendre les commandes<br \/>\ndu JT de 20\u00a0h, \u00e0 savoir L\u00e9a Salam\u00e9. Malheureusement pour la<br \/>\njournaliste, les d\u00e9buts n&rsquo;ont pas \u00e9t\u00e9 tout rose, ce en raison de<br \/>\nnombreuses bourdes. Notamment celle avec Marion Cotillard. Depuis<br \/>\ncette s\u00e9quence, <a href=\"https:\/\/www.nextplz.fr\/people\/526240-gros-malaise-au-20h-lea-salame-derape-face-a-un-confrere-et-ne-sait-plus-ou-se-mettre-il-ny-a-que\" target=\"_blank\" rel=\"noopener\"><br \/>\nL\u00e9a Salam\u00e9, violemment prise \u00e0 partie par Patrick S\u00e9bastien,<\/a><br \/>\nest la cible de critiques et de moqueries sur les r\u00e9seaux sociaux.<br \/>\nEt m\u00eame ses propres comp\u00e8res du milieu ne l&rsquo;\u00e9pargnent pas.<\/p>\n<p>L\u00e9a Salam\u00e9 accus\u00e9e<br \/>\nd&rsquo;impartialit\u00e9<\/p>\n<p>En d\u00e9cembre dernier, L\u00e9a Salam\u00e9 s&rsquo;est retrouv\u00e9e au c\u0153ur d&rsquo;une<br \/>\nnouvelle pol\u00e9mique. La compagne de Rapha\u00ebl Glucksmann a en effet<br \/>\n\u00e9t\u00e9 accus\u00e9e par Matthieu Delormeau d\u2019avoir trahi son impartialit\u00e9<br \/>\nlors de l\u2019interview de Jordan Bardella dans Quelle \u00c9poque !. \u00c0<br \/>\nnoter que le pr\u00e9sident du RN, agac\u00e9, avait d\u00e9plor\u00e9 son passage dans<br \/>\nl\u2019\u00e9mission de France 2. Estimant avoir \u00e9t\u00e9 ridiculis\u00e9, le poulain<br \/>\nde Marine Le Pen avait \u00e9galement affirm\u00e9 que ses propos ont \u00e9t\u00e9<br \/>\nd\u00e9form\u00e9s par un montage t\u00e9l\u00e9vis\u00e9 jug\u00e9 partial. \u00ab\u00a0On peut faire<br \/>\ndire tout et n\u2019importe quoi \u00e0 quelqu\u2019un avec un montage\u00a0\u00bb,<br \/>\na-t-il fait savoir. Jordan Bardella a ensuite regrett\u00e9 que ses<br \/>\narguments n\u2019aient pas \u00e9t\u00e9 trait\u00e9s sur le fond. Sujet que Cyril<br \/>\nHanouna et ses chroniqueurs ont d\u00e9cortiqu\u00e9 sur le plateau de<br \/>\nTBT9.<\/p>\n<p>L\u00e9a Salam\u00e9 se<br \/>\nfait allumer par Matthieu Delormeau<\/p>\n<p>Dans sa nouvelle \u00e9mission diffus\u00e9e sur W9, Cyril Hanouna a lanc\u00e9<br \/>\nle d\u00e9bat mettant en garde L\u00e9a Salam\u00e9 qui, selon lui, devrait<br \/>\n\u00ab\u00a0faire triplement attention quand elle re\u00e7oit quelqu\u2019un qui ne<br \/>\nvient pas du bord politique de son compagnon\u00a0\u00bb. Baba a dans la<br \/>\nfoul\u00e9e illustr\u00e9 son propos avec un sc\u00e9nario invers\u00e9 : \u00ab\u00a0Et si la<br \/>\nfianc\u00e9e de Jordan Bardella animait une \u00e9mission sur<br \/>\nFrance\u00a02\u00a0?\u00a0\u00bb. Ce \u00e0 quoi Matthieu Delormeau a r\u00e9torqu\u00e9<br \/>\ncash : \u00ab\u00a0Non. Mais non, mais c\u2019est clair\u00a0\u00bb. Ni une ni deux,<br \/>\nle chroniqueur a s\u00e9v\u00e8rement allum\u00e9 la journaliste, affirmant :<br \/>\n\u00ab\u00a0On voit sa d\u00e9testation pour Jordan Bardella\u00a0\u00bb. Ce dernier<br \/>\na poursuivi, r\u00e9sumant l&rsquo;\u00e9volution m\u00e9diatique de L\u00e9a Salam\u00e9 en une<br \/>\nformule cinglante : \u00ab\u00a0Aujourd\u2019hui, je trouve que c\u2019est une bobo<br \/>\nparisienne. \u00c7a se voit dans l\u2019action\u00a0\u00bb.<\/p>\n<p>\u00ab\u00a0C&rsquo;est une animatrice de<br \/>\ntops shows\u00a0\u00bb<\/p>\n<p>Ce n&rsquo;est pas la premi\u00e8re fois qu&rsquo;elle est prise \u00e0 partie par le<br \/>\nchroniqueur de TBT9. En novembre dernier, apr\u00e8s une \u00e9ni\u00e8me boulette<br \/>\nde L\u00e9a Salam\u00e9 au JT, <a href=\"https:\/\/www.nextplz.fr\/people\/514260-lea-salame-violemment-taclee-par-matthieu-delormeau-une-animatrice-de-top-shows-qui-ne-travaille-pas\" target=\"_blank\" rel=\"noopener\"><br \/>\nMatthieu Delormeau ne l&rsquo;a pas \u00e9pargn\u00e9e<\/a>. Ce, malgr\u00e9 son<br \/>\nm\u00e9a-culpa pour essayer de calmer les ardeurs. \u00ab\u00a0Elle ne<br \/>\ntravaille pas. \u00c7a se voit !\u00a0\u00bb, a-t-il commenc\u00e9 par l\u00e2cher. Le<br \/>\nchroniqueur a ensuite enfonc\u00e9 le clou : \u00ab\u00a0Je vous dis qu&rsquo;il y a<br \/>\nde tr\u00e8s bons journalistes. On les a vus\u2026 les Pujadas et tout\u2026 Il<br \/>\nn&rsquo;y a pas une seule erreur ! C&rsquo;est une animatrice de top shows !<br \/>\nDelphine Ernotte l&rsquo;adore, elle l&rsquo;a mis \u00e0 l&rsquo;Info ! (\u2026) Tu ne<br \/>\nd\u00e9couvres pas tes fiches ou ton prompteur au JT !\u00a0\u00bb. Partageant<br \/>\nl&rsquo;avis de Matthieu Delormeau, Gilles Verdez a rench\u00e9ri\u00a0:<br \/>\n\u00ab\u00a0Il y a un vrai probl\u00e8me. Je commence \u00e0 penser que le costume<br \/>\nest trop grand pour elle\u00a0\u00bb.<\/p>\n","protected":false},"excerpt":{"rendered":"Par Francis Uliel &#8211; Publi\u00e9 le 15 Jan 2026 \u00e0 13:30 L\u00e9a Salam\u00e9 est la cible de critiques&hellip;\n","protected":false},"author":2,"featured_media":665390,"comment_status":"","ping_status":"","sticky":false,"template":"","format":"standard","meta":{"footnotes":""},"categories":[1356],"tags":[58,59,1011,27,252,1364],"class_list":{"0":"post-665389","1":"post","2":"type-post","3":"status-publish","4":"format-standard","5":"has-post-thumbnail","7":"category-television","8":"tag-divertissement","9":"tag-entertainment","10":"tag-fr","11":"tag-france","12":"tag-television","13":"tag-tv"},"share_on_mastodon":{"url":"https:\/\/pubeurope.com\/@fr\/115899319167595748","error":""},"_links":{"self":[{"href":"https:\/\/www.europesays.com\/fr\/wp-json\/wp\/v2\/posts\/665389","targetHints":{"allow":["GET"]}}],"collection":[{"href":"https:\/\/www.europesays.com\/fr\/wp-json\/wp\/v2\/posts"}],"about":[{"href":"https:\/\/www.europesays.com\/fr\/wp-json\/wp\/v2\/types\/post"}],"author":[{"embeddable":true,"href":"https:\/\/www.europesays.com\/fr\/wp-json\/wp\/v2\/users\/2"}],"replies":[{"embeddable":true,"href":"https:\/\/www.europesays.com\/fr\/wp-json\/wp\/v2\/comments?post=665389"}],"version-history":[{"count":0,"href":"https:\/\/www.europesays.com\/fr\/wp-json\/wp\/v2\/posts\/665389\/revisions"}],"wp:featuredmedia":[{"embeddable":true,"href":"https:\/\/www.europesays.com\/fr\/wp-json\/wp\/v2\/media\/665390"}],"wp:attachment":[{"href":"https:\/\/www.europesays.com\/fr\/wp-json\/wp\/v2\/media?parent=665389"}],"wp:term":[{"taxonomy":"category","embeddable":true,"href":"https:\/\/www.europesays.com\/fr\/wp-json\/wp\/v2\/categories?post=665389"},{"taxonomy":"post_tag","embeddable":true,"href":"https:\/\/www.europesays.com\/fr\/wp-json\/wp\/v2\/tags?post=665389"}],"curies":[{"name":"wp","href":"https:\/\/api.w.org\/{rel}","templated":true}]}}