{"id":665391,"date":"2026-01-15T13:20:10","date_gmt":"2026-01-15T13:20:10","guid":{"rendered":"https:\/\/www.europesays.com\/fr\/665391\/"},"modified":"2026-01-15T13:20:10","modified_gmt":"2026-01-15T13:20:10","slug":"michael-goldman-star-ac-tres-proche-de-joyce-jonathan-cette-declaration-qui-ne-la-laisse-pas-de-marbre","status":"publish","type":"post","link":"https:\/\/www.europesays.com\/fr\/665391\/","title":{"rendered":"Michael Goldman (Star Ac) tr\u00e8s proche de Joyce Jonathan, cette d\u00e9claration qui ne la laisse pas de marbre"},"content":{"rendered":"<p><strong>Dans la famille Goldman, je demande le fils :<br \/>\nMichael.<\/strong> Ou comment l\u2019h\u00e9ritier de <strong>Jean-Jacques<br \/>\nGoldman<\/strong> est devenu en quelques ann\u00e9es le golden<br \/>\nboy de <strong>TF1<\/strong>. L\u2019ancien directeur artistique de<br \/>\n<strong>BMG<\/strong> et cofondateur de <strong>My Major<br \/>\nCompany<\/strong> est l\u2019actuel directeur de la <strong>Star<br \/>\nAcademy<\/strong> depuis son revival sur la premi\u00e8re cha\u00eene<br \/>\nen 2022. En outre, il y a une dizaine d\u00a0\u00bbann\u00e9es, le businessman a<br \/>\nlanc\u00e9 la carri\u00e8re de <strong>Joyce Jonathan<\/strong>, chanteuse<br \/>\nalors prometteuse, autrice du tube \u00c7a ira. Les deux ont<br \/>\nnou\u00e9 une relation des plus singuli\u00e8res et intimistes au fil du<br \/>\ntemps.<\/p>\n<p>Michael Goldman : fils de Jean-Jacques et directeur artistique<br \/>\nchez BMG<\/p>\n<p>Comme son patronyme l\u2019indique, Michael Goldman est le fils de<br \/>\nJean-Jacques Goldman. <strong>Taulier de la chanson fran\u00e7aise,<br \/>\nvoire francophone, aujourd&rsquo;hui ex-meneur des Enfoir\u00e9s et surtout<br \/>\ntroisi\u00e8me plus gros vendeurs de disques en France.<\/strong> Une<br \/>\nsommit\u00e9, quoi. Michael Goldman, lui, se dirige lentement mais<br \/>\ns\u00fbrement vers la musique, dans les traces de son paternel. Mais pas<br \/>\nsur le devant de la sc\u00e8ne, non, \u00e0 l\u2019ombre du showbiz plut\u00f4t\u2026<\/p>\n<p>De fait, \u00e0 l\u2019aube de l\u2019an 2000, il d\u00e9croche un stage chez BMG<br \/>\nFrance, label musical prestigieux. <strong>Il est pouss\u00e9 dans cette<br \/>\nvoie par tonton, Robert Goldman, autre ponte de l\u2019industrie<br \/>\ntricolore.<\/strong> Finalement, assez vite, l\u2019h\u00e9ritier Goldman est<br \/>\nnomm\u00e9 directeur artistique junior. Il aiguise ici son flair,<br \/>\nnotamment sur les go\u00fbts du grand public, les skills des<br \/>\nartistes et les rouages d\u2019un milieu impitoyable en vase clos.<br \/>\nGoldman, fils, prend ensuite son envol.<\/p>\n<p>Il cofonde My Major Company et devient le directeur phare de la<br \/>\nStar Ac<\/p>\n<p>Quelques ann\u00e9es apr\u00e8s, Michael Goldman s\u2019impose dans le milieu<br \/>\nen \u00e9tant l\u2019un des membres fondateurs de My Major Company.<br \/>\n<strong>Un maison de disque d\u2019un genre nouveau, \u00e0 l\u2019\u00e9poque,<br \/>\nmarchant sur le financement participatif.<\/strong> Ce qui implique<br \/>\nalors que les auditeurs misent \u00e9galement sur les artistes \u00e0<br \/>\nproduire. Le label r\u00e9v\u00e8le notamment <strong>Gr\u00e9goire<\/strong>,<br \/>\nchanteur connu pour son tube Toi+Moi, m\u00eame si pas mal<br \/>\ntomb\u00e9 aux oubliettes aujourd\u2019hui.<\/p>\n<p>2022, alors que TF1 reboote sa Star Academy, la prod\u2019<br \/>\nchoisit Michael Goldman comme directeur du c\u00e9l\u00e8bre ch\u00e2teau.<br \/>\n<strong>Ainsi, le d\u00e9nicheur de talent(s) appara\u00eet de plus en plus<br \/>\ndans la lumi\u00e8re.<\/strong> Et aux yeux du grand public. Ce dernier<br \/>\nadh\u00e8re totalement \u00e0 ce dirlo cool qu\u2019on croirait tout droit sorti<br \/>\nd\u2019une fiction de la premi\u00e8re cha\u00eene fa\u00e7on Demain nous<br \/>\nappartient. De plus, sa filiation, ressemblance m\u00eame, avec<br \/>\nJJG, son p\u00e8re, augmente sa sympathie.<\/p>\n<p>Michael Goldman, sa relation<br \/>\nprivil\u00e9gi\u00e9e avec sa prot\u00e9g\u00e9e Joyce Jonathan<\/p>\n<p><strong>Flashback : nous sommes en 2023 dans Un Dimanche \u00e0 la<br \/>\ncampagne.<\/strong> \u00c9mission familiale p\u00e9pouze diffus\u00e9e sur<br \/>\n<strong>France 2<\/strong> dans laquelle, comme l\u2019intitul\u00e9<br \/>\nl\u2019indique, des stars passent un week-end champ\u00eatre. En r\u00e9alit\u00e9, il<br \/>\ns\u2019agit d\u2019un programme promo en biais, cens\u00e9 montrer l\u2019intimit\u00e9 des<br \/>\nc\u00e9l\u00e9brit\u00e9s interview\u00e9es, voire leurs petits secrets. Lors d\u2019un<br \/>\nnum\u00e9ro, Joyce Jonathan, chanteuse, ex de <strong>Thomas<br \/>\nHollande<\/strong> a pass\u00e9 une t\u00eate. <strong>L&rsquo;artiste a surtout \u00e9t\u00e9<br \/>\nl\u2019une des premi\u00e8res r\u00e9v\u00e9lations de Michael Goldman et son label fin<br \/>\ndes ann\u00e9es 2000.<\/strong><\/p>\n<p>Au cours d\u2019Un Dimanche \u00e0 la campagne, Michael Goldman, toujours<br \/>\ntr\u00e8s proche de Joyce Jonathan, lui a laiss\u00e9 un <strong>message<br \/>\nvid\u00e9o<\/strong>. D\u00e9dicace tr\u00e8s sp\u00e9ciale que l&rsquo;interpr\u00e8te de \u00c7a<br \/>\nira a regard\u00e9 durant l\u2019\u00e9mission. \u201cJ&rsquo;ai d\u00e9couvert Joyce,<br \/>\nc&rsquo;\u00e9tait un b\u00e9b\u00e9. Elle devait avoir, je dirais 16 ans.\u201d,<br \/>\nexplique l\u2019actuel directeur de la Star Ac face cam\u00e9ra.<br \/>\n\u201c<strong>C&rsquo;\u00e9tait d\u00e9j\u00e0 une fille tr\u00e8s jolie, mais c&rsquo;\u00e9tait<br \/>\nsurtout une voix d&rsquo;une clart\u00e9, d&rsquo;une puret\u00e9 qui m&rsquo;avait vraiment<br \/>\ntouch\u00e9.<\/strong> Je l&rsquo;ai connue toute petite, je l&rsquo;ai vue \u00e9voluer,<br \/>\nje suis tr\u00e8s fier de son parcours, j&rsquo;aime toujours autant sa voix,<br \/>\nj&rsquo;aime sa personnalit\u00e9 et je lui souhaite tout le bonheur qu&rsquo;elle<br \/>\nm\u00e9rite.\u201d Une d\u00e9claration qui n\u2019est pas tomb\u00e9e dans l\u2019oreille<br \/>\nd\u2019un(e) sourd(e). Joyce Jonathan, \u00e9mue, d\u00e9taille ensuite : \u201c\u00c7a<br \/>\nme touche \u00e9norm\u00e9ment parce que Michael, c&rsquo;est quelqu&rsquo;un de tr\u00e8s<br \/>\npudique. Il m&rsquo;a vue na\u00eetre dans ce m\u00e9tier, c&rsquo;\u00e9tait le premier \u00e0<br \/>\ncroire en moi. Notre relation est tr\u00e8s belle et il m&rsquo;a apport\u00e9<br \/>\n\u00e9norm\u00e9ment.\u201d \u00c7a ira ?<\/p>\n","protected":false},"excerpt":{"rendered":"Dans la famille Goldman, je demande le fils : Michael. Ou comment l\u2019h\u00e9ritier de Jean-Jacques Goldman est devenu&hellip;\n","protected":false},"author":2,"featured_media":665392,"comment_status":"","ping_status":"","sticky":false,"template":"","format":"standard","meta":{"footnotes":""},"categories":[1355],"tags":[905,58,59,1011,27,17032,1361,873],"class_list":{"0":"post-665391","1":"post","2":"type-post","3":"status-publish","4":"format-standard","5":"has-post-thumbnail","7":"category-musique","8":"tag-a-la-une-melty","9":"tag-divertissement","10":"tag-entertainment","11":"tag-fr","12":"tag-france","13":"tag-joyce-jonathan","14":"tag-music","15":"tag-musique"},"share_on_mastodon":{"url":"https:\/\/pubeurope.com\/@fr\/115899323137853320","error":""},"_links":{"self":[{"href":"https:\/\/www.europesays.com\/fr\/wp-json\/wp\/v2\/posts\/665391","targetHints":{"allow":["GET"]}}],"collection":[{"href":"https:\/\/www.europesays.com\/fr\/wp-json\/wp\/v2\/posts"}],"about":[{"href":"https:\/\/www.europesays.com\/fr\/wp-json\/wp\/v2\/types\/post"}],"author":[{"embeddable":true,"href":"https:\/\/www.europesays.com\/fr\/wp-json\/wp\/v2\/users\/2"}],"replies":[{"embeddable":true,"href":"https:\/\/www.europesays.com\/fr\/wp-json\/wp\/v2\/comments?post=665391"}],"version-history":[{"count":0,"href":"https:\/\/www.europesays.com\/fr\/wp-json\/wp\/v2\/posts\/665391\/revisions"}],"wp:featuredmedia":[{"embeddable":true,"href":"https:\/\/www.europesays.com\/fr\/wp-json\/wp\/v2\/media\/665392"}],"wp:attachment":[{"href":"https:\/\/www.europesays.com\/fr\/wp-json\/wp\/v2\/media?parent=665391"}],"wp:term":[{"taxonomy":"category","embeddable":true,"href":"https:\/\/www.europesays.com\/fr\/wp-json\/wp\/v2\/categories?post=665391"},{"taxonomy":"post_tag","embeddable":true,"href":"https:\/\/www.europesays.com\/fr\/wp-json\/wp\/v2\/tags?post=665391"}],"curies":[{"name":"wp","href":"https:\/\/api.w.org\/{rel}","templated":true}]}}